{"id":81466,"date":"2025-12-20T23:04:21","date_gmt":"2025-12-20T23:04:21","guid":{"rendered":"https:\/\/www.europesays.com\/lv\/81466\/"},"modified":"2025-12-20T23:04:21","modified_gmt":"2025-12-20T23:04:21","slug":"brunojuma-piegades-ukrainai-pec-asv-politikas-mainas-nav-sarukusas-raksts","status":"publish","type":"post","link":"https:\/\/www.europesays.com\/lv\/81466\/","title":{"rendered":"Bru\u0146ojuma pieg\u0101des Ukrainai p\u0113c ASV politikas mai\u0146as nav saruku\u0161as \/ Raksts"},"content":{"rendered":"<p>Bru\u0146ojuma pieg\u0101des Ukrainai p\u0113c ASV prezidenta Donalda Trampa l\u0113muma aptur\u0113t tie\u0161os d\u0101vin\u0101jumus nav saruku\u0161as, sac\u012bja NATO Ukrainas misijas (NSATU) komandiera vietnieks \u0123ener\u0101lmajors Maiks Kellers.<\/p>\n<p>P\u0113c Trampa st\u0101\u0161an\u0101s amat\u0101 janv\u0101r\u012b Va\u0161ingtonas administr\u0101cija Ukrainai iero\u010dus tikai p\u0101rdevusi vai ar\u012b pieg\u0101d\u0101jusi Baidena administr\u0101cijas pilnvarotos iero\u010du d\u0101vin\u0101jumus.<\/p>\n<blockquote>\n<p>No rudens saska\u0146\u0101 ar ASV un sabiedroto izstr\u0101d\u0101to meh\u0101nismu, ko d\u0113v\u0113 par Priorit\u0101ro Ukrainas pras\u012bbu sarakstu (PURL), Ukrainai tika pieg\u0101d\u0101ti iero\u010di no ASV kr\u0101jumiem, izmantojot NATO valstu l\u012bdzek\u013cus.\u00a0<\/p>\n<\/blockquote>\n<p>Uz jaut\u0101jumu, vai kop\u0161 laika, kad Tramps aptur\u0113jis iero\u010du d\u0101vin\u0101jumus Ukrainai, milit\u0101ro pieg\u0101\u017eu apjoms ir sarucis, Kellers atbild\u0113ja noraido\u0161i.<\/p>\n<p>&#8220;Nebija nek\u0101das pauzes. T\u0101s vienk\u0101r\u0161i turpin\u0101j\u0101s, un nav t\u0101, ka ASV tie\u0161i gaida, kam\u0113r par to tiks samaks\u0101ts. Tikl\u012bdz tiek pazi\u0146ots par vienu [PURL] paketi, tiek s\u0101kta materi\u0101lu pl\u016bsma,&#8221; vi\u0146\u0161 sac\u012bja zi\u0146u a\u0123ent\u016brai &#8220;Reuters&#8221;.\u00a0<\/p>\n<p>&#8220;M\u0113s konstat\u0113j\u0101m, ka daudzas Eiropas valstis faktiski sniedz ieguld\u012bjumu finans\u0113jum\u0101,&#8221; nor\u0101d\u012bja Kellers.\u00a0<\/p>\n<blockquote>\n<p>&#8220;Ukraina sp\u0113j notur\u0113t frontes l\u012bniju, iesp\u0113ju robe\u017e\u0101s aizsarg\u0101t debesis. Un tas liecina, ka mums bija labs atbalsts, bet, protams, vienm\u0113r var b\u016bt vair\u0101k,&#8221; sac\u012bja \u0123ener\u0101lmajors.\u00a0<\/p>\n<\/blockquote>\n<p>Liel\u0101k\u0101 da\u013ca milit\u0101r\u0101s pal\u012bdz\u012bbas pa\u0161laik tiek pieg\u0101d\u0101ta caur centru Polijas pils\u0113t\u0101 \u017de\u0161ov\u0101, ta\u010du Kellers sac\u012bja, ka l\u012bdz janv\u0101ra beig\u0101m NATO pak\u013caut\u012bb\u0101 non\u0101ks otrs lo\u0123istikas centrs Rum\u0101nij\u0101.<\/p>\n<p>                    Valodas k\u013c\u016bda rakst\u0101?<\/p>\n<p class=\"d-none d-md-block\">Iez\u012bm\u0113jiet tekstu un spiediet Ctrl+Enter, lai nos\u016bt\u012btu labojamo teksta fragmentu redaktoram! Par faktu k\u013c\u016bd\u0101m l\u016bdzam zi\u0146ot e-past\u0101 <a href=\"https:\/\/www.lsm.lv\/cdn-cgi\/l\/email-protection\" class=\"__cf_email__\" data-cfemail=\"92e0f7f6f3f9f1fbf8f3d2fee1ffbcfee4\" rel=\"nofollow noopener\" target=\"_blank\">[email\u00a0protected]<\/a>.<\/p>\n<p class=\"d-md-none\">Iez\u012bm\u0113jiet tekstu un spiediet uz Zi\u0146ot par k\u013c\u016bdu pogas, lai nos\u016bt\u012btu labojamo teksta fragmentu redaktoram!<\/p>\n<p>\n                    Zi\u0146ot par k\u013c\u016bdu\n                <\/p>\n","protected":false},"excerpt":{"rendered":"Bru\u0146ojuma pieg\u0101des Ukrainai p\u0113c ASV prezidenta Donalda Trampa l\u0113muma aptur\u0113t tie\u0161os d\u0101vin\u0101jumus nav saruku\u0161as, sac\u012bja NATO Ukrainas misijas&hellip;\n","protected":false},"author":2,"featured_media":81467,"comment_status":"","ping_status":"","sticky":false,"template":"","format":"standard","meta":{"footnotes":""},"categories":[14],"tags":[23,57,28,29,32,33,22,30,31,35,39,38,36,37,34,40,20,26,27,24,25,54,55,56,21,58],"class_list":{"0":"post-81466","1":"post","2":"type-post","3":"status-publish","4":"format-standard","5":"has-post-thumbnail","7":"category-zinas-no-arvalstim","8":"tag-aktualitates","9":"tag-arvalstim","10":"tag-breaking-news","11":"tag-breakingnews","12":"tag-featured-news","13":"tag-featurednews","14":"tag-headlines","15":"tag-latest-news","16":"tag-latestnews","17":"tag-latvia","18":"tag-latvian","19":"tag-latviesu","20":"tag-latviesu-valoda","21":"tag-latviesuvaloda","22":"tag-latvija","23":"tag-lv","24":"tag-news","25":"tag-popularakas-zinas","26":"tag-popularakaszinas","27":"tag-top-stories","28":"tag-topstories","29":"tag-world","30":"tag-world-news","31":"tag-worldnews","32":"tag-zinas","33":"tag-zinas-no-arvalstim"},"share_on_mastodon":{"url":"https:\/\/pubeurope.com\/@lv\/115754399470015000","error":""},"_links":{"self":[{"href":"https:\/\/www.europesays.com\/lv\/wp-json\/wp\/v2\/posts\/81466","targetHints":{"allow":["GET"]}}],"collection":[{"href":"https:\/\/www.europesays.com\/lv\/wp-json\/wp\/v2\/posts"}],"about":[{"href":"https:\/\/www.europesays.com\/lv\/wp-json\/wp\/v2\/types\/post"}],"author":[{"embeddable":true,"href":"https:\/\/www.europesays.com\/lv\/wp-json\/wp\/v2\/users\/2"}],"replies":[{"embeddable":true,"href":"https:\/\/www.europesays.com\/lv\/wp-json\/wp\/v2\/comments?post=81466"}],"version-history":[{"count":0,"href":"https:\/\/www.europesays.com\/lv\/wp-json\/wp\/v2\/posts\/81466\/revisions"}],"wp:featuredmedia":[{"embeddable":true,"href":"https:\/\/www.europesays.com\/lv\/wp-json\/wp\/v2\/media\/81467"}],"wp:attachment":[{"href":"https:\/\/www.europesays.com\/lv\/wp-json\/wp\/v2\/media?parent=81466"}],"wp:term":[{"taxonomy":"category","embeddable":true,"href":"https:\/\/www.europesays.com\/lv\/wp-json\/wp\/v2\/categories?post=81466"},{"taxonomy":"post_tag","embeddable":true,"href":"https:\/\/www.europesays.com\/lv\/wp-json\/wp\/v2\/tags?post=81466"}],"curies":[{"name":"wp","href":"https:\/\/api.w.org\/{rel}","templated":true}]}}