{"id":81472,"date":"2025-12-20T23:16:18","date_gmt":"2025-12-20T23:16:18","guid":{"rendered":"https:\/\/www.europesays.com\/lv\/81472\/"},"modified":"2025-12-20T23:16:18","modified_gmt":"2025-12-20T23:16:18","slug":"sokolade-pret-novecosanu-diena","status":"publish","type":"post","link":"https:\/\/www.europesays.com\/lv\/81472\/","title":{"rendered":"\u0160okol\u0101de pret noveco\u0161anu \/ Diena"},"content":{"rendered":"<p>K\u0101 zin\u0101ms, biolo\u0123iskais vecums ir r\u0101d\u012bt\u0101js, kas demonstr\u0113, cik daudz boj\u0101jumu laika gait\u0101 ir uzkr\u0101ju\u0161ies cilv\u0113ka \u0161\u016bn\u0101s. P\u0113tnieki v\u0113l nesp\u0113j izskaidrot, k\u0101 tie\u0161i teobrom\u012bns, kas nesaldin\u0101tai \u0161okol\u0101dei pie\u0161\u0137ir r\u016bgtenu gar\u0161u, iedarbojas uz cilv\u0113ka organismu, tom\u0113r vi\u0146i nov\u0113roju\u0161i, ka visliel\u0101ko efektu sniedz \u0161okol\u0101de ar augstu kakao saturu.<\/p>\n<p>&#13;<br \/>\n&#13;<\/p>\n<p>\u00abM\u0113s nesak\u0101m, ka cilv\u0113kiem vajadz\u0113tu vair\u0101k \u0113st tum\u0161o \u0161okol\u0101di,\u00bb \u017eurn\u0101lam\u00a0Aging\u00a0sac\u012bja p\u0113t\u012bjuma autore D\u017eordana Bela no Londonas Karalisk\u0101s koled\u017eas, \u00abbet \u0161is p\u0113t\u012bjums var pal\u012bdz\u0113t mums saprast, k\u0101 ikdienas p\u0101rtika var b\u016bt ce\u013c\u0161 uz vesel\u012bg\u0101ku un ilg\u0101ku dz\u012bvi.\u00bb Vi\u0146a atg\u0101dina, ka pat tum\u0161aj\u0101 \u0161okol\u0101d\u0113 var b\u016bt augsts tauku un cukura saturs, kas noz\u012bm\u0113, ka to vajadz\u0113tu \u0113st m\u0113reni, k\u0101 da\u013cu no sabalans\u0113ta uztura.<\/p>\n<p>&#13;<br \/>\n&#13;<\/p>\n<p>\u00a0<\/p>\n<p>&#13;<\/p>\n","protected":false},"excerpt":{"rendered":"K\u0101 zin\u0101ms, biolo\u0123iskais vecums ir r\u0101d\u012bt\u0101js, kas demonstr\u0113, cik daudz boj\u0101jumu laika gait\u0101 ir uzkr\u0101ju\u0161ies cilv\u0113ka \u0161\u016bn\u0101s. P\u0113tnieki&hellip;\n","protected":false},"author":2,"featured_media":81473,"comment_status":"","ping_status":"","sticky":false,"template":"","format":"standard","meta":{"footnotes":""},"categories":[14],"tags":[23,57,28,29,32,33,22,30,31,35,39,38,36,37,34,40,20,26,27,24,25,54,55,56,21,58],"class_list":{"0":"post-81472","1":"post","2":"type-post","3":"status-publish","4":"format-standard","5":"has-post-thumbnail","7":"category-zinas-no-arvalstim","8":"tag-aktualitates","9":"tag-arvalstim","10":"tag-breaking-news","11":"tag-breakingnews","12":"tag-featured-news","13":"tag-featurednews","14":"tag-headlines","15":"tag-latest-news","16":"tag-latestnews","17":"tag-latvia","18":"tag-latvian","19":"tag-latviesu","20":"tag-latviesu-valoda","21":"tag-latviesuvaloda","22":"tag-latvija","23":"tag-lv","24":"tag-news","25":"tag-popularakas-zinas","26":"tag-popularakaszinas","27":"tag-top-stories","28":"tag-topstories","29":"tag-world","30":"tag-world-news","31":"tag-worldnews","32":"tag-zinas","33":"tag-zinas-no-arvalstim"},"share_on_mastodon":{"url":"https:\/\/pubeurope.com\/@lv\/115754446569158333","error":""},"_links":{"self":[{"href":"https:\/\/www.europesays.com\/lv\/wp-json\/wp\/v2\/posts\/81472","targetHints":{"allow":["GET"]}}],"collection":[{"href":"https:\/\/www.europesays.com\/lv\/wp-json\/wp\/v2\/posts"}],"about":[{"href":"https:\/\/www.europesays.com\/lv\/wp-json\/wp\/v2\/types\/post"}],"author":[{"embeddable":true,"href":"https:\/\/www.europesays.com\/lv\/wp-json\/wp\/v2\/users\/2"}],"replies":[{"embeddable":true,"href":"https:\/\/www.europesays.com\/lv\/wp-json\/wp\/v2\/comments?post=81472"}],"version-history":[{"count":0,"href":"https:\/\/www.europesays.com\/lv\/wp-json\/wp\/v2\/posts\/81472\/revisions"}],"wp:featuredmedia":[{"embeddable":true,"href":"https:\/\/www.europesays.com\/lv\/wp-json\/wp\/v2\/media\/81473"}],"wp:attachment":[{"href":"https:\/\/www.europesays.com\/lv\/wp-json\/wp\/v2\/media?parent=81472"}],"wp:term":[{"taxonomy":"category","embeddable":true,"href":"https:\/\/www.europesays.com\/lv\/wp-json\/wp\/v2\/categories?post=81472"},{"taxonomy":"post_tag","embeddable":true,"href":"https:\/\/www.europesays.com\/lv\/wp-json\/wp\/v2\/tags?post=81472"}],"curies":[{"name":"wp","href":"https:\/\/api.w.org\/{rel}","templated":true}]}}