{"id":81474,"date":"2025-12-20T23:31:08","date_gmt":"2025-12-20T23:31:08","guid":{"rendered":"https:\/\/www.europesays.com\/lv\/81474\/"},"modified":"2025-12-20T23:31:08","modified_gmt":"2025-12-20T23:31:08","slug":"eirovizijas-skandalists-joost-klein-nakamgad-sniegs-jaudigu-koncertu-rigas-palladium-lente-lv","status":"publish","type":"post","link":"https:\/\/www.europesays.com\/lv\/81474\/","title":{"rendered":"Eirov\u012bzijas \u00abskand\u0101lists\u00bb Joost Klein n\u0101kamgad sniegs jaud\u012bgu koncertu R\u012bgas \u00abPalladium\u00bb\u00a0\u2014\u00a0Lente.lv"},"content":{"rendered":"<p>Pasaules t\u016bre apst\u0101sies Latvij\u0101<\/p>\n<p>N\u012bderlandie\u0161u multim\u0101kslinieks un \u0161armantais Eirov\u012bzijas dziesmu konkursa dal\u012bbnieks Joost Klein, kur\u0161 savulaik izrais\u012bja pla\u0161u rezonansi ar savu uzst\u0101\u0161anos un sekojo\u0161o diskvalifik\u0101ciju, apstiprin\u0101jis savu iera\u0161anos Latvij\u0101 2026. gad\u0101. K\u0101 inform\u0113 port\u0101ls NRA, m\u0101kslinieks 18. j\u016bnij\u0101 sniegs koncertu R\u012bgas koncertz\u0101l\u0113 \u00abPalladium\u00bb k\u0101 da\u013ca no pl\u0101not\u0101s pasaules t\u016bres, kas sekos p\u0113c virknes jau tagad izp\u0101rdotiem \u0161oviem Eiropas un ASV galvaspils\u0113t\u0101s. \u0160is koncerts sola b\u016bt spilgts notikums Baltijas m\u016bzikas dz\u012bv\u0113, iez\u012bm\u0113jot Kleina karjeras turpm\u0101ko att\u012bst\u012bbu p\u0113c starptautisk\u0101 debija.<\/p>\n<p>Joost Klein, zin\u0101ms ar\u012b k\u0101 JOOST, ir m\u0101kslinieks, kura rado\u0161ais rokraksts ir tikpat neparedzams un ener\u0123isks k\u0101 vi\u0146a person\u012bba. Vi\u0146a m\u016bzik\u0101 spilgti savijas mainstream popa elementi ar happy hardcore un pankroka ietekmi, radot unik\u0101lu, pacil\u0101jo\u0161u un reiz\u0113 nians\u0113tu skan\u0113jumu.<\/p>\n<p>No YouTube l\u012bdz Eirov\u012bzijas favor\u012btam<\/p>\n<p>Ce\u013c\u0161 uz atpaz\u012bstam\u012bbu Joostam Kleinam s\u0101k\u0101s nevis tradicion\u0101laj\u0101s m\u016bzikas aprind\u0101s, bet gan tie\u0161saist\u0113. Vi\u0146\u0161 ieguva auditoriju k\u0101 satura veidot\u0101js ar pseidon\u012bmu EenhoornJoost, public\u0113jot da\u017e\u0101dus video \u2013 no \u012bsiem, absurdiem ske\u010diem l\u012bdz dokument\u0101liem materi\u0101liem, kuros atkl\u0101ja ar\u012b priv\u0101t\u0101s dz\u012bves notikumus. 2016. gad\u0101 tika izdots vi\u0146a debijas EP \u00abDakloos\u00bb, kas iez\u012bm\u0113ja p\u0101reju uz pilna laika karjeru m\u016bzik\u0101.<\/p>\n<p>Pagrieziena punkts vi\u0146a m\u016bzikas karjer\u0101 iest\u0101j\u0101s 2023. gad\u0101 ar singlu \u00abFriesenjung\u00bb, kas rad\u012bts sadarb\u012bb\u0101 ar v\u0101cu reperi Ski Aggu. Tom\u0113r visliel\u0101ko starptautisko atpaz\u012bstam\u012bbu vi\u0146\u0161 guva ar dziesmu \u00abEuropapa\u00bb, ar kuru p\u0101rst\u0101v\u0113ja N\u012bderlandi Eirov\u012bzijas dziesmu konkurs\u0101.<\/p>\n<p>Eirov\u012bzijas diskvalifik\u0101cijas \u0113na un atgrie\u0161an\u0101s<\/p>\n<p>J\u0101atz\u012bm\u0113, ka Joost Klein bija viens no konkursa favor\u012btiem, ta\u010du vi\u0146a dal\u012bba nosl\u0113dz\u0101s ar negaid\u012btu diskvalifik\u0101ciju p\u0113c incidenta ar Eirov\u012bzijas r\u012bkot\u0101ju komandas locekli. \u0160is notikums, kas ietv\u0113ra baumas par fizisku konfront\u0101ciju un draudo\u0161u \u017eestu, rad\u012bja pla\u0161u rezonansi un vil\u0161anos fanu vid\u016b, kuri vi\u0146a dziesmu uzskat\u012bja par izteikti pozit\u012bvu un uzvar\u0113t\u0101ju potenci\u0101lu.<\/p>\n<p>K\u0101 v\u0113l\u0101k atkl\u0101j\u0101s, Zviedrijas prokurat\u016bra izbeidza krimin\u0101lvaj\u0101\u0161anu pret m\u0101kslinieku, jo pietr\u016bka pier\u0101d\u012bjumu. Neskatoties uz \u0161o sare\u017e\u0123\u012bto periodu, Joost Klein atkl\u0101ti dal\u012bjies ar saviem p\u0101rdz\u012bvojumiem, tostarp vec\u0101ku zaud\u0113jumu un c\u012b\u0146u ar ment\u0101l\u0101s vesel\u012bbas izaicin\u0101jumiem, p\u0101rv\u0113r\u0161ot t\u0101s pacil\u0101jo\u0161\u0101 m\u0101ksl\u0101. Lai gan vi\u0146am tika pied\u0101v\u0101ts iesp\u0113ja atgriezties Eirov\u012bzij\u0101, m\u0101kslinieks no t\u0101s atteic\u0101s, nor\u0101dot, ka nepiecie\u0161ams laiks atkop\u0161an\u0101s procesam.<\/p>\n<p>Artista izaugsme un sadarb\u012bbas<\/p>\n<p>Joost Klein jau ir nostiprin\u0101jis savu poz\u012bciju k\u0101 viens no Eiropas novatorisk\u0101kajiem un ener\u0123isk\u0101kajiem skatuves m\u0101ksliniekiem. Vi\u0146a sp\u0113ja apvienot da\u017e\u0101dus \u017eanrus un st\u0101st\u012bt par sare\u017e\u0123\u012bt\u0101m t\u0113m\u0101m viegl\u0101 un pieejam\u0101 veid\u0101 ir atzin\u012bgi nov\u0113rt\u0113ta.<\/p>\n<p>Vi\u0146a starptautiskais profils tika papildin\u0101ts ar sadarb\u012bb\u0101m ar citiem spilgtiem \u0101rzemju m\u0101ksliniekiem, piem\u0113ram, somu K\u00e4\u00e4rij\u00e4, igau\u0146u Tommy Cash un kan\u0101die\u0161u bbno$. Pasaules t\u016bre 2026. gad\u0101 iez\u012bm\u0113 noz\u012bm\u012bgu sasniegumu \u2013 Joost Klein k\u013c\u016bs par pirmo holandie\u0161u valod\u0101 dziesmas izpild\u012bt\u0101ju, kur\u0161 uzst\u0101sies presti\u017eaj\u0101 Coachella festiv\u0101l\u0101 ASV.<\/p>\n<p>Koncerta gaidas R\u012bg\u0101<\/p>\n<p>Koncertz\u0101l\u0113 \u00abPalladium R\u012bga\u00bb Joost Klein sola sniegt vizu\u0101li iespaid\u012bgu un emocion\u0101li pies\u0101tin\u0101tu priek\u0161nesumu, kas atspogu\u013cos vi\u0146a rado\u0161\u0101 ce\u013ca da\u017e\u0101d\u012bbu. Koncerta organizatori nor\u0101da, ka \u0161ovs b\u016bs pilnv\u0113rt\u012bga m\u0101kslinieciska pieredze, kur\u0101 m\u016bzika, vizu\u0101lie elementi un emocijas sapl\u016bst vien\u0101 nepieradin\u0101m\u0101 kadr\u0101.<\/p>\n<p>Bi\u013ce\u0161u tirdzniec\u012bba s\u0101ksies 19. decembr\u012b pulksten 10.00 \u00abBi\u013ce\u0161u Serviss\u00bb t\u012bkl\u0101. Tom\u0113r \u00abPositivus festiv\u0101la\u00bb un \u00abFBI koncertu kluba\u00bb biedriem tiks pied\u0101v\u0101ta iesp\u0113ja ieg\u0101d\u0101ties bi\u013cetes iepriek\u0161p\u0101rdo\u0161an\u0101 jau no 18. decembra, izmantojot speci\u0101lu kodu. Koncerta apmekl\u0113t\u0101jiem nav noteikts vecuma ierobe\u017eojums, ta\u010du, k\u0101 ierasts, j\u0101r\u016bp\u0113jas par b\u0113rnu pavad\u012b\u0161anu atbilsto\u0161i Latvijas likumdo\u0161anai p\u0113c plkst. 22.00.<\/p>\n","protected":false},"excerpt":{"rendered":"Pasaules t\u016bre apst\u0101sies Latvij\u0101 N\u012bderlandie\u0161u multim\u0101kslinieks un \u0161armantais Eirov\u012bzijas dziesmu konkursa dal\u012bbnieks Joost Klein, kur\u0161 savulaik izrais\u012bja pla\u0161u&hellip;\n","protected":false},"author":2,"featured_media":81475,"comment_status":"","ping_status":"","sticky":false,"template":"","format":"standard","meta":{"footnotes":""},"categories":[19],"tags":[492,89,90,20511,35,39,38,36,37,34,40,1337,20512,9929],"class_list":{"0":"post-81474","1":"post","2":"type-post","3":"status-publish","4":"format-standard","5":"has-post-thumbnail","7":"category-izklaide","8":"tag-eirovizija","9":"tag-entertainment","10":"tag-izklaide","11":"tag-joost-klein","12":"tag-latvia","13":"tag-latvian","14":"tag-latviesu","15":"tag-latviesu-valoda","16":"tag-latviesuvaloda","17":"tag-latvija","18":"tag-lv","19":"tag-palladium","20":"tag-pasaules-ture-2026","21":"tag-riga-koncerts"},"share_on_mastodon":{"url":"https:\/\/pubeurope.com\/@lv\/115754505529128285","error":""},"_links":{"self":[{"href":"https:\/\/www.europesays.com\/lv\/wp-json\/wp\/v2\/posts\/81474","targetHints":{"allow":["GET"]}}],"collection":[{"href":"https:\/\/www.europesays.com\/lv\/wp-json\/wp\/v2\/posts"}],"about":[{"href":"https:\/\/www.europesays.com\/lv\/wp-json\/wp\/v2\/types\/post"}],"author":[{"embeddable":true,"href":"https:\/\/www.europesays.com\/lv\/wp-json\/wp\/v2\/users\/2"}],"replies":[{"embeddable":true,"href":"https:\/\/www.europesays.com\/lv\/wp-json\/wp\/v2\/comments?post=81474"}],"version-history":[{"count":0,"href":"https:\/\/www.europesays.com\/lv\/wp-json\/wp\/v2\/posts\/81474\/revisions"}],"wp:featuredmedia":[{"embeddable":true,"href":"https:\/\/www.europesays.com\/lv\/wp-json\/wp\/v2\/media\/81475"}],"wp:attachment":[{"href":"https:\/\/www.europesays.com\/lv\/wp-json\/wp\/v2\/media?parent=81474"}],"wp:term":[{"taxonomy":"category","embeddable":true,"href":"https:\/\/www.europesays.com\/lv\/wp-json\/wp\/v2\/categories?post=81474"},{"taxonomy":"post_tag","embeddable":true,"href":"https:\/\/www.europesays.com\/lv\/wp-json\/wp\/v2\/tags?post=81474"}],"curies":[{"name":"wp","href":"https:\/\/api.w.org\/{rel}","templated":true}]}}