{"id":81490,"date":"2025-12-21T00:14:09","date_gmt":"2025-12-21T00:14:09","guid":{"rendered":"https:\/\/www.europesays.com\/lv\/81490\/"},"modified":"2025-12-21T00:14:09","modified_gmt":"2025-12-21T00:14:09","slug":"cehs-jans-zabistrans-negaiditi-triumfe-super-g-atstajot-odermatu-aiz-goda-pjedestala-lente-lv","status":"publish","type":"post","link":"https:\/\/www.europesays.com\/lv\/81490\/","title":{"rendered":"\u010cehs Jans Zabistrans negaid\u012bti triumf\u0113 Super-G, atst\u0101jot Odermatu aiz goda pjedest\u0101la\u00a0\u2014\u00a0Lente.lv"},"content":{"rendered":"<p>Neparedzams Pan\u0101kums It\u0101lijas Sniegos<\/p>\n<p>Kalnu sl\u0113po\u0161anas Pasaules kausa posms Valgarden\u0101, It\u0101lij\u0101, \u0161ogad sag\u0101d\u0101jis patiesu sens\u0101ciju. Sacens\u012bbu dien\u0101, 20. decembr\u012b, uzvaras laurus pl\u016bcis \u010cehijas p\u0101rst\u0101vis Jans Zabistrans, kur\u0161 sp\u0113ja p\u0101rsp\u0113t visus konkurentus, ieskaitot \u0161obr\u012bd le\u0123end\u0101ro statusu ieguvu\u0161o \u0161veicieti Marko Odermatu. \u0160is pan\u0101kums \u010dehu sportistam ir \u012bpa\u0161i noz\u012bm\u012bgs, jo t\u0101 ir vi\u0146a pirm\u0101 uzvara un pirm\u0101 goda vieta karjer\u0101 Pasaules kausa izc\u012b\u0146\u0101.<\/p>\n<p>Zabistrans \u0161oreiz domin\u0113ja Super-G discipl\u012bn\u0101, tras\u0113, kas tradicion\u0101li lab\u0101k piem\u0113rota \u0101truma meistar\u012bbu demonstr\u0113jo\u0161iem sportistiem. Uzvara ir tik p\u0101rsteidzo\u0161a, ka t\u0101 uzreiz iek\u013cuvusi starp sezonas spilgt\u0101kajiem notikumiem. Lai gan kontekst\u0101 min\u0113ts, ka sportists bija \u0101tr\u0101kais supergigant\u0101, kas kalnu sl\u0113po\u0161an\u0101 ir dinamiska discipl\u012bna, kur\u0101 apvienojas nobrauciena \u0101trums un l\u012bkumu ve\u0161ana k\u0101 slaloma, \u0161is pan\u0101kums iez\u012bm\u0113 jaunu pav\u0113rsiena punktu vi\u0146a karjer\u0101.<\/p>\n<p>Odermata negaid\u012bt\u0101 Iztik\u0161ana Bez Uzvaras<\/p>\n<p>Galvenais st\u0101sta varonis \u0161aj\u0101 ned\u0113\u013cas nogal\u0113 bija Marko Odermats, kur\u0161 Valgardenas trases (Saslong Classic Club Gardena) kalpoja k\u0101 sp\u0113c\u012bga pretest\u012bba. Odermats \u0161osezon demonstr\u0113 izcilu sniegumu un nesen svin\u0113ja savu 50. uzvaru Pasaules kaus\u0101 nobraucien\u0101 18. decembr\u012b. Tiek uzskat\u012bts, ka \u0161odienas sacens\u012bb\u0101s, kur\u0101s Odermats ierindoj\u0101s otraj\u0101 viet\u0101 aiz Zabistransa, vi\u0146\u0161 sask\u0101r\u0101s ar \u012bpa\u0161i s\u012bvu pretest\u012bbu vai ar\u012b vi\u0146a optim\u0101lais sniegums tika mazin\u0101ts, iesp\u0113jams, nelabv\u0113l\u012bgu trases apst\u0101k\u013cu vai sliedes izmai\u0146u d\u0113\u013c, kas bie\u017ei notiek sacens\u012bbu gait\u0101.<\/p>\n<p>Kalnu sl\u0113po\u0161anas Pasaules kaus\u0101 punktu sist\u0113ma ir stingra: uzvar\u0113t\u0101js sa\u0146em 100 punktus, otrais \u2013 80, bet tre\u0161ais \u2013 60. Katrs ieskaites punkts ir svar\u012bgs, lai c\u012bn\u012btos par Lielo krist\u0101la globusu sezonas nosl\u0113gum\u0101. Lai gan Odermats \u0161oreiz otro vietu ieguva, \u0161\u0101da rezult\u0101ta izn\u0101kums \u013cauj citiem vado\u0161ajiem sportistiem samazin\u0101t atstarpi kopv\u0113rt\u0113jum\u0101.<\/p>\n<p>Zabistransa Karjeras Izr\u0101viens<\/p>\n<p>Jans Zabistrans, kur\u0161 iepriek\u0161 nav guvis individu\u0101las uzvaras, pier\u0101d\u012bja, ka sp\u0113j iztur\u0113t milzu spiedienu uz vienas no Pasaules kausa sare\u017e\u0123\u012bt\u0101kaj\u0101m tras\u0113m. Super-G, kas notika 20. decembr\u012b, ir discipl\u012bna, kas prasa gan tehnisko precizit\u0101ti, gan sp\u0113ju sasniegt lielu \u0101trumu, p\u0101rvarot 839 metru vertik\u0101lo kritumu no starta augstuma 2249 metri.<\/p>\n<p>\u0160\u0101ds pan\u0101kums parasti iez\u012bm\u0113 sportista p\u0101reju no ambicioza jaun\u0101 talanta uz stabilu Pasaules kausa dal\u012bbnieku. Lai gan pla\u0161\u0101ka inform\u0101cija par vi\u0146a iepriek\u0161\u0113jiem rezult\u0101tiem nav tik detaliz\u0113ta, pirm\u0101 uzvara tie\u0161i p\u0101r Odermatu dod \u010dehu sportistam iev\u0113rojamu psiholo\u0123isko stimulu turpm\u0101kajiem startiem, \u012bpa\u0161i v\u0113l gaid\u0101maj\u0101s discipl\u012bn\u0101s, piem\u0113ram, milzu slalom\u0101 un nobraucien\u0101.<\/p>\n<p>Latvijas Interese un Visp\u0101r\u0113jais Konteksts<\/p>\n<p>Kam\u0113r pasaules uzman\u012bba piev\u0113rsta \u0161im sensacion\u0101lajam notikumam, Latvijas kalnu sl\u0113po\u0161anas sabiedr\u012bba seko l\u012bdzi savu sportistu gait\u0101m. Lai gan \u0161is Pasaules kausa posms nav bijis domin\u0113jo\u0161s latvie\u0161iem, sabiedr\u012bb\u0101 past\u0101v interese par rezult\u0101tiem pirms n\u0101kamajiem lielajiem notikumiem. Piem\u0113ram, D\u017eenifera \u0122\u0113rmane, m\u016bsu vado\u0161\u0101 kalnu sl\u0113pot\u0101ja, decembr\u012b p\u0101rtrauca dal\u012bbu p\u0113c ce\u013cgalu oper\u0101cijas, kas Latvijas izlasei rada zaud\u0113jumu \u0161aj\u0101 posm\u0101.<\/p>\n<p>Pasaules kauss kalnu sl\u0113po\u0161an\u0101 ir viena no presti\u017e\u0101kaj\u0101m sacens\u012bb\u0101m, kas vienm\u0113r notiek p\u0113c stingri noteiktas programmas. Valgardenas posms, kas tradicion\u0101li ietver gan nobraucienu, gan Super-G, ir \u012bpa\u0161i svar\u012bgs, jo tas notiek pirms gada galvenajiem sv\u0113tkiem un bie\u017ei vien iez\u012bm\u0113 sezonas vidusposmu.<\/p>\n<p>N\u0101kamie So\u013ci Pasaules Kauss<\/p>\n<p>\u0160is Valgardenas rezult\u0101ts atst\u0101j b\u016btisku nospiedumu uz Pasaules kausa kopv\u0113rt\u0113jumu. Zabistrans, sa\u0146emot 100 punktus, iev\u0113rojami uzlabos savu poz\u012bciju. Odermats, ar 80 punktiem, joproj\u0101m saglab\u0101s l\u012bdera lomu, ta\u010du atstatums starp vi\u0146u un tuv\u0101kajiem sekot\u0101jiem var\u0113tu k\u013c\u016bt maz\u0101ks. Sekot\u0101jiem, kuri \u0161odien varb\u016bt pak\u0101p\u0101s uz goda pjedest\u0101la, b\u016bs iesp\u0113ja g\u016bt svar\u012bgus punktus, lai uztur\u0113tu intrigu c\u012b\u0146\u0101 par mazajiem krist\u0101la globusiem konkr\u0113t\u0101s discipl\u012bn\u0101s.<\/p>\n<p>Kalnu sl\u0113po\u0161anas sezona turpin\u0101sies ar n\u0101kamajiem posmiem, kur sportisti c\u012bn\u012bsies gan \u0101truma, gan tehniskaj\u0101s discipl\u012bn\u0101s. \u0160is \u010dehijas sportista triumfs atg\u0101dina, ka Pasaules kaus\u0101 nekad nevar prognoz\u0113t visu, un tie\u0161i \u0161\u012b sv\u0113tku laika priek\u0161vakar\u0101 sporta pasaule piedz\u012bvo \u0161\u0101das negaid\u012btas uzvaras, kas dod jaunu elpu visai discipl\u012bnai.<\/p>\n","protected":false},"excerpt":{"rendered":"Neparedzams Pan\u0101kums It\u0101lijas Sniegos Kalnu sl\u0113po\u0161anas Pasaules kausa posms Valgarden\u0101, It\u0101lij\u0101, \u0161ogad sag\u0101d\u0101jis patiesu sens\u0101ciju. Sacens\u012bbu dien\u0101, 20.&hellip;\n","protected":false},"author":2,"featured_media":81491,"comment_status":"","ping_status":"","sticky":false,"template":"","format":"standard","meta":{"footnotes":""},"categories":[17],"tags":[20520,7613,35,39,38,36,37,34,40,20011,2560,67,20521],"class_list":{"0":"post-81490","1":"post","2":"type-post","3":"status-publish","4":"format-standard","5":"has-post-thumbnail","7":"category-sports","8":"tag-jans-zabistrans","9":"tag-kalnu-sleposana","10":"tag-latvia","11":"tag-latvian","12":"tag-latviesu","13":"tag-latviesu-valoda","14":"tag-latviesuvaloda","15":"tag-latvija","16":"tag-lv","17":"tag-marko-odermats","18":"tag-pasaules-kauss","19":"tag-sports","20":"tag-super-g-valgardena"},"share_on_mastodon":{"url":"https:\/\/pubeurope.com\/@lv\/115754674651404519","error":""},"_links":{"self":[{"href":"https:\/\/www.europesays.com\/lv\/wp-json\/wp\/v2\/posts\/81490","targetHints":{"allow":["GET"]}}],"collection":[{"href":"https:\/\/www.europesays.com\/lv\/wp-json\/wp\/v2\/posts"}],"about":[{"href":"https:\/\/www.europesays.com\/lv\/wp-json\/wp\/v2\/types\/post"}],"author":[{"embeddable":true,"href":"https:\/\/www.europesays.com\/lv\/wp-json\/wp\/v2\/users\/2"}],"replies":[{"embeddable":true,"href":"https:\/\/www.europesays.com\/lv\/wp-json\/wp\/v2\/comments?post=81490"}],"version-history":[{"count":0,"href":"https:\/\/www.europesays.com\/lv\/wp-json\/wp\/v2\/posts\/81490\/revisions"}],"wp:featuredmedia":[{"embeddable":true,"href":"https:\/\/www.europesays.com\/lv\/wp-json\/wp\/v2\/media\/81491"}],"wp:attachment":[{"href":"https:\/\/www.europesays.com\/lv\/wp-json\/wp\/v2\/media?parent=81490"}],"wp:term":[{"taxonomy":"category","embeddable":true,"href":"https:\/\/www.europesays.com\/lv\/wp-json\/wp\/v2\/categories?post=81490"},{"taxonomy":"post_tag","embeddable":true,"href":"https:\/\/www.europesays.com\/lv\/wp-json\/wp\/v2\/tags?post=81490"}],"curies":[{"name":"wp","href":"https:\/\/api.w.org\/{rel}","templated":true}]}}