{"id":81500,"date":"2025-12-21T00:35:12","date_gmt":"2025-12-21T00:35:12","guid":{"rendered":"https:\/\/www.europesays.com\/lv\/81500\/"},"modified":"2025-12-21T00:35:12","modified_gmt":"2025-12-21T00:35:12","slug":"rigas-dome-atlaiz-pilsetas-attistibas-departamenta-direktori-purmali-saistiba-ar-skanstes-parka-buvniecibas-problemam-lente-lv","status":"publish","type":"post","link":"https:\/\/www.europesays.com\/lv\/81500\/","title":{"rendered":"R\u012bgas dome atlai\u017e Pils\u0113tas att\u012bst\u012bbas departamenta direktori Purmali saist\u012bb\u0101 ar Skanstes parka b\u016bvniec\u012bbas probl\u0113m\u0101m\u00a0\u2014\u00a0Lente.lv"},"content":{"rendered":"<p>R\u012bgas domes l\u0113mums: Pils\u0113tas att\u012bst\u012bbas departamenta direktore Ilze Purmale atbr\u012bvota no amata<\/p>\n<p>K\u0101 inform\u0113 Latvijas Sabiedriskie Mediji, R\u012bgas dome ir pie\u0146\u0113musi radik\u0101lu l\u0113mumu par Pils\u0113tas att\u012bst\u012bbas departamenta direktor\u0117s Ilzes Purmales atbr\u012bvo\u0161anu no amata. \u0160\u0101ds likten\u012bgs solis sperts, rea\u0123\u0113jot uz nopietn\u0101m probl\u0113m\u0101m un atkl\u0101tajiem p\u0101rk\u0101pumiem saist\u012bb\u0101 ar v\u0113rien\u012bgo Skanstes parka revitaliz\u0101cijas projektu. L\u0113mums tika pie\u0146emts domes \u0101rk\u0101rtas s\u0113d\u0113 2025. gada 17. decembr\u012b, un tas st\u0101j\u0101s sp\u0113k\u0101 nekav\u0113joties, pamatojoties uz Darba likuma norm\u0101m, kas paredz darbinieka atlai\u0161anu, ja vi\u0146\u0161, pildot dienesta pien\u0101kumus, r\u012bkojies prettiesiski un zaud\u0113jis darba dev\u0113ja uztic\u012bbu. \u0160is notikums ir k\u0101 tum\u0161s plankums uz R\u012bgas pils\u0113tb\u016bvniec\u012bbas v\u0113stures lap\u0101m, izraisot pla\u0161as diskusijas un neizpratni par pie\u0146emto l\u0113mumu atbild\u012bbu.<\/p>\n<p>Skanstes parka projekta \u0113nas puse: Pies\u0101r\u0146ot\u0101 grunts un ignor\u0113tie br\u012bdin\u0101jumi<\/p>\n<p>Izmekl\u0113\u0161anas rezult\u0101ti un dienesta p\u0101rbaudes atkl\u0101ja satrauco\u0161u ainu par Skanstes parka \u012bsteno\u0161anas gaitu. Galven\u0101 probl\u0113ma, kas noveda pie \u0161\u012b dramatisk\u0101 l\u0113muma, ir saist\u012bta ar nolaid\u012bgu attieksmi pret pies\u0101r\u0146ot\u0101s grunts savlaic\u012bgu att\u012br\u012b\u0161anu un adekv\u0101tu utiliz\u0101ciju. \u0160\u012b nolaid\u012bba rad\u012bja ne tikai vides riskus, bet ar\u012b papildu finansi\u0101lu slogu pa\u0161vald\u012bbai, k\u0101 ar\u012b aizsk\u0101ra tre\u0161o personu \u012bpa\u0161uma ties\u012bbas. K\u0101 atkl\u0101jies, jau projekta iepirkuma stadij\u0101 k\u0101ds no pretendentiem br\u012bdin\u0101ja par iesp\u0113jamu grunts s\u0113\u0161anos un probl\u0113m\u0101m d\u0113\u013c d\u016b\u0146ain\u0101s grunts, ja tiks izmantots s\u0101kotn\u0113ji pied\u0101v\u0101tais kanaliz\u0101cijas projekts. Tom\u0113r, diem\u017e\u0113l, \u0161ie br\u012bdin\u0101jumi tika ignor\u0113ti, un papildu ekspert\u012bze netika veikta. Pat vair\u0101k, k\u0101 liecina inform\u0101cija, departamenta direktore Purmale neesot las\u012bjusi iepirkuma dal\u012bbnieku ieteikumus vai jaut\u0101jumus, kas ir \u0161ok\u0113jo\u0161i un nepie\u0146emami, \u0146emot v\u0113r\u0101 publisk\u0101 projekta m\u0113r\u0137us un atbild\u012bbu pret sabiedr\u012bbu. Situ\u0101cija ir k\u0101 skaidrs piem\u0113rs tam, cik liela noz\u012bme ir r\u016bp\u012bgai uzraudz\u012bbai un atbild\u012bgai r\u012bc\u012bbai publisko projektu realiz\u0101cij\u0101.<\/p>\n<p>Atbild\u012bbas mekl\u0113jumi un departamenta direktore: Ilze Purmale ce\u013c\u0101 uz tiesu<\/p>\n<p>P\u0113c dienesta p\u0101rbaudes nosl\u0113g\u0161an\u0101s tika konstat\u0113ta ilgsto\u0161a, gandr\u012bz tr\u012bs gadus ilga, departamenta neatbilsto\u0161a r\u012bc\u012bba Skanstes revitaliz\u0101cijas projekta \u012bsteno\u0161an\u0101. Ilze Purmale, b\u016bdama departamenta vad\u012bt\u0101ja, nevar\u0113ja nezin\u0101t par \u0161\u012bm prettiesiskaj\u0101m darb\u012bb\u0101m un nolaid\u012bbu. Tas rad\u012bja jaut\u0101jumus par pie\u0146emto l\u0113mumu kvalit\u0101ti un pies\u0101r\u0146ot\u0101s grunts savlaic\u012bgu nenov\u0113r\u0161anu. Lai gan dienesta p\u0101rbaude ir nosl\u0113gusies un rosin\u0101ta disciplin\u0101rlieta, Ilze Purmale ir gatava apstr\u012bd\u0113t domes l\u0113mumu par atbr\u012bvo\u0161anu no amata. Vi\u0146a uzsver, ka gan vi\u0146a, gan departaments saglab\u0101 viedokli par profesion\u0101lu un likum\u012bgu r\u012bc\u012bbu, un ir gatava c\u012bn\u012bties par savu un departamenta reput\u0101ciju, k\u0101 ar\u012b par pa\u0161vald\u012bbas finansi\u0101lo intere\u0161u aizst\u0101v\u012bbu. Purmales advok\u0101ti uzsver, ka at\u0161\u0137iras vi\u0146as nost\u0101ja no disciplin\u0101rlietas izmekl\u0113\u0161anas komisijas viedok\u013ca, un jaut\u0101jums par taisn\u012bgumu, visticam\u0101k, tiks iz\u0161\u0137irts ties\u0101. \u0160\u012b situ\u0101cija ir k\u0101 b\u0113d\u012bgs atg\u0101din\u0101jums par to, ka atbild\u012bbai ir j\u0101b\u016bt un ka nolaid\u012bba un nedom\u0101\u0161ana publiskajos projektos var novest pie \u013coti nopietn\u0101m sek\u0101m.<\/p>\n<p>Skanstes parka projekts: V\u0113rien\u012bgums, izmaksas un aizkav\u0113\u0161an\u0101s<\/p>\n<p>Skanstes parka projekts, kas tika atkl\u0101ts 2025. gada maij\u0101, ir viens no v\u0113rien\u012bg\u0101kajiem pils\u0113tvides att\u012bst\u012bbas projektiem R\u012bg\u0101, aptverot 15 hekt\u0101ru plat\u012bbu ar daudzfunkcion\u0101lu parku, jaun\u0101m iel\u0101m un labiek\u0101rtot\u0101m teritorij\u0101m. Projekta pirm\u0101 k\u0101rta tika \u012bstenota ar Eiropas fondu, valsts bud\u017eeta un pa\u0161vald\u012bbas l\u012bdzfinans\u0113jumu, sasniedzot kop\u0113j\u0101s izmaksas 21,7 miljonus eiro. Tom\u0113r projekta \u012bsteno\u0161ana iev\u0113rojami ieilga un sad\u0101rdzin\u0101j\u0101s. S\u0101kotn\u0113jais b\u016bvdarbu l\u012bgums tika nosl\u0113gts 2020. gad\u0101, ta\u010du jau agr\u012bn\u0101 stadij\u0101 rad\u0101s probl\u0113mas ar neatbilsto\u0161u grunts st\u0101vokli, kas lika aptur\u0113t b\u016bvdarbus un rad\u012bja nepiecie\u0161am\u012bbu p\u0113c papildu finans\u0113juma, kas tagad tiek l\u0113sts ap 9,3 miljoniem eiro. \u0160obr\u012bd Skanstes park\u0101 ir norobe\u017eota b\u0113rnu rota\u013cu laukuma teritorija un ieeja taj\u0101 ir aizliegta, kam\u0113r tiek veiktas papildu anal\u012bzes, lai p\u0101rliecin\u0101tos par pies\u0101r\u0146ojuma izplat\u012bbu. \u0160is gad\u012bjums liek aizdom\u0101ties par sist\u0113miskiem tr\u016bkumiem publisko iepirkumu un projektu vad\u012bb\u0101, k\u0101 ar\u012b par nepiecie\u0161am\u012bbu pastiprin\u0101t uzraudz\u012bbu un atbild\u012bbu.<\/p>\n","protected":false},"excerpt":{"rendered":"R\u012bgas domes l\u0113mums: Pils\u0113tas att\u012bst\u012bbas departamenta direktore Ilze Purmale atbr\u012bvota no amata K\u0101 inform\u0113 Latvijas Sabiedriskie Mediji, R\u012bgas&hellip;\n","protected":false},"author":2,"featured_media":81501,"comment_status":"","ping_status":"","sticky":false,"template":"","format":"standard","meta":{"footnotes":""},"categories":[12],"tags":[23,28,29,32,33,22,16000,30,31,35,39,38,36,37,34,40,20527,20,20428,26,27,687,20526,24,25,21],"class_list":{"0":"post-81500","1":"post","2":"type-post","3":"status-publish","4":"format-standard","5":"has-post-thumbnail","7":"category-latvija","8":"tag-aktualitates","9":"tag-breaking-news","10":"tag-breakingnews","11":"tag-featured-news","12":"tag-featurednews","13":"tag-headlines","14":"tag-ilze-purmale","15":"tag-latest-news","16":"tag-latestnews","17":"tag-latvia","18":"tag-latvian","19":"tag-latviesu","20":"tag-latviesu-valoda","21":"tag-latviesuvaloda","22":"tag-latvija","23":"tag-lv","24":"tag-nelikumiga-riciba","25":"tag-news","26":"tag-pilsetas-attistibas-departaments","27":"tag-popularakas-zinas","28":"tag-popularakaszinas","29":"tag-rigas-dome","30":"tag-skanstes-parks","31":"tag-top-stories","32":"tag-topstories","33":"tag-zinas"},"share_on_mastodon":{"url":"https:\/\/pubeurope.com\/@lv\/115754757226197551","error":""},"_links":{"self":[{"href":"https:\/\/www.europesays.com\/lv\/wp-json\/wp\/v2\/posts\/81500","targetHints":{"allow":["GET"]}}],"collection":[{"href":"https:\/\/www.europesays.com\/lv\/wp-json\/wp\/v2\/posts"}],"about":[{"href":"https:\/\/www.europesays.com\/lv\/wp-json\/wp\/v2\/types\/post"}],"author":[{"embeddable":true,"href":"https:\/\/www.europesays.com\/lv\/wp-json\/wp\/v2\/users\/2"}],"replies":[{"embeddable":true,"href":"https:\/\/www.europesays.com\/lv\/wp-json\/wp\/v2\/comments?post=81500"}],"version-history":[{"count":0,"href":"https:\/\/www.europesays.com\/lv\/wp-json\/wp\/v2\/posts\/81500\/revisions"}],"wp:featuredmedia":[{"embeddable":true,"href":"https:\/\/www.europesays.com\/lv\/wp-json\/wp\/v2\/media\/81501"}],"wp:attachment":[{"href":"https:\/\/www.europesays.com\/lv\/wp-json\/wp\/v2\/media?parent=81500"}],"wp:term":[{"taxonomy":"category","embeddable":true,"href":"https:\/\/www.europesays.com\/lv\/wp-json\/wp\/v2\/categories?post=81500"},{"taxonomy":"post_tag","embeddable":true,"href":"https:\/\/www.europesays.com\/lv\/wp-json\/wp\/v2\/tags?post=81500"}],"curies":[{"name":"wp","href":"https:\/\/api.w.org\/{rel}","templated":true}]}}