{"id":81508,"date":"2025-12-21T00:49:10","date_gmt":"2025-12-21T00:49:10","guid":{"rendered":"https:\/\/www.europesays.com\/lv\/81508\/"},"modified":"2025-12-21T00:49:10","modified_gmt":"2025-12-21T00:49:10","slug":"dailes-teatri-sagaidita-ziemassvetku-koncerta-peksni-gaisma-pirmizrade-folklora-satiek-musdienu-energiju-lente-lv","status":"publish","type":"post","link":"https:\/\/www.europesays.com\/lv\/81508\/","title":{"rendered":"Dailes te\u0101tr\u012b sagaid\u012bta Ziemassv\u0113tku koncerta &#8220;P\u0113k\u0161\u0146i gaism\u0101&#8221; pirmizr\u0101de: Folklora satiek m\u016bsdienu ener\u0123iju\u00a0\u2014\u00a0Lente.lv"},"content":{"rendered":"<p>Skat\u012bt\u0101ji pulc\u0113jas Dailes te\u0101tr\u012b uz \u012bpa\u0161u sv\u0113tku notikumu<\/p>\n<p>19. decembr\u012b, sv\u0113tku noska\u0146\u0101m kars\u0113jot, Dailes te\u0101tra Liel\u0101 z\u0101le v\u0113ra durvis skat\u012bt\u0101jiem uz ilgi gaid\u012bt\u0101s Ziemassv\u0113tku koncertprogrammas &#8220;P\u0113k\u0161\u0146i gaism\u0101&#8221; pirmizr\u0101di. K\u0101 inform\u0113 port\u0101ls jauns.lv, \u0161is pas\u0101kums kalpoja k\u0101 emocion\u0101ls tilts starp senaj\u0101m latvie\u0161u trad\u012bcij\u0101m un m\u016bsdienu sv\u0113tku saj\u016bt\u0101m, pulc\u0113jot kult\u016bras baud\u012bt\u0101jus \u012bpa\u0161\u0101 kop\u012bbas mirkl\u012b. Koncerta pirmizr\u0101de ir notikusi, un, sprie\u017eot p\u0113c s\u0101kotn\u0113j\u0101s rezonanses, t\u0101 bija noz\u012bm\u012bgs notikums p\u0113d\u0113j\u0101s gada dienas R\u012bgas kult\u016bras dz\u012bv\u0113.<\/p>\n<p>Koncerta koncepcija: Dailes 10. studija un &#8220;Sudden Lights&#8221;<\/p>\n<p>Koncertuzveduma centr\u0101 atrodas Dailes te\u0101tra 10. studijas jaunie aktieri sadarb\u012bb\u0101 ar taut\u0101 iem\u012b\u013coto alternat\u012bv\u0101 roka grupu &#8220;Sudden Lights&#8221;. Grupas dal\u012bbnieki \u2013 K\u0101rlis V\u0101rti\u0146\u0161, M\u0101rti\u0146\u0161 Mat\u012bss Zem\u012btis, Andrejs Reinis Zitmanis un K\u0101rlis Mat\u012bss Zitmanis \u2013 piedal\u012bj\u0101s, lai kop\u012bgi ar jaunajiem talantiem atkl\u0101tu, ko vi\u0146iem personiski noz\u012bm\u0113 Ziemassv\u0113tki un k\u0101 kop\u012bgi sasniegt to neatk\u0101rtojamo, balto un silto sv\u0113tku noska\u0146u. \u0160is apvienojums sola unik\u0101lu skan\u0113jumu, kur\u0101 sapl\u016bst gan sen\u0101s latvie\u0161u tautasdziesmas, gan grupas &#8220;Sudden Lights&#8221; m\u016bsdien\u012bg\u0101s kompoz\u012bcijas.<\/p>\n<p>Rado\u0161\u0101 komanda aiz \u0161\u012b projekta ir iev\u0113rojama: re\u017eisora loma uztic\u0113ta J\u0101nim Znoti\u0146am, dramatur\u0123ijas darbu veica Ance Mui\u017eniece, savuk\u0101rt scenogr\u0101fiju un kost\u012bmus izstr\u0101d\u0101ja modes m\u0101ksliniece Pamela But\u0101ne. Muzik\u0101lais vad\u012bt\u0101js bija Juris Vaivods, bet horeogr\u0101fijas veido\u0161an\u0101 iesaist\u012bta Liene Grava, k\u0101 ar\u012b gaismu m\u0101ksliniece. \u0160\u0101ds talantu kopums nor\u0101da uz m\u0113\u0123in\u0101jumu rad\u012bt vizu\u0101li un muzik\u0101li pies\u0101tin\u0101tu piedz\u012bvojumu.<\/p>\n<p>Ce\u013cojums cauri trad\u012bcij\u0101m un m\u016bsdien\u0101m<\/p>\n<p>Galven\u0101 ideja, k\u0101 atz\u012bts, bija apl\u016bkot latvie\u0161u Ziemassv\u0113tku trad\u012bcijas cauri laikiem. Projekts cent\u0101s sav\u012bt sen\u010du zin\u0101\u0161anas un para\u017eas ar katra dal\u012bbnieka un, cerams, ar\u012b skat\u012bt\u0101ja, person\u012bgo pieredzi un j\u016bt\u0101m. Tiek akcent\u0113ts, ka \u0161is koncerts pied\u0101v\u0101 iesp\u0113ju apst\u0101ties no ikdienas steigas, p\u0101rdom\u0101t svar\u012bgus sv\u0113tku mirk\u013cus un g\u016bt jaunu iedvesmu. Viens no skat\u012bt\u0101ju atsauksmju autoriem atz\u012bm\u0113ja, ka pas\u0101kums rais\u012bjis p\u0101rdomas par b\u0113rn\u012bbas atmi\u0146\u0101m un sv\u0113tku dzi\u013c\u0101ko noz\u012bmi, ko pastiprin\u0101jis tie\u0161i &#8220;Sudden Lights&#8221; muzik\u0101lais sniegums, pie\u0161\u0137irot st\u0101stam dzi\u013cumu un emocion\u0101lu noska\u0146u.<\/p>\n<p>Apmekl\u0113t\u0101ju interese un izr\u0101\u017eu grafiks<\/p>\n<p>Pirmizr\u0101de notika 19. decembr\u012b, un bi\u013ce\u0161u p\u0101rdo\u0161anas dati liecina par lielu interesi, jo daudzas izr\u0101des, kas sekoja uzreiz p\u0113c pirmizr\u0101des, jau bija atz\u012bm\u0113tas k\u0101 izp\u0101rdotas. Papildkoncerti, piem\u0113ram, sestdienas p\u0113cpusdien\u0101, tika r\u012bkoti tie\u0161i, lai apmierin\u0101tu piepras\u012bjumu. Koncerta kop\u0113jais ilgums ir noteikts k\u0101 2 stundas un 45 min\u016btes, sadal\u012bts div\u0101s da\u013c\u0101s, un tas rekomend\u0113ts skat\u012bt\u0101jiem no 10 gadu vecuma.<\/p>\n<p>Lai gan s\u0101kotn\u0113jos pl\u0101nos var\u0113ja par\u0101d\u012bties inform\u0101cija par iesp\u0113jamu atcel\u0161anu vai zemu interesi, 19. decembra pirmizr\u0101des notikums un bi\u013ce\u0161u pieejam\u012bba apstiprina, ka \u0161is sv\u0113tku pas\u0101kums tom\u0113r piesaist\u012bjis gaid\u012bto publiku. Koncerta s\u0113rija paredz\u0113ta vismaz l\u012bdz 30. decembrim Dailes te\u0101tra Lielaj\u0101 z\u0101l\u0113, nodro\u0161inot sv\u0113tku kult\u016bras baud\u012bjumu r\u012bdziniekiem un viesiem visas Ziemassv\u0113tku un Vecgada ned\u0113\u013cas garum\u0101.<\/p>\n<p>Pla\u0161\u0101ks kult\u016bras pied\u0101v\u0101jums sv\u0113tku laik\u0101<\/p>\n<p>Dailes te\u0101tra Ziemassv\u0113tku koncerts &#8220;P\u0113k\u0161\u0146i gaism\u0101&#8221; ir tikai viens no spilgtajiem notikumiem, kas \u0161aj\u0101 decembr\u012b notiek Latvijas kult\u016bras telp\u0101. Sv\u0113tku laiks te\u0101tros un koncertz\u0101l\u0113s trad\u012bcij\u0101m bag\u0101ts, un \u0161\u012b gada pied\u0101v\u0101jums demonstr\u0113 tendenci apvienot m\u016b\u017e\u012bg\u0101s v\u0113rt\u012bbas ar m\u016bsdienu m\u0101kslinieku interpret\u0101cij\u0101m. Kam\u0113r da\u017ei te\u0101tri pied\u0101v\u0101ja iedzi\u013cin\u0101\u0161anos ant\u012bkaj\u0101 dramatur\u0123ij\u0101, Dailes te\u0101tris izv\u0113l\u0113j\u0101s tie\u0161i muzik\u0101lu un ener\u0123isku sv\u0113tku saj\u016btas rad\u012b\u0161anu, kas, \u0161\u0137iet, lieliski rezon\u0113 ar publikas v\u0113lmi p\u0113c pozit\u012bv\u0101m un kop\u012bg\u0101m emocij\u0101m pirms gada nogales.<\/p>\n","protected":false},"excerpt":{"rendered":"Skat\u012bt\u0101ji pulc\u0113jas Dailes te\u0101tr\u012b uz \u012bpa\u0161u sv\u0113tku notikumu 19. decembr\u012b, sv\u0113tku noska\u0146\u0101m kars\u0113jot, Dailes te\u0101tra Liel\u0101 z\u0101le v\u0113ra&hellip;\n","protected":false},"author":2,"featured_media":81509,"comment_status":"","ping_status":"","sticky":false,"template":"","format":"standard","meta":{"footnotes":""},"categories":[19],"tags":[454,89,90,35,39,38,2843,36,37,34,40,17412,6325,6414],"class_list":{"0":"post-81508","1":"post","2":"type-post","3":"status-publish","4":"format-standard","5":"has-post-thumbnail","7":"category-izklaide","8":"tag-dailes-teatris","9":"tag-entertainment","10":"tag-izklaide","11":"tag-latvia","12":"tag-latvian","13":"tag-latviesu","14":"tag-latviesu-tradicijas","15":"tag-latviesu-valoda","16":"tag-latviesuvaloda","17":"tag-latvija","18":"tag-lv","19":"tag-peksni-gaisma","20":"tag-sudden-lights","21":"tag-ziemassvetku-koncerts"},"share_on_mastodon":{"url":"https:\/\/pubeurope.com\/@lv\/115754812263838534","error":""},"_links":{"self":[{"href":"https:\/\/www.europesays.com\/lv\/wp-json\/wp\/v2\/posts\/81508","targetHints":{"allow":["GET"]}}],"collection":[{"href":"https:\/\/www.europesays.com\/lv\/wp-json\/wp\/v2\/posts"}],"about":[{"href":"https:\/\/www.europesays.com\/lv\/wp-json\/wp\/v2\/types\/post"}],"author":[{"embeddable":true,"href":"https:\/\/www.europesays.com\/lv\/wp-json\/wp\/v2\/users\/2"}],"replies":[{"embeddable":true,"href":"https:\/\/www.europesays.com\/lv\/wp-json\/wp\/v2\/comments?post=81508"}],"version-history":[{"count":0,"href":"https:\/\/www.europesays.com\/lv\/wp-json\/wp\/v2\/posts\/81508\/revisions"}],"wp:featuredmedia":[{"embeddable":true,"href":"https:\/\/www.europesays.com\/lv\/wp-json\/wp\/v2\/media\/81509"}],"wp:attachment":[{"href":"https:\/\/www.europesays.com\/lv\/wp-json\/wp\/v2\/media?parent=81508"}],"wp:term":[{"taxonomy":"category","embeddable":true,"href":"https:\/\/www.europesays.com\/lv\/wp-json\/wp\/v2\/categories?post=81508"},{"taxonomy":"post_tag","embeddable":true,"href":"https:\/\/www.europesays.com\/lv\/wp-json\/wp\/v2\/tags?post=81508"}],"curies":[{"name":"wp","href":"https:\/\/api.w.org\/{rel}","templated":true}]}}