{"id":81521,"date":"2025-12-21T03:46:23","date_gmt":"2025-12-21T03:46:23","guid":{"rendered":"https:\/\/www.europesays.com\/lv\/81521\/"},"modified":"2025-12-21T03:46:23","modified_gmt":"2025-12-21T03:46:23","slug":"ko-tas-nozime-krievijas-konteksta-lente-lv","status":"publish","type":"post","link":"https:\/\/www.europesays.com\/lv\/81521\/","title":{"rendered":"Ko tas noz\u012bm\u0113 Krievijas kontekst\u0101?\u00a0\u2014\u00a0Lente.lv"},"content":{"rendered":"<p>Diplom\u0101tiskais pav\u0113rsiens: Silt\u0101 sagaid\u012b\u0161ana Minsk\u0101<\/p>\n<p>P\u0113d\u0113j\u0101s dien\u0101s pasaules politikas uzman\u012bbu piesaist\u012bjis negaid\u012bts diplom\u0101tisko attiec\u012bbu uzsil\u0161anas vilnis starp Baltkrieviju un Savienotaj\u0101m Valst\u012bm. K\u0101 zi\u0146o telekan\u0101ls TV3, Minsk\u0101 tika sagaid\u012bts Donalda Trampa \u012bpa\u0161ais s\u016btnis, un gaisotne abu valstu sarun\u0101s raksturota k\u0101 nepiespiesta. \u0160is pav\u0113rsiens iez\u012bm\u0113jis nopietnas izmai\u0146as Rietumu politik\u0101 pret Baltkrieviju, kas ilgsto\u0161i bija izol\u0113ta Aleksandra Luka\u0161enko re\u017e\u012bma d\u0113\u013c.<\/p>\n<p>\u0160is diplom\u0101tiskais solis nav noticis izol\u0101cij\u0101. Tas sekoja p\u0113c sarun\u0101m starp ASV \u012bpa\u0161o s\u016btni D\u017eonu Kolu un Luka\u0161enko Minskas rezidenc\u0113 12. un 13. decembr\u012b. Anal\u012bti\u0137i \u0161os notikumus v\u0113rt\u0113 k\u0101 iesp\u0113jamu m\u0113\u0123in\u0101jumu pak\u0101peniski atbr\u012bvot Luka\u0161enko no Krievijas ietekmes, izmantojot Baltkrieviju k\u0101 potenci\u0101lu sazi\u0146as kan\u0101lu ar Maskavu Ukrainas konflikta jaut\u0101jumos.<\/p>\n<p>\u0136\u012blnieku atbr\u012bvo\u0161ana k\u0101 diplom\u0101tijas instruments<\/p>\n<p>Tie\u0161i p\u0113c s\u016bt\u0146a viz\u012btes sekoja noz\u012bm\u012bgs solis cilv\u0113kties\u012bbu jom\u0101: Baltkrievija atbr\u012bvoja iev\u0113rojamu skaitu politieslodz\u012bto. \u0160aj\u0101 grup\u0101 bija ar\u012b paz\u012bstami opoz\u012bcijas akt\u012bvisti, piem\u0113ram, Nobela miera pr\u0113mijas laure\u0101ts Ales Bialiatskis un 2020. gada prezidenta v\u0113l\u0113\u0161anu kandid\u0101ts Viktors Babariko, k\u0101 ar\u012b viena Latvijas pilsone, kura jau atgriezusies Latvij\u0101. Atbr\u012bvotie, tostarp 123 cilv\u0113ki, tika izraid\u012bti no valsts, daudzi no vi\u0146iem nekav\u0113joties non\u0101ca Ukrain\u0101, bie\u017ei vien bez personu apliecino\u0161iem dokumentiem.<\/p>\n<blockquote><p>P\u0113tnieki nor\u0101da, ka \u0161is masveida ap\u017e\u0113lo\u0161anas akts nav tikai hum\u0101ns \u017eests, bet tie\u0161s rezult\u0101ts Va\u0161ingtonas un Minskas nosl\u0113gtajam \u201clielajam dar\u012bjumam\u201d, kur\u0101 pret ieslodz\u012bto atbr\u012bvo\u0161anu tiek pied\u0101v\u0101tas b\u016btiskas ekonomisk\u0101s atlaides.<\/p><\/blockquote>\n<p>Sankciju m\u012bkstin\u0101\u0161ana: K\u0101lija nozares atspaids<\/p>\n<p>Diplom\u0101tisk\u0101s mijiedarb\u012bbas otra noz\u012bm\u012bg\u0101k\u0101 da\u013ca ir sankciju re\u017e\u012bma atvieglo\u0161ana. ASV pazi\u0146oja par sankciju atcel\u0161anu vai m\u012bkstin\u0101\u0161anu Baltkrievijas k\u0101lija nozarei. K\u0101lija miner\u0101lm\u0113sli ir viens no valsts ekonomikas st\u016brakme\u0146iem, un \u0161\u012bs sankcijas, kas tika ieviestas p\u0113c 2020. gada notikumiem, bija \u012bpa\u0161i s\u0101p\u012bgas viet\u0113jai ekonomikai. \u0160is solis tiek v\u0113rt\u0113ts k\u0101 svar\u012bgs ekonomiskais stimuls Minskai, kas var pal\u012bdz\u0113t tai mazin\u0101t ekonomisko atkar\u012bbu no Krievijas.<\/p>\n<p>Skaudr\u0101 rezonanse: Priek\u0161v\u0113stnesis gaid\u0101maj\u0101m p\u0101rmai\u0146\u0101m<\/p>\n<p>K\u0101 atz\u012bm\u0113 politikas koment\u0113t\u0101ji, \u0161\u012b tuvin\u0101\u0161an\u0101s ar ASV neb\u016bt nenoz\u012bm\u0113 uzlabojumus attiec\u012bb\u0101s ar Eiropas Savien\u012bbas valst\u012bm, tostarp Latviju. Da\u013ca ekspertu pau\u017e ba\u017eas, ka, atvieglojot sankcijas, Rietumi netie\u0161i var\u0113tu sp\u0113c\u012bn\u0101t Krievijas kara ma\u0161\u012bnu, jo Baltkrievija ir tuva Krievijas sabiedrot\u0101 Ukraina kara jaut\u0101jum\u0101.<\/p>\n<p>Savuk\u0101rt opoz\u012bcijas l\u012bdere Svjatlana Cihanouska br\u012bdina, ka Luka\u0161enko nav main\u012bjis savu politisko kursu. Anal\u012bti\u0137i uzsver, ka pa\u0161laik nov\u0113rot\u0101 atkusnis ASV un Baltkrievijas attiec\u012bb\u0101s ir krietni pragmatisks solis, kura ilgtermi\u0146a m\u0113r\u0137is ir p\u0101rvirz\u012bt Minsku no Maskavas piln\u012bgas ietekmes, ta\u010du t\u0101 sniedz atzin\u012bbu Luka\u0161enko re\u017e\u012bmam, kas rada ba\u017eas starp demokr\u0101tiskaj\u0101m sp\u0113kiem re\u0123ion\u0101.<\/p>\n","protected":false},"excerpt":{"rendered":"Diplom\u0101tiskais pav\u0113rsiens: Silt\u0101 sagaid\u012b\u0161ana Minsk\u0101 P\u0113d\u0113j\u0101s dien\u0101s pasaules politikas uzman\u012bbu piesaist\u012bjis negaid\u012bts diplom\u0101tisko attiec\u012bbu uzsil\u0161anas vilnis starp Baltkrieviju&hellip;\n","protected":false},"author":2,"featured_media":81522,"comment_status":"","ping_status":"","sticky":false,"template":"","format":"standard","meta":{"footnotes":""},"categories":[14],"tags":[23,57,20533,28,29,20536,32,33,22,20535,30,31,35,39,38,36,37,34,20534,40,20,26,27,20537,24,25,54,55,56,21,58],"class_list":{"0":"post-81521","1":"post","2":"type-post","3":"status-publish","4":"format-standard","5":"has-post-thumbnail","7":"category-zinas-no-arvalstim","8":"tag-aktualitates","9":"tag-arvalstim","10":"tag-asv-baltkrievija-attiecibas","11":"tag-breaking-news","12":"tag-breakingnews","13":"tag-dzons-kol","14":"tag-featured-news","15":"tag-featurednews","16":"tag-headlines","17":"tag-kalija-sankcijas","18":"tag-latest-news","19":"tag-latestnews","20":"tag-latvia","21":"tag-latvian","22":"tag-latviesu","23":"tag-latviesu-valoda","24":"tag-latviesuvaloda","25":"tag-latvija","26":"tag-lukasenko-politieslodzitie","27":"tag-lv","28":"tag-news","29":"tag-popularakas-zinas","30":"tag-popularakaszinas","31":"tag-rietumu-politika-baltkrievija","32":"tag-top-stories","33":"tag-topstories","34":"tag-world","35":"tag-world-news","36":"tag-worldnews","37":"tag-zinas","38":"tag-zinas-no-arvalstim"},"share_on_mastodon":{"url":"https:\/\/pubeurope.com\/@lv\/115755508237351540","error":""},"_links":{"self":[{"href":"https:\/\/www.europesays.com\/lv\/wp-json\/wp\/v2\/posts\/81521","targetHints":{"allow":["GET"]}}],"collection":[{"href":"https:\/\/www.europesays.com\/lv\/wp-json\/wp\/v2\/posts"}],"about":[{"href":"https:\/\/www.europesays.com\/lv\/wp-json\/wp\/v2\/types\/post"}],"author":[{"embeddable":true,"href":"https:\/\/www.europesays.com\/lv\/wp-json\/wp\/v2\/users\/2"}],"replies":[{"embeddable":true,"href":"https:\/\/www.europesays.com\/lv\/wp-json\/wp\/v2\/comments?post=81521"}],"version-history":[{"count":0,"href":"https:\/\/www.europesays.com\/lv\/wp-json\/wp\/v2\/posts\/81521\/revisions"}],"wp:featuredmedia":[{"embeddable":true,"href":"https:\/\/www.europesays.com\/lv\/wp-json\/wp\/v2\/media\/81522"}],"wp:attachment":[{"href":"https:\/\/www.europesays.com\/lv\/wp-json\/wp\/v2\/media?parent=81521"}],"wp:term":[{"taxonomy":"category","embeddable":true,"href":"https:\/\/www.europesays.com\/lv\/wp-json\/wp\/v2\/categories?post=81521"},{"taxonomy":"post_tag","embeddable":true,"href":"https:\/\/www.europesays.com\/lv\/wp-json\/wp\/v2\/tags?post=81521"}],"curies":[{"name":"wp","href":"https:\/\/api.w.org\/{rel}","templated":true}]}}