{"id":81529,"date":"2025-12-21T04:26:13","date_gmt":"2025-12-21T04:26:13","guid":{"rendered":"https:\/\/www.europesays.com\/lv\/81529\/"},"modified":"2025-12-21T04:26:13","modified_gmt":"2025-12-21T04:26:13","slug":"aiziesana-no-red-bull-ir-pasa-lemums-uzreiz-pec-verstapena-zaudeta-titula-lente-lv-2","status":"publish","type":"post","link":"https:\/\/www.europesays.com\/lv\/81529\/","title":{"rendered":"Aizie\u0161ana no \u00abRed Bull\u00bb ir pa\u0161a l\u0113mums uzreiz p\u0113c Verstapena zaud\u0113t\u0101 titula\u00a0\u2014\u00a0Lente.lv"},"content":{"rendered":"<p>Marko klied\u0113 baumas: Aizie\u0161ana nav piespiedu solis<\/p>\n<p>Gada beig\u0101s Formula 1 pasauli satricin\u0101jis pazi\u0146ojums par 82 gadus vec\u0101 Helmuta Marko aizie\u0161anu no padomnieka amata \u00abRed Bull\u00bb autosporta noda\u013c\u0101. P\u0113c uz\u0146\u0113muma ofici\u0101l\u0101 apstiprin\u0101juma par 20 gadu ilg\u0101 perioda nosl\u0113gumu, Marko pats izteicies, lai klied\u0113tu spekul\u0101cijas, uzsverot, ka \u0161is solis ir vi\u0146a pa\u0161a izv\u0113le, nevis rezult\u0101ts \u0101r\u0113jam spiedienam.<\/p>\n<p>Marko, kur\u0161 bijis viens no atsl\u0113gas t\u0113liem \u00abRed Bull\u00bb pan\u0101kumos, ieskaitot se\u0161us Konstruktoru un asto\u0146us Pilotu \u010dempiontitulus, sarun\u0101s ar medijiem atkl\u0101jis, ka l\u0113mumu pie\u0146\u0113mis uzreiz p\u0113c 2025. gada F1 sezonas nosl\u0113guma, kur\u0101 Makss Verstapens p\u0113d\u0113j\u0101 br\u012bd\u012b zaud\u0113ja \u010dempiona titulu Lando Norisam.<\/p>\n<p>Titula zaud\u0113jums k\u0101 katalizators<\/p>\n<p>Lai gan ofici\u0101lais \u00abRed Bull\u00bb pazi\u0146ojums min\u0113ja, ka \u0161is ir \u00abpareizais br\u012bdis iet\u00bb, Marko pats atkl\u0101jis, ka emocion\u0101lais trieciens p\u0113c sezonas nosl\u0113guma bija noz\u012bm\u012bgs faktors. Vi\u0146\u0161 atzinis, ka vi\u0146a dzi\u013c\u0101 iespaido\u0161an\u0101s par pasaules \u010dempion\u0101ta zaud\u0113jumu sezonas nosl\u0113gum\u0101 p\u0101rliecin\u0101ja vi\u0146u, ka tagad ir \u012bstais laiks, lai nosl\u0113gtu \u0161o ilgo un intens\u012bvo noda\u013cu.<\/p>\n<blockquote>\n<p>\u201eJa m\u0113s b\u016btu uzvar\u0113ju\u0161i titulu, tas b\u016btu labs br\u012bdis iet pensij\u0101. Tas, ka tas neizdev\u0101s, man bija tikpat labs arguments, lai beigtu,\u201d cit\u0113ts Marko.<\/p>\n<\/blockquote>\n<p>82 gadus vecais austrietis apstiprin\u0101jis, ka ticies ar \u00abRed Bull\u00bb izpilddirektoru Oliveru Mintzlafu un paudis savu v\u0113lmi atk\u0101pties. Lai gan s\u0101kotn\u0113ji pied\u0101v\u0101ta da\u013c\u0113ja vieno\u0161an\u0101s, Marko bijis neatlaid\u012bgs sav\u0101 l\u0113mum\u0101 par piln\u012bgu aizie\u0161anu no ikdienas darba.<\/p>\n<p>Mentora attiec\u012bbas ar Verstapenu<\/p>\n<p>Marko aizie\u0161ana rada lielus jaut\u0101jumus par Maksa Verstapena n\u0101kotni komand\u0101, \u0146emot v\u0113r\u0101, ka Marko bija vi\u0146a mentors kop\u0161 F1 karjeras s\u0101kuma. Verstapens Marku uztv\u0113ris k\u0101 otru t\u0113va fig\u016bru, un abi uztur\u0113ju\u0161i cie\u0161as profesion\u0101l\u0101s attiec\u012bbas.<\/p>\n<p>Aizie\u0161anas faktu Marko par pirmo past\u0101st\u012bjis tie\u0161i Verstapenam, kas rad\u012bjis zin\u0101mu emocion\u0101lu smagumu ab\u0101m pus\u0113m. Lai gan Verstapens komandai izteicis lojalit\u0101ti, Marko aizie\u0161ana iez\u012bm\u0113 b\u016btiskas p\u0101rmai\u0146as \u00abRed Bull\u00bb vad\u012bbas strukt\u016br\u0101, kas jau notikusi p\u0113c Kristiana Hornera aizie\u0161anas \u0161\u012b pa\u0161a gada vid\u016b.<\/p>\n<p>Jaun\u0101 \u201cRed Bull\u201d \u0113ra<\/p>\n<p>Marko atst\u0101j poz\u012bcijas laik\u0101, kad komandu vada jaun\u0101 vad\u012bba, tostarp Lor\u0101ns Mekj\u0113ss, kur\u0161 p\u0101r\u0146\u0113ma komandas vad\u012bt\u0101ja lomu. Vi\u0146a aizie\u0161ana tiek interpret\u0113ta k\u0101 p\u0113d\u0113j\u0101 pietura \u00abvec\u0101s skolas\u00bb \u00abRed Bull\u00bb vad\u012bbas atlau\u0161anai, kas raksturoj\u0101s ar tie\u0161umu, drosm\u012bgumu un agres\u012bvu jauno talantu att\u012bst\u012bbas programmu.<\/p>\n<p>Paredzams, ka Marko piln\u012bb\u0101 atk\u0101psies no tie\u0161ajiem pien\u0101kumiem, lai gan izskan\u0113jis, ka vi\u0146\u0161 var\u0113tu apmekl\u0113t \u201evienu vai divas\u201d sacens\u012bbas k\u0101 neitr\u0101ls v\u0113rot\u0101js. L\u012bdz\u0101s Markam komandu jau pametu\u0161i ar\u012b t\u0101di l\u012bderi k\u0101 Kristians Horners un tehniskais \u0123\u0113nijs Adri\u0101ns N\u016bvijs, t\u0101d\u0113j\u0101di iez\u012bm\u0113jot pla\u0161u paradigmas mai\u0146u pirms 2026. gada noteikumu ievie\u0161anas.<\/p>\n","protected":false},"excerpt":{"rendered":"Marko klied\u0113 baumas: Aizie\u0161ana nav piespiedu solis Gada beig\u0101s Formula 1 pasauli satricin\u0101jis pazi\u0146ojums par 82 gadus vec\u0101&hellip;\n","protected":false},"author":2,"featured_media":81530,"comment_status":"","ping_status":"","sticky":false,"template":"","format":"standard","meta":{"footnotes":""},"categories":[17],"tags":[20525,2467,20350,35,39,38,36,37,34,40,2358,20349,67],"class_list":{"0":"post-81529","1":"post","2":"type-post","3":"status-publish","4":"format-standard","5":"has-post-thumbnail","7":"category-sports","8":"tag-f1-aiziesana","9":"tag-formula-1","10":"tag-helmuts-marko","11":"tag-latvia","12":"tag-latvian","13":"tag-latviesu","14":"tag-latviesu-valoda","15":"tag-latviesuvaloda","16":"tag-latvija","17":"tag-lv","18":"tag-makss-verstapens","19":"tag-red-bull-f1","20":"tag-sports"},"share_on_mastodon":{"url":"https:\/\/pubeurope.com\/@lv\/115755665582246723","error":""},"_links":{"self":[{"href":"https:\/\/www.europesays.com\/lv\/wp-json\/wp\/v2\/posts\/81529","targetHints":{"allow":["GET"]}}],"collection":[{"href":"https:\/\/www.europesays.com\/lv\/wp-json\/wp\/v2\/posts"}],"about":[{"href":"https:\/\/www.europesays.com\/lv\/wp-json\/wp\/v2\/types\/post"}],"author":[{"embeddable":true,"href":"https:\/\/www.europesays.com\/lv\/wp-json\/wp\/v2\/users\/2"}],"replies":[{"embeddable":true,"href":"https:\/\/www.europesays.com\/lv\/wp-json\/wp\/v2\/comments?post=81529"}],"version-history":[{"count":0,"href":"https:\/\/www.europesays.com\/lv\/wp-json\/wp\/v2\/posts\/81529\/revisions"}],"wp:featuredmedia":[{"embeddable":true,"href":"https:\/\/www.europesays.com\/lv\/wp-json\/wp\/v2\/media\/81530"}],"wp:attachment":[{"href":"https:\/\/www.europesays.com\/lv\/wp-json\/wp\/v2\/media?parent=81529"}],"wp:term":[{"taxonomy":"category","embeddable":true,"href":"https:\/\/www.europesays.com\/lv\/wp-json\/wp\/v2\/categories?post=81529"},{"taxonomy":"post_tag","embeddable":true,"href":"https:\/\/www.europesays.com\/lv\/wp-json\/wp\/v2\/tags?post=81529"}],"curies":[{"name":"wp","href":"https:\/\/api.w.org\/{rel}","templated":true}]}}