{"id":81533,"date":"2025-12-21T04:37:11","date_gmt":"2025-12-21T04:37:11","guid":{"rendered":"https:\/\/www.europesays.com\/lv\/81533\/"},"modified":"2025-12-21T04:37:11","modified_gmt":"2025-12-21T04:37:11","slug":"grupas-astronout-miniserials-turpina-atklat-muc-tures-aizkulises-un-ilgtspejas-izaicinajumus-lente-lv","status":"publish","type":"post","link":"https:\/\/www.europesays.com\/lv\/81533\/","title":{"rendered":"Grupas \u201cAstro\u2019n\u2019out\u201d miniseri\u0101ls turpina atkl\u0101t \u201cM\u016bc\u201d t\u016bres aizkulises un ilgtsp\u0113jas izaicin\u0101jumus\u00a0\u2014\u00a0Lente.lv"},"content":{"rendered":"<p>Nosl\u0113gt\u0101s t\u016bres atspogu\u013cojums un ceturt\u0101 seri\u0101la epizode<\/p>\n<p>Muzik\u0101l\u0101 grupa \u201cAstro\u2019n\u2019out\u201d p\u0113c savas koncertt\u016bres \u201cM\u016bc\u201d ofici\u0101l\u0101s nosl\u0113g\u0161an\u0101s turpina uztur\u0113t dialogu ar saviem atbalst\u012bt\u0101jiem, publiskojot nule k\u0101 izn\u0101ku\u0161o dokument\u0101l\u0101 miniseri\u0101la ceturto no kopum\u0101 piec\u0101m pl\u0101notaj\u0101m s\u0113rij\u0101m. K\u0101 inform\u0113 port\u0101ls NRA, \u0161is seri\u0101ls sniedz daudzpus\u012bgu ieskatu t\u016bres noris\u0113, \u012bpa\u0161i akcent\u0113jot apzin\u0101ti \u012bstenotos ilgtsp\u0113jas pas\u0101kumus un izaicin\u0101jumus, kas rad\u0101s, cen\u0161oties samazin\u0101t grupas ekolo\u0123isko p\u0113du. Lai gan koncerti ir aizvad\u012bti, seri\u0101la veidotais atskats apliecina, ka grupas p\u016bli\u0146i nebija tikai \u012bslaic\u012bgs projekts, bet gan v\u0113rt\u012bbu sist\u0113mas integr\u0113\u0161ana m\u0101kslinieciskaj\u0101 darb\u012bb\u0101.<\/p>\n<p>\u0160\u012b, ceturt\u0101 epizode, iez\u012bm\u0113jas ar \u012bpa\u0161i person\u012bgu fokusu, veltot uzman\u012bbu grupas bundziniekam M\u0101rti\u0146am. Vi\u0146\u0161 dal\u0101s sav\u0101s p\u0101rdom\u0101s un pieredz\u0113, k\u0101 ilgtsp\u0113j\u012bgs dz\u012bvesveids un atbild\u012bga r\u012bc\u012bba ien\u0101kusi ne tikai vi\u0146a ikdien\u0101, bet ar\u012b rado\u0161aj\u0101 proces\u0101, kas kulmin\u0113ja \u201cM\u016bc\u201d turnej\u0101. T\u0101 dodoties fin\u0101la virzien\u0101, seri\u0101ls k\u013cuvis par noz\u012bm\u012bgu liec\u012bbu par to, k\u0101 m\u016bsdienu m\u016bzi\u0137i var apvienot rado\u0161o izpausmi ar r\u016bp\u0113m par plan\u0113tas n\u0101kotni.<\/p>\n<p>\u201cM\u016bc\u201d t\u016bre: Intimit\u0101te un eksperiment\u0101la pieeja<\/p>\n<p>Koncertt\u016bre \u201cM\u016bc\u201d tika iecer\u0113ta k\u0101 kontrasts iepriek\u0161\u0113j\u0101 gada pla\u0161ajiem \u0161oviem, piem\u0113ram, \u201cAr\u0113n\u0101 R\u012bga\u201d. \u201cAstro\u2019n\u2019out\u201d \u0161oreiz izv\u0113l\u0113j\u0101s int\u012bm\u0101ku form\u0101tu: pieklusin\u0101tas gaismas, lakoniskas dekor\u0101cijas un galvenais \u2013 patiesas, personiskas sarunas ar publiku. Programma bija daudzveid\u012bga, iek\u013caujot gan jaun\u0101kos singlus, gan ar\u012b sen aizmirstas kompoz\u012bcijas, kas piedz\u012bvoja jaunu, akustisku interpret\u0101ciju. \u0160\u012b pieeja \u013c\u0101va dziesm\u0101m atkl\u0101ties jaun\u0101 skan\u0113jum\u0101, pie\u0161\u0137irot t\u0101m svaigumu un dzi\u013cumu.<\/p>\n<p>Ta\u010du t\u016bres b\u016bt\u012bba sniedz\u0101s p\u0101ri muzik\u0101lajam sniegumam. T\u0101 kalpoja k\u0101 platforma ilgtsp\u0113jas eksperimentiem. Grupas soliste M\u0101ra Upmane-Hol\u0161teine iepriek\u0161 min\u0113jusi, ka m\u0113r\u0137is bija organiz\u0113t septi\u0146us koncertus ar p\u0113c iesp\u0113jas maz\u0101ku ietekmi uz vidi. P\u0101rskat\u012bti tika da\u017e\u0101di aspekti, s\u0101kot no transporta un ener\u0123ijas risin\u0101jumiem l\u012bdz pat skatuves t\u0113rpiem un scenogr\u0101fijai. Tas bija apzin\u0101ts centiens izprast, cik \u201cza\u013cu\u201d t\u016bri iesp\u0113jams \u012bstenot, nezaud\u0113jot m\u0101ksliniecisko kvalit\u0101ti.<\/p>\n<p>Bundzinieka M\u0101rti\u0146a person\u012bgais ilgtsp\u0113jas ce\u013cojums<\/p>\n<p>Ceturt\u0101 seri\u0101la da\u013ca sniedz skat\u012bt\u0101jiem iesp\u0113ju iel\u016bkoties M\u0101rti\u0146a ikdienas apzi\u0146\u0101 un centienos integr\u0113t ilgtsp\u0113j\u012bgus principus. Vi\u0146a st\u0101st\u012bjums nav tikai informat\u012bvs, bet ar\u012b emocion\u0101li pies\u0101tin\u0101ts, atspogu\u013cojot re\u0101los so\u013cus, kas j\u0101veic, lai dz\u012bvotu videi draudz\u012bg\u0101k. Seri\u0101ls ilustr\u0113, ka ilgtsp\u0113ja nav tikai abstrakts j\u0113dziens, bet gan virkne individu\u0101lu, apzin\u0101tu izv\u0113\u013cu, kas veido kop\u0113jo ietekmi.<\/p>\n<p>K\u0101 atkl\u0101ts t\u016bres laik\u0101, grupa secin\u0101jusi, ka \u0161is eksperiments licis p\u0101rskat\u012bt teju \u201cautopilot\u0101\u201d notieko\u0161\u0101s ikdienas sist\u0113mas. Lai gan ne viss no iecer\u0113t\u0101 izdevies piln\u012bb\u0101, process iem\u0101c\u012bjis, ka ar neliel\u0101m, bet apzin\u0101t\u0101m izmai\u0146\u0101m daudzas ierast\u0101s izv\u0113les var \u012bstenot videi draudz\u012bg\u0101k. \u0160\u0101das p\u0101rmai\u0146as bie\u017ei vien pat neizdodas sad\u0101rdzin\u0101t risin\u0101jumu, bet gan paver jaunas rado\u0161as iesp\u0113jas un \u013cauj ietaup\u012bt materi\u0101lus. M\u0101rti\u0146a pieredze kalpo k\u0101 aicin\u0101jums ikvienam apdom\u0101t savus paradumus.<\/p>\n<p>Seri\u0101la noz\u012bme un turpin\u0101jums<\/p>\n<p>Re\u017eisora Toma Musta veidotais piecu s\u0113riju seri\u0101ls kopum\u0101 kalpo k\u0101 unik\u0101ls dokument\u0101ls piem\u0113rs. Tas par\u0101da, k\u0101 latvie\u0161u m\u016bzikas industrija cen\u0161as att\u012bst\u012bties un integr\u0113t atbild\u012bbas saj\u016btu. T\u0101 ir papildin\u0101jums grupas iepriek\u0161\u0113jiem ilgtsp\u0113jas so\u013ciem, piem\u0113ram, sadarb\u012bbai ar uz\u0146\u0113mumiem ilgtsp\u0113j\u012bgas dom\u0101\u0161anas veicin\u0101\u0161an\u0101, kas pag\u0101ju\u0161aj\u0101 gad\u0101 rezult\u0113j\u0101s ap\u0123\u0113rbu l\u012bnij\u0101 \u201cAttieksme r\u012btdienai\u201d, rad\u012bt\u0101 no tekstila konteineros nodotajiem T-krekliem.<\/p>\n<p>\u0160\u012b seri\u0101la s\u0113riju sec\u012bg\u0101 public\u0113\u0161ana p\u0113c t\u016bres ir strat\u0113\u0123isks solis, lai maksim\u0101li paildzin\u0101tu un aktualiz\u0113tu diskusiju par ilgtsp\u0113j\u012bgu r\u012bc\u012bbu. \u0160obr\u012bd ir public\u0113tas jau \u010detras no piec\u0101m da\u013c\u0101m, kas noz\u012bm\u0113, ka klaus\u012bt\u0101jiem atliek vien nosl\u0113dzo\u0161\u0101 epizode, kas, visticam\u0101k, apkopos galven\u0101s atzi\u0146as un dos ieskatu n\u0101kamajos grupas pl\u0101nos. \u201cAstro\u2019n\u2019out\u201d ar \u0161\u0101du iniciat\u012bvu nostiprina savu t\u0113lu ne tikai k\u0101 muzik\u0101li sp\u0113c\u012bgu, bet ar\u012b soci\u0101li atbild\u012bgu m\u0101kslinieku kolekt\u012bvu, kur\u0161 izmanto savu platformu, lai iedvesmotu pozit\u012bvas p\u0101rmai\u0146as sabiedr\u012bb\u0101.<\/p>\n<p>N\u0101kamie so\u013ci un emocion\u0101lais rezonanss<\/p>\n<p>Lai gan t\u016bre ir nosl\u0113gusies un t\u0101s kulmin\u0101cijas punkti dokument\u0113ti, seri\u0101la publisko\u0161ana p\u0113c t\u016bres \u013cauj saglab\u0101t emociju rezonansi. T\u0101 \u013cauj skat\u012bt\u0101jiem, kuriem nebija iesp\u0113jas apmekl\u0113t kl\u0101tienes pas\u0101kumus, piedz\u012bvot da\u013cu no \u0161\u012bs pieredzes. \u010cetras s\u0113rijas, kas jau ir publiskotas, apliecina grupas ap\u0146em\u0161anos b\u016bt caursp\u012bd\u012bgiem sav\u0101 rado\u0161aj\u0101 proces\u0101 un v\u0113rt\u012bb\u0101s. \u0160\u012b atkl\u0101t\u012bba ir b\u016btiska m\u016bsdienu auditorijai, kas arvien vair\u0101k nov\u0113rt\u0113 m\u0101kslinieku integrit\u0101ti un re\u0101lu r\u012bc\u012bbu, nevis tikai retoriku.<\/p>\n<p>Grupas centieni caur m\u016bziku un vizu\u0101lo materi\u0101lu veicin\u0101t izpratni par vides jaut\u0101jumiem ir v\u0113rt\u0113jami k\u0101 noz\u012bm\u012bgs ieguld\u012bjums Latvijas kult\u016bras telp\u0101. T\u0101 ir demonstr\u0101cija, ka liela m\u0113roga notikumi, k\u0101 koncertt\u016bre, var kalpot k\u0101 p\u0113t\u012bjumu lauks un izgl\u012bt\u012bbas instruments. Fani gaida p\u0113d\u0113jo, piekto s\u0113riju, lai redz\u0113tu, k\u0101 \u201cAstro\u2019n\u2019out\u201d summ\u0113 savu \u201cM\u016bc\u201d ilgtsp\u0113jas eksperimentu un k\u0101das jaunas rado\u0161\u0101s \u0161\u0137autnes tas atkl\u0101jis vi\u0146u turpm\u0101kajai darb\u012bbai.<\/p>\n","protected":false},"excerpt":{"rendered":"Nosl\u0113gt\u0101s t\u016bres atspogu\u013cojums un ceturt\u0101 seri\u0101la epizode Muzik\u0101l\u0101 grupa \u201cAstro\u2019n\u2019out\u201d p\u0113c savas koncertt\u016bres \u201cM\u016bc\u201d ofici\u0101l\u0101s nosl\u0113g\u0161an\u0101s turpina uztur\u0113t&hellip;\n","protected":false},"author":2,"featured_media":81534,"comment_status":"","ping_status":"","sticky":false,"template":"","format":"standard","meta":{"footnotes":""},"categories":[19],"tags":[4151,89,90,35,39,38,36,37,34,40],"class_list":{"0":"post-81533","1":"post","2":"type-post","3":"status-publish","4":"format-standard","5":"has-post-thumbnail","7":"category-izklaide","8":"tag-astro","9":"tag-entertainment","10":"tag-izklaide","11":"tag-latvia","12":"tag-latvian","13":"tag-latviesu","14":"tag-latviesu-valoda","15":"tag-latviesuvaloda","16":"tag-latvija","17":"tag-lv"},"share_on_mastodon":{"url":"https:\/\/pubeurope.com\/@lv\/115755708805614171","error":""},"_links":{"self":[{"href":"https:\/\/www.europesays.com\/lv\/wp-json\/wp\/v2\/posts\/81533","targetHints":{"allow":["GET"]}}],"collection":[{"href":"https:\/\/www.europesays.com\/lv\/wp-json\/wp\/v2\/posts"}],"about":[{"href":"https:\/\/www.europesays.com\/lv\/wp-json\/wp\/v2\/types\/post"}],"author":[{"embeddable":true,"href":"https:\/\/www.europesays.com\/lv\/wp-json\/wp\/v2\/users\/2"}],"replies":[{"embeddable":true,"href":"https:\/\/www.europesays.com\/lv\/wp-json\/wp\/v2\/comments?post=81533"}],"version-history":[{"count":0,"href":"https:\/\/www.europesays.com\/lv\/wp-json\/wp\/v2\/posts\/81533\/revisions"}],"wp:featuredmedia":[{"embeddable":true,"href":"https:\/\/www.europesays.com\/lv\/wp-json\/wp\/v2\/media\/81534"}],"wp:attachment":[{"href":"https:\/\/www.europesays.com\/lv\/wp-json\/wp\/v2\/media?parent=81533"}],"wp:term":[{"taxonomy":"category","embeddable":true,"href":"https:\/\/www.europesays.com\/lv\/wp-json\/wp\/v2\/categories?post=81533"},{"taxonomy":"post_tag","embeddable":true,"href":"https:\/\/www.europesays.com\/lv\/wp-json\/wp\/v2\/tags?post=81533"}],"curies":[{"name":"wp","href":"https:\/\/api.w.org\/{rel}","templated":true}]}}