{"id":81537,"date":"2025-12-21T04:43:16","date_gmt":"2025-12-21T04:43:16","guid":{"rendered":"https:\/\/www.europesays.com\/lv\/81537\/"},"modified":"2025-12-21T04:43:16","modified_gmt":"2025-12-21T04:43:16","slug":"nosaukti-normunda-naumana-gada-balvas-makslas-kritika-pretendenti-lente-lv","status":"publish","type":"post","link":"https:\/\/www.europesays.com\/lv\/81537\/","title":{"rendered":"Nosaukti Normunda Nauma\u0146a Gada balvas m\u0101kslas kritik\u0101 pretendenti\u00a0\u2014\u00a0Lente.lv"},"content":{"rendered":"<p>Nosaukti Normunda Nauma\u0146a balvas pretendenti m\u0101kslas kritik\u0101<\/p>\n<p>\u017d\u016brija, kas pie\u0161\u0137ir Normunda Nauma\u0146a Gada balvu m\u0101kslas kritik\u0101, \u0161ogad ir izvirz\u012bjusi \u010detrus cien\u012bgus kandid\u0101tus, kuri izpeln\u012bju\u0161ies atzin\u012bbu par savu darbu m\u0101kslas kritikas lauk\u0101. \u0160is presti\u017eais apbalvojums, kas nosaukts izcil\u0101 m\u0101kslas kriti\u0137a Normunda Nauma\u0146a v\u0101rd\u0101, godina tos, kuri sniedz noz\u012bm\u012bgu ieguld\u012bjumu Latvijas kult\u016bras ainav\u0101 ar sav\u0101m anal\u012btiskaj\u0101m un eseju rakst\u012b\u0161anas prasm\u0113m.<\/p>\n<p>Da\u017e\u0101du m\u0101kslas jomu p\u0101rst\u0101vniec\u012bba<\/p>\n<p>\u0160\u012b gada konkursa laure\u0101tu vid\u016b ir p\u0101rst\u0101vji no da\u017e\u0101d\u0101m m\u0101kslas discipl\u012bn\u0101m, apliecinot kritikas daudzveid\u012bbu un t\u0101s sp\u0113ju aptvert pla\u0161u kult\u016bras spektru. Nomin\u0113tie ir te\u0101tra kriti\u0137is Atis Rozent\u0101ls, literat\u016bras kriti\u0137is Arvis Viguls, kino kriti\u0137e El\u012bna Reitere un operas kriti\u0137e Lauma Mell\u0113na-Bartkevi\u010da. \u0160\u0101da izv\u0113le demonstr\u0113, cik pla\u0161s un bag\u0101t\u012bgs ir m\u016bsdienu Latvijas m\u0101kslas kritikas kopums.<\/p>\n<p>Kritikas noz\u012bme kult\u016bras att\u012bst\u012bb\u0101<\/p>\n<p>Normunda Nauma\u0146a balva nav tikai atzin\u012bba atsevi\u0161\u0137iem kriti\u0137iem; t\u0101 ir ar\u012b apliecin\u0101jums kritikas nep\u0101rv\u0113rt\u0113jamajai lomai kult\u016bras dz\u012bv\u0113. Kvalitat\u012bva kritika pal\u012bdz ne tikai veidot sabiedr\u012bbas izpratni par m\u0101kslu, bet ar\u012b rosina m\u0101ksliniekus uz jauniem mekl\u0113jumiem un rado\u0161u izaugsmi. T\u0101 ir k\u0101 spogulis, kas atstaro laikmeta garu un kult\u016bras norises, pied\u0101v\u0101jot gan dzi\u013c\u0101ku anal\u012bzi, gan provokat\u012bvus skatupunktus. K\u0101 reiz sac\u012bja k\u0101ds kult\u016bras darbinieks, \u201cbez god\u012bgas un zino\u0161as kritikas m\u0101ksla zaud\u0113 savu dinamiku un sp\u0113ju sevi izprast.\u201d \u0160ie v\u0101rdi lieliski raksturo, cik svar\u012bga ir kriti\u0137u misija.<\/p>\n<p>Normunda Nauma\u0146a mantojums<\/p>\n<p>Normunda Nauma\u0146a Gada balva m\u0101kslas kritik\u0101 turpina aizs\u0101kto trad\u012bciju godin\u0101t tos, kuri seko Normunda Nauma\u0146a paraugam \u2013 ar intelektu\u0101lu dzi\u013cumu, spilgtu valodu un drosmi paust savu viedokli. Vi\u0146a pa\u0161a darbi ir kalpoju\u0161i k\u0101 paraugs daudziem, un \u0161\u012b balva ir veids, k\u0101 saglab\u0101t un att\u012bst\u012bt vi\u0146a ies\u0101kto kritikas trad\u012bciju Latvij\u0101. K\u0101 neaizst\u0101jama sast\u0101vda\u013ca jebkura m\u0101kslas notikuma pilnv\u0113rt\u012bg\u0101 uztver\u0113, kritika \u013cauj mums pal\u016bkoties aiz fas\u0101des un saprast darba dzi\u013c\u0101ko b\u016bt\u012bbu.<\/p>\n<p>Cer\u012bbas uz turpm\u0101ko izaugsmi<\/p>\n<p>Ar nepaciet\u012bbu tiek gaid\u012bts, kur\u0161 no \u0161iem \u010detriem izcilajiem kriti\u0137iem k\u013c\u016bs par laure\u0101tu \u0161ogad. Vi\u0146u nomin\u0113\u0161ana apliecina, ka m\u0101kslas kritika Latvij\u0101 ir dz\u012bva, profesion\u0101la un turpina att\u012bst\u012bties, sniedzot nenov\u0113rt\u0113jamu ieguld\u012bjumu kult\u016bras telpas bag\u0101tin\u0101\u0161an\u0101. N\u0101kotn\u0113 noteikti v\u0113lamies redz\u0113t v\u0113l vair\u0101k kvalitat\u012bvu un iedvesmojo\u0161u darbu no visiem m\u0101kslas kritikas profesion\u0101\u013ciem.<\/p>\n","protected":false},"excerpt":{"rendered":"Nosaukti Normunda Nauma\u0146a balvas pretendenti m\u0101kslas kritik\u0101 \u017d\u016brija, kas pie\u0161\u0137ir Normunda Nauma\u0146a Gada balvu m\u0101kslas kritik\u0101, \u0161ogad ir&hellip;\n","protected":false},"author":2,"featured_media":81538,"comment_status":"","ping_status":"","sticky":false,"template":"","format":"standard","meta":{"footnotes":""},"categories":[19],"tags":[10042,20539,20540,89,90,35,39,38,36,37,34,20541,40,13059,19999],"class_list":{"0":"post-81537","1":"post","2":"type-post","3":"status-publish","4":"format-standard","5":"has-post-thumbnail","7":"category-izklaide","8":"tag-arvis-viguls","9":"tag-atis-rozentals","10":"tag-elina-reitere","11":"tag-entertainment","12":"tag-izklaide","13":"tag-latvia","14":"tag-latvian","15":"tag-latviesu","16":"tag-latviesu-valoda","17":"tag-latviesuvaloda","18":"tag-latvija","19":"tag-lauma-mellena-bartkevica","20":"tag-lv","21":"tag-makslas-kritika","22":"tag-normunda-naumana-balva"},"share_on_mastodon":{"url":"https:\/\/pubeurope.com\/@lv\/115755732383659092","error":""},"_links":{"self":[{"href":"https:\/\/www.europesays.com\/lv\/wp-json\/wp\/v2\/posts\/81537","targetHints":{"allow":["GET"]}}],"collection":[{"href":"https:\/\/www.europesays.com\/lv\/wp-json\/wp\/v2\/posts"}],"about":[{"href":"https:\/\/www.europesays.com\/lv\/wp-json\/wp\/v2\/types\/post"}],"author":[{"embeddable":true,"href":"https:\/\/www.europesays.com\/lv\/wp-json\/wp\/v2\/users\/2"}],"replies":[{"embeddable":true,"href":"https:\/\/www.europesays.com\/lv\/wp-json\/wp\/v2\/comments?post=81537"}],"version-history":[{"count":0,"href":"https:\/\/www.europesays.com\/lv\/wp-json\/wp\/v2\/posts\/81537\/revisions"}],"wp:featuredmedia":[{"embeddable":true,"href":"https:\/\/www.europesays.com\/lv\/wp-json\/wp\/v2\/media\/81538"}],"wp:attachment":[{"href":"https:\/\/www.europesays.com\/lv\/wp-json\/wp\/v2\/media?parent=81537"}],"wp:term":[{"taxonomy":"category","embeddable":true,"href":"https:\/\/www.europesays.com\/lv\/wp-json\/wp\/v2\/categories?post=81537"},{"taxonomy":"post_tag","embeddable":true,"href":"https:\/\/www.europesays.com\/lv\/wp-json\/wp\/v2\/tags?post=81537"}],"curies":[{"name":"wp","href":"https:\/\/api.w.org\/{rel}","templated":true}]}}