{"id":81557,"date":"2025-12-21T06:16:33","date_gmt":"2025-12-21T06:16:33","guid":{"rendered":"https:\/\/www.europesays.com\/lv\/81557\/"},"modified":"2025-12-21T06:16:33","modified_gmt":"2025-12-21T06:16:33","slug":"ukraina-devusi-triecienu-krievijas-enu-flotes-tankkugim-vidusjura","status":"publish","type":"post","link":"https:\/\/www.europesays.com\/lv\/81557\/","title":{"rendered":"Ukraina devusi triecienu Krievijas &#8220;\u0113nu flotes&#8221; tankku\u0123im Vidusj\u016br\u0101"},"content":{"rendered":"<p class=\"lead\">\n                                Ukrainas dro\u0161\u012bbas dienests \u012bstenojis triecienu Krievijas &#8220;\u0113nu flotes&#8221; tankku\u0123im Vidusj\u016bras neitr\u0101lajos \u016bde\u0146os, atkl\u0101jis inform\u0113ts avots.\n                            <\/p>\n<p style=\"margin-left:0px;\">Avots nor\u0101d\u012bja, ka oper\u0101cija \u012bstenota vair\u0101k nek\u0101 2000 kilometru att\u0101lum\u0101 no Ukrainas teritorijas, kas ir l\u012bdz \u0161im nebijis gad\u012bjums.<\/p>\n<p style=\"margin-left:0px;\">Ukrainas dro\u0161\u012bbas dienesta \u012bpa\u0161o oper\u0101ciju centra &#8220;A&#8221; droni tr\u0101p\u012bja Krievijas &#8220;\u0113nu flotes&#8221; tankku\u0123im QENDIL, kas tobr\u012bd bija bez kravas. L\u012bdz ar to uzbrukums nerad\u012bja draudus videi, nor\u0101d\u012bja avots.<\/p>\n<p style=\"margin-left:0px;\">Triecien\u0101 tankku\u0123is tika kritiski boj\u0101ts, un to vairs nevar izmantot paredz\u0113tajiem m\u0113r\u0137iem, atkl\u0101ja avots.<\/p>\n<p style=\"margin-left:0px;\">&#8220;Agresorvalsts izmantoja \u0161o tankku\u0123i, lai apietu sankcijas un peln\u012btu naudu, kas tika novirz\u012bta karam pret Ukrainu. T\u0101p\u0113c no starptautisko ties\u012bbu un kara likumu un para\u017eu viedok\u013ca tas ir absol\u016bti le\u0123it\u012bms m\u0113r\u0137is. Ienaidniekam ir j\u0101saprot, ka Ukraina neapst\u0101sies un uzbruks vi\u0146am jebkur\u0101 pasaules viet\u0101, lai kur tas atrastos,&#8221; skaidroja avots.<\/p>\n<p> Aptauja <\/p>\n<p> Vai Vladimirs Putins var\u0113tu izmantot kodoliero\u010dus? <\/p>\n<p>KONTEKSTS<\/p>\n<p>2022. gada 24. febru\u0101r\u012b Krievijas diktators Vladimirs Putins deva pav\u0113li iebrukt\u00a0Ukrain\u0101. Putins apgalvoja, ka NATO gatavojas izmantot Ukrainu k\u0101 placdarmu agresijai pret Krieviju, lai gan \u0161iem apgalvojumiem nebija\u00a0pier\u0101d\u012bjumu. Starptautisk\u0101 krimin\u0101ltiesa (SKT) 2023. gada mart\u0101 izdeva Putina aresta orderi par nelikum\u012bgu ukrai\u0146u b\u0113rnu deport\u0101ciju no okup\u0113taj\u0101m teritorij\u0101m Ukrain\u0101.\u00a0<\/p>\n<p><img decoding=\"async\" src=\"https:\/\/www.europesays.com\/lv\/wp-content\/uploads\/2025\/11\/202311151406496554b459d746c.jpg\" alt=\"Ukrainas atbalst\u012bt\u0101ji nezaud\u0113 tic\u012bbu, ka ukrai\u0146i v\u0113l ir ce\u013c\u0101 uz uzvaru un agri vai v\u0113lu Krievijas okupantu armijai n\u0101ksies atk\u0101pties no Ukrainas zemes.\" loading=\"lazy\"\/><\/p>\n<p>Ukrainas atbalst\u012bt\u0101ji nezaud\u0113 tic\u012bbu, ka ukrai\u0146i v\u0113l ir ce\u013c\u0101 uz uzvaru un agri vai v\u0113lu Krievijas okupantu armijai n\u0101ksies atk\u0101pties no Ukrainas zemes.<\/p>\n<p>Foto:\u00a0AFP\/Scanpix\u00a0\/ Latvijas Mediji<\/p>\n<p class=\"paragraph-muted\">Izv\u0113lies savu soct\u012bklu platformu, lai sekotu LASI.LV: <a href=\"https:\/\/www.facebook.com\/portals.lasi.lv\" target=\"_blank\" rel=\"noopener noreferrer nofollow\">Facebook<\/a>, <a href=\"https:\/\/twitter.com\/lasilvportals\" target=\"_blank\" rel=\"noopener noreferrer nofollow\">X<\/a>, <a href=\"https:\/\/bsky.app\/profile\/lasilv.bsky.social\" target=\"_blank\" rel=\"noopener noreferrer nofollow\">Bluesky<\/a>, <a href=\"https:\/\/www.draugiem.lv\/lasilv\/?pg=4\" target=\"_blank\" rel=\"noopener noreferrer nofollow\">Draugiem<\/a> vai ar\u012b <a href=\"https:\/\/www.instagram.com\/lasilv_zinas\/\" target=\"_blank\" rel=\"noopener noreferrer nofollow\">Instagram<\/a>. Pievienojies m\u016bsu las\u012bt\u0101ju pulkam, lai sa\u0146emtu \u012bpa\u0161i tev atlas\u012btu noder\u012bgu, praktisku un aktu\u0101lu saturu.\u00a0<\/p>\n<p style=\"margin-left:auto;\">Pieraksties LASI.LV redaktora v\u0113stkopai <a href=\"https:\/\/lasi.lv\/vestkopa\/lasi-lv-galvena-redaktora-vestkopa\" rel=\"nofollow noopener\" target=\"_blank\">\u0161eit<\/a>.<\/p>\n<p style=\"margin-left:auto;\">Pieraksties un reizi ned\u0113\u013c\u0101 sa\u0146em padzi\u013cin\u0101tu LASI.LV galven\u0101 redaktora aktu\u0101lo zi\u0146u, kompetentu viedok\u013cu un interesant\u0101ko interviju apkopojumu.<\/p>\n<p><script async src=\"https:\/\/platform.twitter.com\/widgets.js\" charset=\"utf-8\"><\/script><script async src=\"\/\/www.instagram.com\/embed.js\"><\/script><\/p>\n","protected":false},"excerpt":{"rendered":"Ukrainas dro\u0161\u012bbas dienests \u012bstenojis triecienu Krievijas &#8220;\u0113nu flotes&#8221; tankku\u0123im Vidusj\u016bras neitr\u0101lajos \u016bde\u0146os, atkl\u0101jis inform\u0113ts avots. Avots nor\u0101d\u012bja, ka&hellip;\n","protected":false},"author":2,"featured_media":81558,"comment_status":"","ping_status":"","sticky":false,"template":"","format":"standard","meta":{"footnotes":""},"categories":[14],"tags":[23,57,28,29,32,33,22,30,31,35,39,38,36,37,34,40,20,26,27,24,25,54,55,56,21,58],"class_list":{"0":"post-81557","1":"post","2":"type-post","3":"status-publish","4":"format-standard","5":"has-post-thumbnail","7":"category-zinas-no-arvalstim","8":"tag-aktualitates","9":"tag-arvalstim","10":"tag-breaking-news","11":"tag-breakingnews","12":"tag-featured-news","13":"tag-featurednews","14":"tag-headlines","15":"tag-latest-news","16":"tag-latestnews","17":"tag-latvia","18":"tag-latvian","19":"tag-latviesu","20":"tag-latviesu-valoda","21":"tag-latviesuvaloda","22":"tag-latvija","23":"tag-lv","24":"tag-news","25":"tag-popularakas-zinas","26":"tag-popularakaszinas","27":"tag-top-stories","28":"tag-topstories","29":"tag-world","30":"tag-world-news","31":"tag-worldnews","32":"tag-zinas","33":"tag-zinas-no-arvalstim"},"share_on_mastodon":{"url":"https:\/\/pubeurope.com\/@lv\/115756098230406933","error":""},"_links":{"self":[{"href":"https:\/\/www.europesays.com\/lv\/wp-json\/wp\/v2\/posts\/81557","targetHints":{"allow":["GET"]}}],"collection":[{"href":"https:\/\/www.europesays.com\/lv\/wp-json\/wp\/v2\/posts"}],"about":[{"href":"https:\/\/www.europesays.com\/lv\/wp-json\/wp\/v2\/types\/post"}],"author":[{"embeddable":true,"href":"https:\/\/www.europesays.com\/lv\/wp-json\/wp\/v2\/users\/2"}],"replies":[{"embeddable":true,"href":"https:\/\/www.europesays.com\/lv\/wp-json\/wp\/v2\/comments?post=81557"}],"version-history":[{"count":0,"href":"https:\/\/www.europesays.com\/lv\/wp-json\/wp\/v2\/posts\/81557\/revisions"}],"wp:featuredmedia":[{"embeddable":true,"href":"https:\/\/www.europesays.com\/lv\/wp-json\/wp\/v2\/media\/81558"}],"wp:attachment":[{"href":"https:\/\/www.europesays.com\/lv\/wp-json\/wp\/v2\/media?parent=81557"}],"wp:term":[{"taxonomy":"category","embeddable":true,"href":"https:\/\/www.europesays.com\/lv\/wp-json\/wp\/v2\/categories?post=81557"},{"taxonomy":"post_tag","embeddable":true,"href":"https:\/\/www.europesays.com\/lv\/wp-json\/wp\/v2\/tags?post=81557"}],"curies":[{"name":"wp","href":"https:\/\/api.w.org\/{rel}","templated":true}]}}