{"id":81584,"date":"2025-12-21T06:52:18","date_gmt":"2025-12-21T06:52:18","guid":{"rendered":"https:\/\/www.europesays.com\/lv\/81584\/"},"modified":"2025-12-21T06:52:18","modified_gmt":"2025-12-21T06:52:18","slug":"nasa-zaude-kontaktus-ar-marsa-atmosferas-petisanas-kosmosa-kugi-maven-raksts","status":"publish","type":"post","link":"https:\/\/www.europesays.com\/lv\/81584\/","title":{"rendered":"NASA zaud\u0113 kontaktus ar Marsa atmosf\u0113ras p\u0113t\u012b\u0161anas kosmosa ku\u0123i \u00abMAVEN\u00bb \/ Raksts"},"content":{"rendered":"<p>ASV Nacion\u0101l\u0101 Aeronautikas un kosmosa p\u0101rvalde (NASA) ir zaud\u0113jusi kontaktus ar Marsa atmosf\u0113ras p\u0113t\u012b\u0161anas kosmosa ku\u0123i &#8220;MAVEN&#8221;, un notiek m\u0113\u0123in\u0101jumi sakarus\u00a0atjaunot, piektdien pazi\u0146oja NASA preses sekret\u0101re.<\/p>\n<blockquote>\n<p>Regul\u0101ri dati no \u0161\u012b ku\u0123a nav sa\u0146emti jau apm\u0113ram divas ned\u0113\u013cas.<\/p>\n<\/blockquote>\n<p>NASA pirmdien pav\u0113st\u012bja, ka &#8220;izseko\u0161anas datu \u012bss fragments&#8221; no \u0161\u012b m\u0113ne\u0161a vedina uzskat\u012bt, ka \u0161is kosmosa ku\u0123is varb\u016bt &#8220;rot\u0113 negaid\u012bt\u0101 veid\u0101&#8221;.<\/p>\n<p>&#8220;MAVEN&#8221;, kas tika palaists kosmos\u0101 2013. gada novembr\u012b, ir ri\u0146\u0137ojis orb\u012bt\u0101 ap Marsu apm\u0113ram 10 gadus un nos\u016bt\u012bjis uz Zemi svar\u012bgus p\u0113tniec\u012bbas datus, \u012bpa\u0161i par Marsa atmosf\u0113ru.<\/p>\n<p>Marsa izp\u0113t\u0113 pa\u0161laik piedal\u0101s ar\u012b NASA nos\u016bt\u012btie kosmiskie apar\u0101ti &#8220;Mars Odyssey&#8221; un &#8220;Mars Reconnaisance Orbiter&#8221;, savuk\u0101rt Marsa virsmu p\u0113ta NASA pa\u0161g\u0101j\u0113ji roboti &#8220;Curiosity&#8221; un &#8220;Perseverance&#8221;.<\/p>\n<p>                    Valodas k\u013c\u016bda rakst\u0101?<\/p>\n<p class=\"d-none d-md-block\">Iez\u012bm\u0113jiet tekstu un spiediet Ctrl+Enter, lai nos\u016bt\u012btu labojamo teksta fragmentu redaktoram! Par faktu k\u013c\u016bd\u0101m l\u016bdzam zi\u0146ot e-past\u0101 <a href=\"https:\/\/www.lsm.lv\/cdn-cgi\/l\/email-protection\" class=\"__cf_email__\" data-cfemail=\"c0b2a5a4a1aba3a9aaa180acb3adeeacb6\" rel=\"nofollow noopener\" target=\"_blank\">[email\u00a0protected]<\/a>.<\/p>\n<p class=\"d-md-none\">Iez\u012bm\u0113jiet tekstu un spiediet uz Zi\u0146ot par k\u013c\u016bdu pogas, lai nos\u016bt\u012btu labojamo teksta fragmentu redaktoram!<\/p>\n<p>\n                    Zi\u0146ot par k\u013c\u016bdu\n                <\/p>\n","protected":false},"excerpt":{"rendered":"ASV Nacion\u0101l\u0101 Aeronautikas un kosmosa p\u0101rvalde (NASA) ir zaud\u0113jusi kontaktus ar Marsa atmosf\u0113ras p\u0113t\u012b\u0161anas kosmosa ku\u0123i &#8220;MAVEN&#8221;, un&hellip;\n","protected":false},"author":2,"featured_media":81585,"comment_status":"","ping_status":"","sticky":false,"template":"","format":"standard","meta":{"footnotes":""},"categories":[14],"tags":[23,57,28,29,32,33,22,30,31,35,39,38,36,37,34,40,20,26,27,24,25,54,55,56,21,58],"class_list":{"0":"post-81584","1":"post","2":"type-post","3":"status-publish","4":"format-standard","5":"has-post-thumbnail","7":"category-zinas-no-arvalstim","8":"tag-aktualitates","9":"tag-arvalstim","10":"tag-breaking-news","11":"tag-breakingnews","12":"tag-featured-news","13":"tag-featurednews","14":"tag-headlines","15":"tag-latest-news","16":"tag-latestnews","17":"tag-latvia","18":"tag-latvian","19":"tag-latviesu","20":"tag-latviesu-valoda","21":"tag-latviesuvaloda","22":"tag-latvija","23":"tag-lv","24":"tag-news","25":"tag-popularakas-zinas","26":"tag-popularakaszinas","27":"tag-top-stories","28":"tag-topstories","29":"tag-world","30":"tag-world-news","31":"tag-worldnews","32":"tag-zinas","33":"tag-zinas-no-arvalstim"},"share_on_mastodon":{"url":"https:\/\/pubeurope.com\/@lv\/115756239651076121","error":""},"_links":{"self":[{"href":"https:\/\/www.europesays.com\/lv\/wp-json\/wp\/v2\/posts\/81584","targetHints":{"allow":["GET"]}}],"collection":[{"href":"https:\/\/www.europesays.com\/lv\/wp-json\/wp\/v2\/posts"}],"about":[{"href":"https:\/\/www.europesays.com\/lv\/wp-json\/wp\/v2\/types\/post"}],"author":[{"embeddable":true,"href":"https:\/\/www.europesays.com\/lv\/wp-json\/wp\/v2\/users\/2"}],"replies":[{"embeddable":true,"href":"https:\/\/www.europesays.com\/lv\/wp-json\/wp\/v2\/comments?post=81584"}],"version-history":[{"count":0,"href":"https:\/\/www.europesays.com\/lv\/wp-json\/wp\/v2\/posts\/81584\/revisions"}],"wp:featuredmedia":[{"embeddable":true,"href":"https:\/\/www.europesays.com\/lv\/wp-json\/wp\/v2\/media\/81585"}],"wp:attachment":[{"href":"https:\/\/www.europesays.com\/lv\/wp-json\/wp\/v2\/media?parent=81584"}],"wp:term":[{"taxonomy":"category","embeddable":true,"href":"https:\/\/www.europesays.com\/lv\/wp-json\/wp\/v2\/categories?post=81584"},{"taxonomy":"post_tag","embeddable":true,"href":"https:\/\/www.europesays.com\/lv\/wp-json\/wp\/v2\/tags?post=81584"}],"curies":[{"name":"wp","href":"https:\/\/api.w.org\/{rel}","templated":true}]}}