{"id":81590,"date":"2025-12-21T06:58:08","date_gmt":"2025-12-21T06:58:08","guid":{"rendered":"https:\/\/www.europesays.com\/lv\/81590\/"},"modified":"2025-12-21T06:58:08","modified_gmt":"2025-12-21T06:58:08","slug":"krievija-donecka-piespriez-13-gadus-cietuma-lielbritanijas-pilsonim-par-karosanu-ukrainas-puse-lente-lv","status":"publish","type":"post","link":"https:\/\/www.europesays.com\/lv\/81590\/","title":{"rendered":"Krievija Doneck\u0101 piesprie\u017e 13 gadus cietum\u0101 Lielbrit\u0101nijas pilsonim par karo\u0161anu Ukrainas pus\u0113\u00a0\u2014\u00a0Lente.lv"},"content":{"rendered":"<p>Noties\u0101ts par algot\u0146u darb\u012bbu<\/p>\n<p>Krievijas tiesa okup\u0113taj\u0101 Doneckas apgabal\u0101 piespriedusi 13 gadus ieslodz\u012bjum\u0101 Lielbrit\u0101nijas pilsonim Heidenam Deivisam. Vi\u0146\u0161 tika noties\u0101ts par to, ka, p\u0101rk\u0101pjot Krievijas likumus, karojis Ukrainas pus\u0113 k\u0101 algotnis. K\u0101 inform\u0113 port\u0101ls jauns.lv, par tiesas l\u0113mumu ceturtdien pazi\u0146ojis Krievijas \u0123ener\u0101lprokurors. Deiviss non\u0101ca Krievijas sp\u0113ku g\u016bst\u0101 pag\u0101ju\u0161aj\u0101 gad\u0101.<\/p>\n<p>Aps\u016bdz\u012bbas un tiesas process<\/p>\n<p>Saska\u0146\u0101 ar prokurat\u016bras sniegto inform\u0101ciju, britu pilsonis tika aps\u016bdz\u0113ts par dal\u012bbu bru\u0146ot\u0101 konflikt\u0101 teroristisku m\u0113r\u0137u sasnieg\u0161anai, kas Krievijas ties\u012bbu sist\u0113m\u0101 tiek trakt\u0113ts \u013coti bargi. L\u012bdz\u012bgos gad\u012bjumos, kad Ukrainas pus\u0113 c\u012bn\u012bju\u0161ies \u0101rvalstu pilso\u0146i, Krievijas okup\u0101cijas iest\u0101des bie\u017ei piem\u0113ro \u012bpa\u0161i stingrus sodus, tos d\u0113v\u0113jot par algot\u0146u darb\u012bbu, nevis br\u012bvpr\u0101t\u012bgu atbalstu Ukrainas aizsardz\u012bbai.<\/p>\n<p>Konteksts un iepriek\u0161\u0113jie gad\u012bjumi<\/p>\n<p>\u0160is nav pirmais gad\u012bjums, kad Krievija noties\u0101 \u0101rvalstniekus par dienestu Ukrainas bru\u0146otajos sp\u0113kos. \u0160\u0101di spriedumi bie\u017ei tiek publiskoti, lai atrun\u0101tu citus \u0101rvalstu pilso\u0146us no do\u0161an\u0101s uz Ukrainu c\u012bn\u012bties pret Krievijas agresiju. Noties\u0101tais, Heidens Deiviss, ir Lielbrit\u0101nijas pilsonis, kur\u0161 ac\u012bmredzot ir bijis karadarb\u012bbas zon\u0101 Doneckas re\u0123ion\u0101. Vi\u0146a g\u016bst\u0101 non\u0101k\u0161ana notikusi apm\u0113ram gadu pirms tiesas sprieduma pasludin\u0101\u0161anas.<\/p>\n<p>Starptautisk\u0101 reakcija un ietekme<\/p>\n<p>L\u012bdz\u012bgiem gad\u012bjumiem ir tendence rad\u012bt spriedzi starp Lielbrit\u0101niju un Krieviju, lai gan ofici\u0101la, tie\u0161a reakcija no Lielbrit\u0101nijas vald\u012bbas \u0161aj\u0101 jaut\u0101jum\u0101 v\u0113l var\u0113tu sekot. \u0122ener\u0101lprokurora pazi\u0146ojums ir m\u0113r\u0137\u0113ts uz iek\u0161\u0113jo auditoriju, uzsverot Krievijas sp\u0113ju sod\u012bt tos, kas st\u0101jas pretim t\u0101s milit\u0101raj\u0101m oper\u0101cij\u0101m Ukrain\u0101. 13 gadu ieslodz\u012bjums ir iev\u0113rojams laika posms, kas atspogu\u013co \u0161\u012b jaut\u0101juma nopietn\u012bbu okup\u0113to teritoriju tiesiskaj\u0101 sist\u0113m\u0101.<\/p>\n","protected":false},"excerpt":{"rendered":"Noties\u0101ts par algot\u0146u darb\u012bbu Krievijas tiesa okup\u0113taj\u0101 Doneckas apgabal\u0101 piespriedusi 13 gadus ieslodz\u012bjum\u0101 Lielbrit\u0101nijas pilsonim Heidenam Deivisam. Vi\u0146\u0161&hellip;\n","protected":false},"author":2,"featured_media":81591,"comment_status":"","ping_status":"","sticky":false,"template":"","format":"standard","meta":{"footnotes":""},"categories":[14],"tags":[23,57,28,29,478,32,33,22,20558,20561,20560,30,31,35,39,38,36,37,34,20559,40,20,26,27,24,25,54,55,56,21,58],"class_list":{"0":"post-81590","1":"post","2":"type-post","3":"status-publish","4":"format-standard","5":"has-post-thumbnail","7":"category-zinas-no-arvalstim","8":"tag-aktualitates","9":"tag-arvalstim","10":"tag-breaking-news","11":"tag-breakingnews","12":"tag-donecka","13":"tag-featured-news","14":"tag-featurednews","15":"tag-headlines","16":"tag-heidens-deiviss","17":"tag-karu-karosana-ukraina","18":"tag-krievijas-tiesa","19":"tag-latest-news","20":"tag-latestnews","21":"tag-latvia","22":"tag-latvian","23":"tag-latviesu","24":"tag-latviesu-valoda","25":"tag-latviesuvaloda","26":"tag-latvija","27":"tag-lielbritanijas-pilsonis","28":"tag-lv","29":"tag-news","30":"tag-popularakas-zinas","31":"tag-popularakaszinas","32":"tag-top-stories","33":"tag-topstories","34":"tag-world","35":"tag-world-news","36":"tag-worldnews","37":"tag-zinas","38":"tag-zinas-no-arvalstim"},"share_on_mastodon":{"url":"","error":"Validation failed: Text character limit of 500 exceeded"},"_links":{"self":[{"href":"https:\/\/www.europesays.com\/lv\/wp-json\/wp\/v2\/posts\/81590","targetHints":{"allow":["GET"]}}],"collection":[{"href":"https:\/\/www.europesays.com\/lv\/wp-json\/wp\/v2\/posts"}],"about":[{"href":"https:\/\/www.europesays.com\/lv\/wp-json\/wp\/v2\/types\/post"}],"author":[{"embeddable":true,"href":"https:\/\/www.europesays.com\/lv\/wp-json\/wp\/v2\/users\/2"}],"replies":[{"embeddable":true,"href":"https:\/\/www.europesays.com\/lv\/wp-json\/wp\/v2\/comments?post=81590"}],"version-history":[{"count":0,"href":"https:\/\/www.europesays.com\/lv\/wp-json\/wp\/v2\/posts\/81590\/revisions"}],"wp:featuredmedia":[{"embeddable":true,"href":"https:\/\/www.europesays.com\/lv\/wp-json\/wp\/v2\/media\/81591"}],"wp:attachment":[{"href":"https:\/\/www.europesays.com\/lv\/wp-json\/wp\/v2\/media?parent=81590"}],"wp:term":[{"taxonomy":"category","embeddable":true,"href":"https:\/\/www.europesays.com\/lv\/wp-json\/wp\/v2\/categories?post=81590"},{"taxonomy":"post_tag","embeddable":true,"href":"https:\/\/www.europesays.com\/lv\/wp-json\/wp\/v2\/tags?post=81590"}],"curies":[{"name":"wp","href":"https:\/\/api.w.org\/{rel}","templated":true}]}}