{"id":81594,"date":"2025-12-21T07:06:31","date_gmt":"2025-12-21T07:06:31","guid":{"rendered":"https:\/\/www.europesays.com\/lv\/81594\/"},"modified":"2025-12-21T07:06:31","modified_gmt":"2025-12-21T07:06:31","slug":"drauds-latvijai-un-lietuvai-putins-pastastija-par-atbildi-gadijuma-ja-kaliningradu-blokes","status":"publish","type":"post","link":"https:\/\/www.europesays.com\/lv\/81594\/","title":{"rendered":"Drauds Latvijai un Lietuvai? Putins past\u0101st\u012bja par atbildi gad\u012bjum\u0101, ja Ka\u013ci\u0146ingradu blo\u0137\u0113s"},"content":{"rendered":"<p>Putins: gad\u012bjum\u0101, ja Ka\u013ci\u0146ingradu blo\u0137\u0113s, draudi tiks izn\u012bcin\u0101ti.<\/p>\n<p>Veidojot draudus Ka\u013ci\u0146ingradas apgabalam, Krievija tos izn\u012bcin\u0101s. To pazi\u0146oja prezidents Vladimirs Putins tie\u0161aj\u0101 l\u012bnij\u0101, kas apvienota ar nosl\u0113guma preses konferenci.<\/p>\n<p>Suvalku koridors, ar\u012b saukts par &#8220;Suvalku plaisu&#8221; \u2014 t\u0101 ir \u0161aura zemes josla aptuveni 100 km garum\u0101 (65 km pa taisno) starp Poliju un Lietuvu. \u0160\u012b teritorija robe\u017eojas austrumos ar Baltkrieviju (Krievijas sabiedroto), bet rietumos \u2014 ar Krievijas Ka\u013ci\u0146ingradas apgabalu, kas padara to par NATO strat\u0113\u0123iski noz\u012bm\u012bgu punktu.<\/p>\n<p>K\u0101 raksta fran\u010du izdevums AgoraVox, hipot\u0113tiska konflikta gad\u012bjum\u0101 starp Krieviju un NATO varas p\u0101r\u0146em\u0161ana p\u0101r \u0161o koridoru, ko veiktu Krievijas karasp\u0113ks, var novest pie Baltijas valstu (Lietuvas, Latvijas un Igaunijas) izol\u0101cijas no p\u0101r\u0113j\u0101s alianses, p\u0101rgrie\u017eot vien\u012bgo sauszemes mar\u0161rutu pastiprin\u0101jumu p\u0101rvieto\u0161anai no Polijas un Rietumeiropas, raksta mediji.<\/p>\n<p>\n                            Valodas k\u013c\u016bda rakst\u0101?<br \/>Iez\u012bm\u0113jiet tekstu un spiediet Zi\u0146ot par k\u013c\u016bdu pogas   , lai nos\u016bt\u012btu labojamo teksta fragmentu redaktoram!<\/p>\n<p>                                Zi\u0146ot par k\u013c\u016bdu<\/p>\n","protected":false},"excerpt":{"rendered":"Putins: gad\u012bjum\u0101, ja Ka\u013ci\u0146ingradu blo\u0137\u0113s, draudi tiks izn\u012bcin\u0101ti. Veidojot draudus Ka\u013ci\u0146ingradas apgabalam, Krievija tos izn\u012bcin\u0101s. To pazi\u0146oja prezidents&hellip;\n","protected":false},"author":2,"featured_media":81595,"comment_status":"","ping_status":"","sticky":false,"template":"","format":"standard","meta":{"footnotes":""},"categories":[14],"tags":[23,57,28,29,32,33,22,30,31,35,39,38,36,37,34,40,20,26,27,24,25,54,55,56,21,58],"class_list":{"0":"post-81594","1":"post","2":"type-post","3":"status-publish","4":"format-standard","5":"has-post-thumbnail","7":"category-zinas-no-arvalstim","8":"tag-aktualitates","9":"tag-arvalstim","10":"tag-breaking-news","11":"tag-breakingnews","12":"tag-featured-news","13":"tag-featurednews","14":"tag-headlines","15":"tag-latest-news","16":"tag-latestnews","17":"tag-latvia","18":"tag-latvian","19":"tag-latviesu","20":"tag-latviesu-valoda","21":"tag-latviesuvaloda","22":"tag-latvija","23":"tag-lv","24":"tag-news","25":"tag-popularakas-zinas","26":"tag-popularakaszinas","27":"tag-top-stories","28":"tag-topstories","29":"tag-world","30":"tag-world-news","31":"tag-worldnews","32":"tag-zinas","33":"tag-zinas-no-arvalstim"},"share_on_mastodon":{"url":"https:\/\/pubeurope.com\/@lv\/115756294712132757","error":""},"_links":{"self":[{"href":"https:\/\/www.europesays.com\/lv\/wp-json\/wp\/v2\/posts\/81594","targetHints":{"allow":["GET"]}}],"collection":[{"href":"https:\/\/www.europesays.com\/lv\/wp-json\/wp\/v2\/posts"}],"about":[{"href":"https:\/\/www.europesays.com\/lv\/wp-json\/wp\/v2\/types\/post"}],"author":[{"embeddable":true,"href":"https:\/\/www.europesays.com\/lv\/wp-json\/wp\/v2\/users\/2"}],"replies":[{"embeddable":true,"href":"https:\/\/www.europesays.com\/lv\/wp-json\/wp\/v2\/comments?post=81594"}],"version-history":[{"count":0,"href":"https:\/\/www.europesays.com\/lv\/wp-json\/wp\/v2\/posts\/81594\/revisions"}],"wp:featuredmedia":[{"embeddable":true,"href":"https:\/\/www.europesays.com\/lv\/wp-json\/wp\/v2\/media\/81595"}],"wp:attachment":[{"href":"https:\/\/www.europesays.com\/lv\/wp-json\/wp\/v2\/media?parent=81594"}],"wp:term":[{"taxonomy":"category","embeddable":true,"href":"https:\/\/www.europesays.com\/lv\/wp-json\/wp\/v2\/categories?post=81594"},{"taxonomy":"post_tag","embeddable":true,"href":"https:\/\/www.europesays.com\/lv\/wp-json\/wp\/v2\/tags?post=81594"}],"curies":[{"name":"wp","href":"https:\/\/api.w.org\/{rel}","templated":true}]}}