{"id":81598,"date":"2025-12-21T07:11:08","date_gmt":"2025-12-21T07:11:08","guid":{"rendered":"https:\/\/www.europesays.com\/lv\/81598\/"},"modified":"2025-12-21T07:11:08","modified_gmt":"2025-12-21T07:11:08","slug":"operation-bluebird-velas-iegut-twitter-precu-zimi-tacu-x-pret-to-stingri-iebilst","status":"publish","type":"post","link":"https:\/\/www.europesays.com\/lv\/81598\/","title":{"rendered":"\u201cOperation Bluebird\u201d v\u0113las ieg\u016bt \u201cTwitter\u201d pre\u010du z\u012bmi, ta\u010du \u201cX\u201d pret to stingri iebilst"},"content":{"rendered":"<p>2022. gada oktobra beig\u0101s \u012alons Masks par 44 miljardiem ASV dol\u0101ru <a href=\"https:\/\/kursors.lv\/2022\/10\/28\/ilons-masks-oficiali-kluvis-par-twitter-ipasnieku-jau-paspejis-atlaist-ieprieksejo-vadibu\/\" rel=\"nofollow noopener\" target=\"_blank\">ieg\u0101d\u0101j\u0101s<\/a> mikroblogo\u0161anas vietni \u201cTwitter\u201d. \u0160aj\u0101 laik\u0101 uz\u0146\u0113mums veicis v\u0113rien\u012bgu z\u012bmola mai\u0146u un k\u013cuvis par \u201cX\u201d, b\u016bt\u012bb\u0101 atsakoties no \u201cTwitter\u201d pre\u010du z\u012bmes. Tagad p\u0113c t\u0101s t\u012bko jaunuz\u0146\u0113mums \u201cOperation Bluebird\u201d, kas iesniedzis pieteikumu par \u201cTwitter\u201d pre\u010du z\u012bmes re\u0123istr\u0101ciju. Ta\u010du \u201cX\u201d uzvedas k\u0101 suns uz siena kaudzes un stingri iebildis tam.\n<\/p>\n<p>Pirms da\u017e\u0101m dien\u0101m Vird\u017e\u012bnij\u0101 b\u0101z\u0113tais \u201cOperation Bluebird\u201d iesniedza pras\u012bbu ASV Patentu un pre\u010du z\u012bmju biroj\u0101, apgalvojot, ka \u201cX\u201d vairs neizmanto \u201cTwitter\u201d z\u012bmolu. Sav\u0101 pieteikum\u0101 startaps uzsv\u0113ris, ka kop\u0161 Masks p\u0101rd\u0113v\u0113ja \u201cTwitter\u201d par \u201cX\u201d, vairs nekur netiek izmantoti v\u0101rdi \u201cTwitter\u201d un \u201cTweet\u201d, ne ar\u012b zilais ikoniskais putni\u0146\u0161. \u201cOperation Bluebird\u201d uzskata, ka \u201cX\u201d ir atteicies no \u201cTwitter\u201d pre\u010du z\u012bmes un b\u016bt\u012bb\u0101 t\u0101 ir atkal pieejama.\n<\/p>\n<p>Ta\u010du izskat\u0101s, ka t\u0101 vis nav. Lai ar\u012b \u201cX\u201d vairs nekur neizmanto \u201cTwitter\u201d pre\u010du z\u012bmi, uz\u0146\u0113mums nupat klusi\u0146\u0101m main\u012bjis savus noteikumus. \u201cX\u201d tajos skaidri nor\u0101d\u012bjis, ka joproj\u0101m patur visas ties\u012bbas uz \u201cTwitter\u201d nosaukumu un logotipiem. T\u0101pat bez rakstiskas at\u013caujas ir aizliegts izmantot k\u0101 \u201cX\u201d, t\u0101 \u201cTwitter\u201d nosaukumus. Izskat\u0101s, ka tagad ASV Patentu un pre\u010du z\u012bmju birojam j\u0101izlemj, kur\u0161 galu gal\u0101 b\u016bs \u201cTwitter\u201d pre\u010du z\u012bmes saimnieks.<\/p>\n","protected":false},"excerpt":{"rendered":"2022. gada oktobra beig\u0101s \u012alons Masks par 44 miljardiem ASV dol\u0101ru ieg\u0101d\u0101j\u0101s mikroblogo\u0161anas vietni \u201cTwitter\u201d. \u0160aj\u0101 laik\u0101 uz\u0146\u0113mums&hellip;\n","protected":false},"author":2,"featured_media":81599,"comment_status":"","ping_status":"","sticky":false,"template":"","format":"standard","meta":{"footnotes":""},"categories":[16],"tags":[77,76,35,39,38,36,37,34,40],"class_list":{"0":"post-81598","1":"post","2":"type-post","3":"status-publish","4":"format-standard","5":"has-post-thumbnail","7":"category-bizness","8":"tag-bizness","9":"tag-business","10":"tag-latvia","11":"tag-latvian","12":"tag-latviesu","13":"tag-latviesu-valoda","14":"tag-latviesuvaloda","15":"tag-latvija","16":"tag-lv"},"share_on_mastodon":{"url":"https:\/\/pubeurope.com\/@lv\/115756314460047625","error":""},"_links":{"self":[{"href":"https:\/\/www.europesays.com\/lv\/wp-json\/wp\/v2\/posts\/81598","targetHints":{"allow":["GET"]}}],"collection":[{"href":"https:\/\/www.europesays.com\/lv\/wp-json\/wp\/v2\/posts"}],"about":[{"href":"https:\/\/www.europesays.com\/lv\/wp-json\/wp\/v2\/types\/post"}],"author":[{"embeddable":true,"href":"https:\/\/www.europesays.com\/lv\/wp-json\/wp\/v2\/users\/2"}],"replies":[{"embeddable":true,"href":"https:\/\/www.europesays.com\/lv\/wp-json\/wp\/v2\/comments?post=81598"}],"version-history":[{"count":0,"href":"https:\/\/www.europesays.com\/lv\/wp-json\/wp\/v2\/posts\/81598\/revisions"}],"wp:featuredmedia":[{"embeddable":true,"href":"https:\/\/www.europesays.com\/lv\/wp-json\/wp\/v2\/media\/81599"}],"wp:attachment":[{"href":"https:\/\/www.europesays.com\/lv\/wp-json\/wp\/v2\/media?parent=81598"}],"wp:term":[{"taxonomy":"category","embeddable":true,"href":"https:\/\/www.europesays.com\/lv\/wp-json\/wp\/v2\/categories?post=81598"},{"taxonomy":"post_tag","embeddable":true,"href":"https:\/\/www.europesays.com\/lv\/wp-json\/wp\/v2\/tags?post=81598"}],"curies":[{"name":"wp","href":"https:\/\/api.w.org\/{rel}","templated":true}]}}