{"id":81602,"date":"2025-12-21T07:13:11","date_gmt":"2025-12-21T07:13:11","guid":{"rendered":"https:\/\/www.europesays.com\/lv\/81602\/"},"modified":"2025-12-21T07:13:11","modified_gmt":"2025-12-21T07:13:11","slug":"baudi-svetku-gaisotni-dodoties-pastaigu-marsruta-lampinu-dancis-jelgava","status":"publish","type":"post","link":"https:\/\/www.europesays.com\/lv\/81602\/","title":{"rendered":"Baudi sv\u0113tku gaisotni, dodoties pastaigu mar\u0161rut\u0101 &#8220;Lampi\u0146u dancis Jelgav\u0101&#8221;"},"content":{"rendered":"<p>Baudi sv\u0113tku gaisotni, dodoties pastaigu mar\u0161rut\u0101 \u201cLampi\u0146u dancis Jelgav\u0101\u201d<\/p>\n<p>Ziemas grezn\u0101kaj\u0101 m\u0113nes\u012b Jelgavas re\u0123ion\u0101lais T\u016brisma centrs (JRTC) jau tradicion\u0101li jelgavniekus un pils\u0113tas viesus aicina doties pastaigu mar\u0161rut\u0101 \u201cLampi\u0146u dancis Jelgav\u0101\u201d. Dekori pils\u0113tvid\u0113 un pastaigu mar\u0161rut\u0101 priec\u0113s l\u012bdz janv\u0101ra vidum.<\/p>\n<p>Grezn\u0101s egl\u012btes, projekcijas, tematisk\u0101s fotozonas, izgaismots buru ku\u0123\u012btis un mirdzo\u0161u puzuru aleja\u00a0\u2013 t\u0101 ir vien neliela da\u013ca no sv\u0113tku v\u0113stne\u0161iem, kas ikvienu sagaida pastaigu mar\u0161rut\u0101. T\u0101 kop\u0113jais garums ir asto\u0146i kilometri, un mar\u0161ruts no Jelgavas Sv\u0113t\u0101s Tr\u012bsvien\u012bbas bazn\u012bcas tor\u0146a ved uz Stacijas parku, Rai\u0146a parku, Vecpils\u0113tas ielas kvart\u0101lu, Driksas ielas g\u0101j\u0113ju posmu, Hercoga J\u0113kaba laukumu, Jelgavas kult\u016bras namu, Jelgavas pili un nosl\u0113dzas Pasta sal\u0101.<\/p>\n<p>Kop\u0113jais mar\u0161ruta veik\u0161anas laiks ir aptuveni divas stundas. Pastaig\u0101 ieteicams doties, s\u0101kot no pulksten\u00a016, kad k\u013c\u016bst tum\u0161\u0101ks un pils\u0113tas dekori tiek iedegti. JRTC nor\u0101da\u00a0\u2013 lai ziem\u012bg\u0101 pastaiga b\u016btu v\u0113l pat\u012bkam\u0101ka, 15\u00a0Jelgavas kafejn\u012bcas un krodzi\u0146i pied\u0101v\u0101 iesp\u0113ju pa ce\u013cam iegriezties un uz vietas vai \u0146emot l\u012bdzi baud\u012bt ar\u012b \u012bpa\u0161os karstos dz\u0113rienus.<\/p>\n<p><a href=\"https:\/\/www.europesays.com\/lv\/wp-content\/uploads\/2025\/12\/Lampinu_dancis_2025_gala-scaled.jpg?t=1766258809515\"><img fetchpriority=\"high\" decoding=\"async\" class=\"alignnone size-full wp-image-281807\" src=\"https:\/\/www.europesays.com\/lv\/wp-content\/uploads\/2025\/12\/Lampinu_dancis_2025_gala-scaled.jpg\" alt=\"\" width=\"1810\" height=\"2560\"\/><\/a><\/p>\n<p>S\u012bk\u0101ka inform\u0101cija par pastaigas mar\u0161rutu pieejama vietn\u0113 www.visitjelgava.lv.<\/p>\n","protected":false},"excerpt":{"rendered":"Baudi sv\u0113tku gaisotni, dodoties pastaigu mar\u0161rut\u0101 \u201cLampi\u0146u dancis Jelgav\u0101\u201d Ziemas grezn\u0101kaj\u0101 m\u0113nes\u012b Jelgavas re\u0123ion\u0101lais T\u016brisma centrs (JRTC) jau&hellip;\n","protected":false},"author":2,"featured_media":81603,"comment_status":"","ping_status":"","sticky":false,"template":"","format":"standard","meta":{"footnotes":""},"categories":[12],"tags":[23,28,29,32,33,22,30,31,35,39,38,36,37,34,40,20,26,27,24,25,21],"class_list":{"0":"post-81602","1":"post","2":"type-post","3":"status-publish","4":"format-standard","5":"has-post-thumbnail","7":"category-latvija","8":"tag-aktualitates","9":"tag-breaking-news","10":"tag-breakingnews","11":"tag-featured-news","12":"tag-featurednews","13":"tag-headlines","14":"tag-latest-news","15":"tag-latestnews","16":"tag-latvia","17":"tag-latvian","18":"tag-latviesu","19":"tag-latviesu-valoda","20":"tag-latviesuvaloda","21":"tag-latvija","22":"tag-lv","23":"tag-news","24":"tag-popularakas-zinas","25":"tag-popularakaszinas","26":"tag-top-stories","27":"tag-topstories","28":"tag-zinas"},"share_on_mastodon":{"url":"https:\/\/pubeurope.com\/@lv\/115756322260102169","error":""},"_links":{"self":[{"href":"https:\/\/www.europesays.com\/lv\/wp-json\/wp\/v2\/posts\/81602","targetHints":{"allow":["GET"]}}],"collection":[{"href":"https:\/\/www.europesays.com\/lv\/wp-json\/wp\/v2\/posts"}],"about":[{"href":"https:\/\/www.europesays.com\/lv\/wp-json\/wp\/v2\/types\/post"}],"author":[{"embeddable":true,"href":"https:\/\/www.europesays.com\/lv\/wp-json\/wp\/v2\/users\/2"}],"replies":[{"embeddable":true,"href":"https:\/\/www.europesays.com\/lv\/wp-json\/wp\/v2\/comments?post=81602"}],"version-history":[{"count":0,"href":"https:\/\/www.europesays.com\/lv\/wp-json\/wp\/v2\/posts\/81602\/revisions"}],"wp:featuredmedia":[{"embeddable":true,"href":"https:\/\/www.europesays.com\/lv\/wp-json\/wp\/v2\/media\/81603"}],"wp:attachment":[{"href":"https:\/\/www.europesays.com\/lv\/wp-json\/wp\/v2\/media?parent=81602"}],"wp:term":[{"taxonomy":"category","embeddable":true,"href":"https:\/\/www.europesays.com\/lv\/wp-json\/wp\/v2\/categories?post=81602"},{"taxonomy":"post_tag","embeddable":true,"href":"https:\/\/www.europesays.com\/lv\/wp-json\/wp\/v2\/tags?post=81602"}],"curies":[{"name":"wp","href":"https:\/\/api.w.org\/{rel}","templated":true}]}}