{"id":81615,"date":"2025-12-21T07:24:17","date_gmt":"2025-12-21T07:24:17","guid":{"rendered":"https:\/\/www.europesays.com\/lv\/81615\/"},"modified":"2025-12-21T07:24:17","modified_gmt":"2025-12-21T07:24:17","slug":"lidmasinu-momenta-meta-rinki-pasazieri-atklaj-ka-iekapusi-kopa-ar-liki","status":"publish","type":"post","link":"https:\/\/www.europesays.com\/lv\/81615\/","title":{"rendered":"Lidma\u0161\u012bnu moment\u0101 \u201cmeta ri\u0146\u0137\u012b\u201d. Pasa\u017eieri atkl\u0101j, ka \u201ciek\u0101pu\u0161i\u201d kop\u0101 ar l\u012b\u0137i"},"content":{"rendered":"<p>    <img decoding=\"async\" src=\"https:\/\/www.europesays.com\/lv\/wp-content\/uploads\/2025\/12\/AFP_1Q96W1-1-800x534.jpg\" alt=\"&#10;\"\/><\/p>\n<p>Foto: SCANPIX\/AFP\/LETA\n<\/p>\n<p>Da\u017eiem atp\u016btniekiem izdevies pieredz\u0113t ko pavisam nepat\u012bkamu. Proti, k\u0101da britu \u0123imene ar aviokomp\u0101nijas easyJet reisu no Sp\u0101nijas uz Getvikas lidostu grib\u0113ja p\u0101rvest miru\u0161as sievietes \u0137ermeni, izliekoties, ka \u0161\u012b sieviete gu\u013c. <\/p>\n<p>        Las\u012bt\u0101kie<br \/>\n        <a data-imagesrc=\"{&quot;300&quot;:&quot;https:\\\/\\\/lastatic.ams3.cdn.digitaloceanspaces.com\\\/2025\\\/12\\\/pexels-cottonbro-3171815-300x200.jpg&quot;,&quot;1024&quot;:&quot;https:\\\/\\\/lastatic.ams3.cdn.digitaloceanspaces.com\\\/2025\\\/12\\\/pexels-cottonbro-3171815-1024x684.jpg&quot;,&quot;1536&quot;:&quot;https:\\\/\\\/lastatic.ams3.cdn.digitaloceanspaces.com\\\/2025\\\/12\\\/pexels-cottonbro-3171815-1536x1026.jpg&quot;,&quot;500&quot;:&quot;https:\\\/\\\/lastatic.ams3.cdn.digitaloceanspaces.com\\\/2025\\\/12\\\/pexels-cottonbro-3171815-500x334.jpg&quot;,&quot;800&quot;:&quot;https:\\\/\\\/lastatic.ams3.cdn.digitaloceanspaces.com\\\/2025\\\/12\\\/pexels-cottonbro-3171815-800x534.jpg&quot;,&quot;2560&quot;:&quot;https:\\\/\\\/lastatic.ams3.cdn.digitaloceanspaces.com\\\/2025\\\/12\\\/pexels-cottonbro-3171815-scaled.jpg&quot;}\" data-focuspoint=\"&quot;&quot;\" data-p=\"2484502\" href=\"https:\/\/www.la.lv\/tikai-sis-cetras-zodiaka-zimes-mirdzes-visu-2026-gadu-kas-tas-sagaida\" class=\"content-item lazy-load\" wp_automatic_readability=\"26\" rel=\"nofollow noopener\" target=\"_blank\"><\/p>\n<p>                                <img decoding=\"async\" src=\"\" alt=\"\" style=\"\" data-imageid=\"\"\/><\/p>\n<p>                                Kokteilis<\/p>\n<p>\n                                                Tikai \u0161\u012bs \u010detras zodiaka z\u012bmes mirdz\u0113s visu 2026. gadu: kas t\u0101s sagaida\n                            <\/p>\n<p><\/a><a data-imagesrc=\"{&quot;300&quot;:&quot;https:\\\/\\\/lastatic.ams3.cdn.digitaloceanspaces.com\\\/2025\\\/12\\\/68ead995-eb1d-43f6-83be-659f3833dd4f-1-300x200.jpg&quot;,&quot;1024&quot;:&quot;https:\\\/\\\/lastatic.ams3.cdn.digitaloceanspaces.com\\\/2025\\\/12\\\/68ead995-eb1d-43f6-83be-659f3833dd4f-1-1024x683.jpg&quot;,&quot;1536&quot;:&quot;https:\\\/\\\/lastatic.ams3.cdn.digitaloceanspaces.com\\\/2025\\\/12\\\/68ead995-eb1d-43f6-83be-659f3833dd4f-1-1536x1024.jpg&quot;,&quot;500&quot;:&quot;https:\\\/\\\/lastatic.ams3.cdn.digitaloceanspaces.com\\\/2025\\\/12\\\/68ead995-eb1d-43f6-83be-659f3833dd4f-1-500x333.jpg&quot;,&quot;800&quot;:&quot;https:\\\/\\\/lastatic.ams3.cdn.digitaloceanspaces.com\\\/2025\\\/12\\\/68ead995-eb1d-43f6-83be-659f3833dd4f-1-800x533.jpg&quot;,&quot;1800&quot;:&quot;https:\\\/\\\/lastatic.ams3.cdn.digitaloceanspaces.com\\\/2025\\\/12\\\/68ead995-eb1d-43f6-83be-659f3833dd4f-1.jpg&quot;}\" data-focuspoint=\"&quot;&quot;\" data-p=\"2484506\" href=\"https:\/\/www.la.lv\/foto-bernudarzs-par-kuru-runa-visa-latvija-tik-grezna-ziemassvetku-pasaka-skiet-citviet-nav-redzeta\" class=\"content-item lazy-load\" wp_automatic_readability=\"28\" rel=\"nofollow noopener\" target=\"_blank\"><\/p>\n<p>                                <img decoding=\"async\" src=\"\" alt=\"\" style=\"\" data-imageid=\"\"\/><\/p>\n<p>                                            FOTO. B\u0113rnud\u0101rzs, par kuru run\u0101  visa Latvija \u2013 tik grezna Ziemassv\u0113tku pasaka, \u0161\u0137iet, citviet nav redz\u0113ta\n                            <\/p>\n<p><\/a><a data-imagesrc=\"{&quot;300&quot;:&quot;https:\\\/\\\/lastatic.ams3.cdn.digitaloceanspaces.com\\\/2025\\\/12\\\/russia_ukraine_war_56339-1-300x200.jpg&quot;,&quot;500&quot;:&quot;https:\\\/\\\/lastatic.ams3.cdn.digitaloceanspaces.com\\\/2025\\\/12\\\/russia_ukraine_war_56339-1-500x333.jpg&quot;,&quot;800&quot;:&quot;https:\\\/\\\/lastatic.ams3.cdn.digitaloceanspaces.com\\\/2025\\\/12\\\/russia_ukraine_war_56339-1.jpg&quot;}\" data-focuspoint=\"&quot;&quot;\" data-p=\"2481161\" href=\"https:\/\/www.la.lv\/si-ziema-krievijai-bus-aukstaka-un-tumsaka-neka-mums-kas-slepjas-zem-siem-ukrainas-klusajiem-draudiem\" class=\"content-item lazy-load\" wp_automatic_readability=\"26.5\" rel=\"nofollow noopener\" target=\"_blank\"><\/p>\n<p>                                <img decoding=\"async\" src=\"\" alt=\"\" style=\"\" data-imageid=\"\"\/><\/p>\n<p>\n                                                \u201c\u0160\u012b ziema Krievijai b\u016bs aukst\u0101ka un tum\u0161\u0101ka nek\u0101 mums!\u201d Kas sl\u0113pjas aiz \u0161\u012b klus\u0101 Ukrainas prieka?\n                            <\/p>\n<p><\/a><br \/>\n        <a class=\"read-more\" href=\"https:\/\/www.la.lv\/top\" rel=\"nofollow noopener\" target=\"_blank\">Las\u012bt citas zi\u0146as<\/a><\/p>\n<p>89 gadus veco sievieti lidma\u0161\u012bn\u0101 ieveda pieci vi\u0146as radinieki, kuri, p\u0113c aculiecinieku teikt\u0101, st\u0101st\u012bja aviokomp\u0101nijas person\u0101lam, ka sieviete ir tikai slima un nogurusi, t\u0101 par \u0161o atgad\u012bjumu raksta The Sun. <\/p>\n<p>Jau pirms pacel\u0161an\u0101s apkalpe atkl\u0101ja, ka sieviete ir mirusi. Lidma\u0161\u012bna tika pagriezta atpaka\u013c pirms izbrauk\u0161anas uz skrejce\u013ca, tom\u0113r reiss aizkav\u0113j\u0101s par 12 stund\u0101m.<\/p>\n<p>    CITI \u0160OBR\u012aD LASA<\/p>\n<p>EasyJet  skaidro, ka aps\u016bdz\u012bbas aviokomp\u0101nijai ir nepamatotas \u2013 pasa\u017eierei bijusi der\u012bga bi\u013cete un vi\u0146a bijusi dz\u012bva, kad k\u0101pa lidma\u0161\u012bn\u0101.<\/p>\n<p>Tikm\u0113r pasa\u017eieri soct\u012bklos raksta, ka \u201cVi\u0146a tie\u0161\u0101m izskat\u012bj\u0101s mirusi \u2013 rati\u0146kr\u0113sl\u0101, ko st\u016bma \u0123imene. \u0122imene teica, ka vi\u0146ai viss k\u0101rt\u012bb\u0101, bet ikviens, kam g\u0101ja gar\u0101m, teica \u201cAk, Dievs, vi\u0146a izskat\u0101s mirusi. T\u0101tad, EasyJet, jums b\u016btu j\u0101kaunas par sevi.\u201d<\/p>\n<p>Bet par \u0123imeni, kas atveda miru\u0161o sievieti uz lidma\u0161\u012bnu, piebilst: \u201cCeru, ka Sp\u0101nijas varas iest\u0101des met\u012bs vi\u0146iem ar likumu gr\u0101matu!\u201d <\/p>\n<p>T\u0113mas<\/p>\n<p>    SAIST\u012aTIE RAKSTI<\/p>\n","protected":false},"excerpt":{"rendered":"Foto: SCANPIX\/AFP\/LETA Da\u017eiem atp\u016btniekiem izdevies pieredz\u0113t ko pavisam nepat\u012bkamu. Proti, k\u0101da britu \u0123imene ar aviokomp\u0101nijas easyJet reisu no&hellip;\n","protected":false},"author":2,"featured_media":81616,"comment_status":"","ping_status":"","sticky":false,"template":"","format":"standard","meta":{"footnotes":""},"categories":[14],"tags":[23,57,28,29,32,33,22,30,31,35,39,38,36,37,34,40,20,26,27,24,25,54,55,56,21,58],"class_list":{"0":"post-81615","1":"post","2":"type-post","3":"status-publish","4":"format-standard","5":"has-post-thumbnail","7":"category-zinas-no-arvalstim","8":"tag-aktualitates","9":"tag-arvalstim","10":"tag-breaking-news","11":"tag-breakingnews","12":"tag-featured-news","13":"tag-featurednews","14":"tag-headlines","15":"tag-latest-news","16":"tag-latestnews","17":"tag-latvia","18":"tag-latvian","19":"tag-latviesu","20":"tag-latviesu-valoda","21":"tag-latviesuvaloda","22":"tag-latvija","23":"tag-lv","24":"tag-news","25":"tag-popularakas-zinas","26":"tag-popularakaszinas","27":"tag-top-stories","28":"tag-topstories","29":"tag-world","30":"tag-world-news","31":"tag-worldnews","32":"tag-zinas","33":"tag-zinas-no-arvalstim"},"share_on_mastodon":{"url":"https:\/\/pubeurope.com\/@lv\/115756365676150762","error":""},"_links":{"self":[{"href":"https:\/\/www.europesays.com\/lv\/wp-json\/wp\/v2\/posts\/81615","targetHints":{"allow":["GET"]}}],"collection":[{"href":"https:\/\/www.europesays.com\/lv\/wp-json\/wp\/v2\/posts"}],"about":[{"href":"https:\/\/www.europesays.com\/lv\/wp-json\/wp\/v2\/types\/post"}],"author":[{"embeddable":true,"href":"https:\/\/www.europesays.com\/lv\/wp-json\/wp\/v2\/users\/2"}],"replies":[{"embeddable":true,"href":"https:\/\/www.europesays.com\/lv\/wp-json\/wp\/v2\/comments?post=81615"}],"version-history":[{"count":0,"href":"https:\/\/www.europesays.com\/lv\/wp-json\/wp\/v2\/posts\/81615\/revisions"}],"wp:featuredmedia":[{"embeddable":true,"href":"https:\/\/www.europesays.com\/lv\/wp-json\/wp\/v2\/media\/81616"}],"wp:attachment":[{"href":"https:\/\/www.europesays.com\/lv\/wp-json\/wp\/v2\/media?parent=81615"}],"wp:term":[{"taxonomy":"category","embeddable":true,"href":"https:\/\/www.europesays.com\/lv\/wp-json\/wp\/v2\/categories?post=81615"},{"taxonomy":"post_tag","embeddable":true,"href":"https:\/\/www.europesays.com\/lv\/wp-json\/wp\/v2\/tags?post=81615"}],"curies":[{"name":"wp","href":"https:\/\/api.w.org\/{rel}","templated":true}]}}