{"id":81637,"date":"2025-12-21T08:19:08","date_gmt":"2025-12-21T08:19:08","guid":{"rendered":"https:\/\/www.europesays.com\/lv\/81637\/"},"modified":"2025-12-21T08:19:08","modified_gmt":"2025-12-21T08:19:08","slug":"sestdien-celu-satiksmes-negadijumos-gajusi-boja-divi-cilveki-2","status":"publish","type":"post","link":"https:\/\/www.europesays.com\/lv\/81637\/","title":{"rendered":"Sestdien ce\u013cu satiksmes negad\u012bjumos g\u0101ju\u0161i boj\u0101 divi cilv\u0113ki"},"content":{"rendered":"<p>Ap plkst. 12.20 Liep\u0101j\u0101, Klaip\u0113das iel\u0101, automa\u0161\u012bna &#8220;Renault&#8221; nobrauca no ce\u013ca braucam\u0101s da\u013cas un uzbrauca ce\u013ca no\u017eogojumam. Transportl\u012bdzek\u013ca vad\u012bt\u0101js notikuma viet\u0101 g\u0101ja boj\u0101. <a href=\"https:\/\/www.apollo.lv\/term\/555407\/valsts-policija\" class=\"topicLink\" target=\"_blank\" rel=\"nofollow noopener\">Valsts policija<\/a> izmekl\u0113 negad\u012bjuma apst\u0101k\u013cus.<\/p>\n<p>Savuk\u0101rt ap plkst. 18.10 citviet Kurzem\u0113, Kuld\u012bgas novada Kurm\u0101les pagast\u0101, automa\u0161\u012bnas &#8220;BMW&#8221; vad\u012bt\u0101js uzbrauca g\u0101j\u0113jam, kur\u0161, p\u0113c policijas r\u012bc\u012bb\u0101 eso\u0161\u0101s s\u0101kotn\u0113j\u0101s inform\u0101cijas, atrad\u0101s uz ce\u013ca braucam\u0101s da\u013cas bez gaismu atstarojo\u0161iem elementiem. Negad\u012bjum\u0101 g\u0101j\u0113js zaud\u0113ja dz\u012bv\u012bbu. Policija izmekl\u0113 notiku\u0161\u0101 apst\u0101k\u013cus.<\/p>\n<p>Aizvad\u012btaj\u0101 diennakt\u012b Latvij\u0101 kopum\u0101 re\u0123istr\u0113ti 106 ce\u013cu satiksmes negad\u012bjumi, \u010detros no tiem cietu\u0161i cilv\u0113ki &#8211; katr\u0101 pa vienam. Divas av\u0101rijas ar cietu\u0161ajiem notiku\u0161as Kurzemes re\u0123ion\u0101, viena Vidzemes re\u0123ion\u0101 un viena R\u012bgas re\u0123ion\u0101. Starp cietu\u0161ajiem ir divi g\u0101j\u0113ji &#8211; pa vienam R\u012bgas re\u0123ion\u0101 un Kurzem\u0113.<\/p>\n","protected":false},"excerpt":{"rendered":"Ap plkst. 12.20 Liep\u0101j\u0101, Klaip\u0113das iel\u0101, automa\u0161\u012bna &#8220;Renault&#8221; nobrauca no ce\u013ca braucam\u0101s da\u013cas un uzbrauca ce\u013ca no\u017eogojumam. Transportl\u012bdzek\u013ca&hellip;\n","protected":false},"author":2,"featured_media":81638,"comment_status":"","ping_status":"","sticky":false,"template":"","format":"standard","meta":{"footnotes":""},"categories":[12],"tags":[23,28,29,347,32,33,22,30,31,35,39,38,36,37,34,40,20,26,27,24,25,138,21],"class_list":{"0":"post-81637","1":"post","2":"type-post","3":"status-publish","4":"format-standard","5":"has-post-thumbnail","7":"category-latvija","8":"tag-aktualitates","9":"tag-breaking-news","10":"tag-breakingnews","11":"tag-celu-satiksmes-negadijums","12":"tag-featured-news","13":"tag-featurednews","14":"tag-headlines","15":"tag-latest-news","16":"tag-latestnews","17":"tag-latvia","18":"tag-latvian","19":"tag-latviesu","20":"tag-latviesu-valoda","21":"tag-latviesuvaloda","22":"tag-latvija","23":"tag-lv","24":"tag-news","25":"tag-popularakas-zinas","26":"tag-popularakaszinas","27":"tag-top-stories","28":"tag-topstories","29":"tag-valsts-policija","30":"tag-zinas"},"share_on_mastodon":{"url":"https:\/\/pubeurope.com\/@lv\/115756581727224563","error":""},"_links":{"self":[{"href":"https:\/\/www.europesays.com\/lv\/wp-json\/wp\/v2\/posts\/81637","targetHints":{"allow":["GET"]}}],"collection":[{"href":"https:\/\/www.europesays.com\/lv\/wp-json\/wp\/v2\/posts"}],"about":[{"href":"https:\/\/www.europesays.com\/lv\/wp-json\/wp\/v2\/types\/post"}],"author":[{"embeddable":true,"href":"https:\/\/www.europesays.com\/lv\/wp-json\/wp\/v2\/users\/2"}],"replies":[{"embeddable":true,"href":"https:\/\/www.europesays.com\/lv\/wp-json\/wp\/v2\/comments?post=81637"}],"version-history":[{"count":0,"href":"https:\/\/www.europesays.com\/lv\/wp-json\/wp\/v2\/posts\/81637\/revisions"}],"wp:featuredmedia":[{"embeddable":true,"href":"https:\/\/www.europesays.com\/lv\/wp-json\/wp\/v2\/media\/81638"}],"wp:attachment":[{"href":"https:\/\/www.europesays.com\/lv\/wp-json\/wp\/v2\/media?parent=81637"}],"wp:term":[{"taxonomy":"category","embeddable":true,"href":"https:\/\/www.europesays.com\/lv\/wp-json\/wp\/v2\/categories?post=81637"},{"taxonomy":"post_tag","embeddable":true,"href":"https:\/\/www.europesays.com\/lv\/wp-json\/wp\/v2\/tags?post=81637"}],"curies":[{"name":"wp","href":"https:\/\/api.w.org\/{rel}","templated":true}]}}