{"id":81641,"date":"2025-12-21T08:22:09","date_gmt":"2025-12-21T08:22:09","guid":{"rendered":"https:\/\/www.europesays.com\/lv\/81641\/"},"modified":"2025-12-21T08:22:09","modified_gmt":"2025-12-21T08:22:09","slug":"ousmane-dembele-fifa-gada-labakais-speletajs-2025-aitana-bonmati-atkarto-triumfu-sieviesu-konkurence-lente-lv","status":"publish","type":"post","link":"https:\/\/www.europesays.com\/lv\/81641\/","title":{"rendered":"Ousmane Dembel\u0113 FIFA Gada lab\u0101kais sp\u0113l\u0113t\u0101js 2025; Aitana Bonmat\u012b atk\u0101rto triumfu sievie\u0161u konkurenc\u0113\u00a0\u2014\u00a0Lente.lv"},"content":{"rendered":"<p>FIFA \u201eThe Best\u201d balvu pasnieg\u0161anas ceremonija: Dembel\u0113 virsotn\u0113<\/p>\n<p>Par\u012bzes &#8220;Saint-Germain&#8221; (PSG) uzbruc\u0113js Ousmane Dembel\u0113 ir atz\u012bts par 2025. gada lab\u0101ko v\u012brie\u0161u futbolistu Starptautisk\u0101s Futbola feder\u0101ciju asoci\u0101cijas (FIFA) ikgad\u0113j\u0101 &#8220;The Best&#8221; balvu pasnieg\u0161anas ceremonij\u0101. \u0160is apbalvojums iez\u012bm\u0113 fran\u010du zvaigznes karjeras liela m\u0113roga atzin\u012bbas virsotni, triumf\u0113jot pirmo reizi \u0161aj\u0101 presti\u017eaj\u0101 kategorij\u0101. Ceremonija notika 2025. gada 16. decembr\u012b Kataras galvaspils\u0113t\u0101, Doh\u0101, godinot sp\u0113l\u0113t\u0101ju sniegumu laika posm\u0101 no 2024. gada augusta l\u012bdz 2025. gada augustam.<\/p>\n<p>Dembel\u0113 uzvara sekoja p\u0113c izcilas 2024.\/2025. gada sezonas ar PSG, kuras laik\u0101 vi\u0146\u0161 pal\u012bdz\u0113ja klubam izc\u012bn\u012bt v\u0113sturisku tr\u012bsk\u0101rt\u0113jo triumfu: Francijas &#8220;Ligue 1&#8221; \u010dempiontitulu, Francijas kausu un, kas \u012bpa\u0161i noz\u012bm\u012bgi, UEFA \u010cempionu l\u012bgas trofeju. T\u0101pat vi\u0146a kont\u0101 ir ar\u012b UEFA Superkausa 2025 izc\u012bna. Uzvara \u0161aj\u0101 balv\u0101 padara Dembel\u0113 par otro Francijas p\u0101rst\u0101vi v\u0113stur\u0113, kas sa\u0146\u0113mis FIFA Gada lab\u0101k\u0101 sp\u0113l\u0113t\u0101ja titulu, sekojot Zinedine Zidane p\u0113d\u0101m, kur\u0161 to ieguva iepriek\u0161\u0113j\u0101s balvas versij\u0101s.<\/p>\n<p>Dembel\u0113 izcil\u0101 sezona un konkurence<\/p>\n<p>28 gadus vec\u0101 uzbruc\u0113ja individu\u0101lais sniegums sezon\u0101 bija iespaid\u012bgs. Statistikas dati liecina, ka visos turn\u012bros aizvad\u012btaj\u0101s 59 sp\u0113l\u0113s Dembel\u0113 guvis 35 v\u0101rtus un atdevis 16 rezultat\u012bvas piesp\u0113les. Francijas \u010dempion\u0101t\u0101 vi\u0146\u0161 k\u013cuva par rezultat\u012bv\u0101ko sp\u0113l\u0113t\u0101ju ar 21 v\u0101rtu un tika atz\u012bts ar\u012b par sezonas lab\u0101ko sp\u0113l\u0113t\u0101ju &#8220;Ligue 1&#8221;. Turkl\u0101t, vi\u0146a izcilais sniegums \u010cempionu l\u012bg\u0101 vi\u0146am nodro\u0161in\u0101ja ar\u012b \u0161\u012b turn\u012bra sezonas sp\u0113l\u0113t\u0101ja titulu.<\/p>\n<p>Konkurenc\u0113 par titulu Dembel\u0113 p\u0101rsp\u0113ja t\u0101dus futbolistus k\u0101 &#8220;Real Madrid&#8221; zvaigzni Kylian Mbapp\u00e9 un &#8220;Barcelona&#8221; pussargu Lamine Yamal. \u0160is apliecin\u0101jums sekoja neilgi p\u0113c tam, kad Dembel\u0113 septembr\u012b pirmo reizi karjer\u0101 sa\u0146\u0113ma ar\u012b &#8220;Ballon d&#8217;Or&#8221; balvu, v\u0113l vair\u0101k nostiprinot savu poz\u012bciju pasaules futbola elites vid\u016b.<\/p>\n<blockquote><p>&#8220;Man ir liels prieks, esmu pateic\u012bgs visiem komandas biedriem. Smags darbs atmaks\u0101j\u0101s. Man \u0161is gads bija fantastisks gan individu\u0101li, gan kolekt\u012bvi,&#8221; Dembel\u0113 teiktais no skatuves Doh\u0101 tika cit\u0113ts medijos.<\/p><\/blockquote>\n<p>Aitana Bonmat\u012b turpina domin\u0113t sievie\u0161u futbol\u0101<\/p>\n<p>Sievie\u0161u konkurenc\u0113 triumf\u0113ja &#8220;Barcelona&#8221; pussardze Aitana Bonmat\u012b, kura par gada lab\u0101ko sp\u0113l\u0113t\u0101ju tika atz\u012bta jau tre\u0161o gadu p\u0113c k\u0101rtas (2023., 2024. un 2025. gads). Vi\u0146as pan\u0101kumi ir unik\u0101ls sasniegums sievie\u0161u futbola v\u0113stur\u0113, izc\u012bnot tr\u012bs p\u0113c k\u0101rtas &#8220;The Best&#8221; balvas, kas sasniegums v\u0113l nav izdevies nevienai citai sp\u0113l\u0113t\u0101jai. \u0160is apbalvojums kalpo k\u0101 papildu atzin\u012bba vi\u0146as izcilajai konsekvencei un ietekmei augst\u0101kaj\u0101 l\u012bmen\u012b.<\/p>\n<p>Bonmat\u012b 2025. gada sezona ar &#8220;Barcelona&#8221; bija v\u0113l viena trofej\u0101m bag\u0101ta. Katal\u0101ni izc\u012bn\u012bja pilnu iek\u0161zemes titulu komplektu: Sp\u0101nijas Superkausu, &#8220;Copa de la Reina&#8221; un &#8220;Liga F&#8221;. Lai gan \u010cempionu l\u012bgas fin\u0101l\u0101 &#8220;Barcelona&#8221; nedaudz zaud\u0113ja, un Sp\u0101nijas izlase ar\u012b fini\u0161\u0113ja otr\u0101 viet\u0101 Eiropas \u010dempion\u0101ta fin\u0101l\u0101, Bonmat\u012b tika atz\u012bta par turn\u012bra MVP (v\u0113rt\u012bg\u0101ko sp\u0113l\u0113t\u0101ju).<\/p>\n<p>Titulu glab\u0101tava un balsojuma process<\/p>\n<p>FIFA &#8220;The Best&#8221; balvas tiek pie\u0161\u0137irtas, balstoties uz balsojumu, kur\u0101 piedal\u0101s valstsvien\u012bbu kaptei\u0146i un treneri, k\u0101 ar\u012b izv\u0113l\u0113ti \u017eurn\u0101listi un fani. T\u0101d\u0113j\u0101di uzvar\u0113t\u0101ju noteik\u0161an\u0101 liela loma ir gan profesion\u0101\u013cu, gan pla\u0161\u0101s futbola sabiedr\u012bbas v\u0113rt\u0113jumam par sniegumu teju divu gadu period\u0101.<\/p>\n<p>Aitana Bonmat\u012b \u0161obr\u012bd ir viens no atpaz\u012bstam\u0101kajiem un ietekm\u012bg\u0101kajiem sp\u0113l\u0113t\u0101jiem pasaul\u0113, un vi\u0146as neparast\u0101 karjera tiek sal\u012bdzin\u0101ta ar citiem kluba le\u0123endiem, piem\u0113ram, Alexia Putellas, kura iepriek\u0161 ieguva \u0161o balvu divus gadus p\u0113c k\u0101rtas. Kopum\u0101 &#8220;Barcelona&#8221; sievie\u0161u komanda ir ieguvusi pusi no vis\u0101m &#8220;The Best&#8221; sievie\u0161u balv\u0101m kop\u0161 t\u0101s dibin\u0101\u0161anas.<\/p>\n<p>Latvijas Futsala Ieskats un citu balvu ieguv\u0113ji<\/p>\n<p>Kam\u0113r pasaules futbols svin savas liel\u0101k\u0101s zvaigznes, Latvijas sporta aprind\u0101s \u0161aj\u0101 laik\u0101 aktualit\u0101tes sniedza ar\u012b telpu futbols. Tuv\u0101 laik\u0101 Latvijas telpu futbolisti izc\u012bn\u012bja neiz\u0161\u0137irtu 1:1 pret \u010cehijas komandu p\u0101rbaudes turn\u012br\u0101 \u010cehij\u0101. Tom\u0113r galven\u0101 uzman\u012bba tradicion\u0101li ir piev\u0113rsta starptautiskajiem sasniegumiem, un &#8220;The Best&#8221; balvas pasnieg\u0161ana atkal apliecin\u0101ja sp\u0101\u0146u un fran\u010du sp\u0113l\u0113t\u0101ju dominanci \u0161aj\u0101 period\u0101.<\/p>\n<p>Lai gan zi\u0146ojum\u0101 prec\u012bzi nav min\u0113ti citi balvu ieguv\u0113ji \u0161aj\u0101 gad\u0101, piem\u0113ram, par lab\u0101ko v\u0101rtsargu vai treneri, Dembel\u0113 un Bonmat\u012b triumfs ilustr\u0113 abu futbolu augst\u0101ko l\u012bmeni. Dembel\u0113 pan\u0101kumi, jo \u012bpa\u0161i \u010cempionu l\u012bgas uzvara ar PSG, ir b\u016btisks pagrieziena punkts vi\u0146a karjer\u0101, kas iepriek\u0161 tika saist\u012bta ar nestabilit\u0101ti un trauma.<\/p>\n","protected":false},"excerpt":{"rendered":"FIFA \u201eThe Best\u201d balvu pasnieg\u0161anas ceremonija: Dembel\u0113 virsotn\u0113 Par\u012bzes &#8220;Saint-Germain&#8221; (PSG) uzbruc\u0113js Ousmane Dembel\u0113 ir atz\u012bts par 2025.&hellip;\n","protected":false},"author":2,"featured_media":81642,"comment_status":"","ping_status":"","sticky":false,"template":"","format":"standard","meta":{"footnotes":""},"categories":[17],"tags":[19430,20566,20567,35,39,38,36,37,34,40,20565,2098,67],"class_list":{"0":"post-81641","1":"post","2":"type-post","3":"status-publish","4":"format-standard","5":"has-post-thumbnail","7":"category-sports","8":"tag-aitana-bonmati","9":"tag-fifa-the-best","10":"tag-gada-labakais-futbolists","11":"tag-latvia","12":"tag-latvian","13":"tag-latviesu","14":"tag-latviesu-valoda","15":"tag-latviesuvaloda","16":"tag-latvija","17":"tag-lv","18":"tag-ousmane-dembele","19":"tag-psg","20":"tag-sports"},"share_on_mastodon":{"url":"https:\/\/pubeurope.com\/@lv\/115756593533095125","error":""},"_links":{"self":[{"href":"https:\/\/www.europesays.com\/lv\/wp-json\/wp\/v2\/posts\/81641","targetHints":{"allow":["GET"]}}],"collection":[{"href":"https:\/\/www.europesays.com\/lv\/wp-json\/wp\/v2\/posts"}],"about":[{"href":"https:\/\/www.europesays.com\/lv\/wp-json\/wp\/v2\/types\/post"}],"author":[{"embeddable":true,"href":"https:\/\/www.europesays.com\/lv\/wp-json\/wp\/v2\/users\/2"}],"replies":[{"embeddable":true,"href":"https:\/\/www.europesays.com\/lv\/wp-json\/wp\/v2\/comments?post=81641"}],"version-history":[{"count":0,"href":"https:\/\/www.europesays.com\/lv\/wp-json\/wp\/v2\/posts\/81641\/revisions"}],"wp:featuredmedia":[{"embeddable":true,"href":"https:\/\/www.europesays.com\/lv\/wp-json\/wp\/v2\/media\/81642"}],"wp:attachment":[{"href":"https:\/\/www.europesays.com\/lv\/wp-json\/wp\/v2\/media?parent=81641"}],"wp:term":[{"taxonomy":"category","embeddable":true,"href":"https:\/\/www.europesays.com\/lv\/wp-json\/wp\/v2\/categories?post=81641"},{"taxonomy":"post_tag","embeddable":true,"href":"https:\/\/www.europesays.com\/lv\/wp-json\/wp\/v2\/tags?post=81641"}],"curies":[{"name":"wp","href":"https:\/\/api.w.org\/{rel}","templated":true}]}}