{"id":81643,"date":"2025-12-21T08:25:18","date_gmt":"2025-12-21T08:25:18","guid":{"rendered":"https:\/\/www.europesays.com\/lv\/81643\/"},"modified":"2025-12-21T08:25:18","modified_gmt":"2025-12-21T08:25:18","slug":"liepajas-dome-atbalsta-makslinieka-salmana-rotaligo-vides-objektu-putiens-paredzot-ta-parvietosanu-2028-gada-lente-lv-2","status":"publish","type":"post","link":"https:\/\/www.europesays.com\/lv\/81643\/","title":{"rendered":"Liep\u0101jas dome atbalsta m\u0101kslinieka Salma\u0146a rota\u013c\u012bgo vides objektu \u201cP\u016btiens\u201d, paredzot t\u0101 p\u0101rvieto\u0161anu 2028. gad\u0101\u00a0\u2014\u00a0Lente.lv"},"content":{"rendered":"<p>Liep\u0101jas Dome atbalsta m\u0101kslinieka Salma\u0146a vides objektu \u201cP\u016btiens\u201d pils\u0113t\u0101<\/p>\n<p>Liep\u0101jas dome ir devusi za\u013co gaismu rota\u013c\u012bga un laikmet\u012bga vides objekta izvieto\u0161anai pils\u0113t\u0101. \u0160is l\u0113mums, kas pie\u0146emts 18. decembr\u012b, ir nosl\u0113dzo\u0161ais solis p\u0113c s\u0101kotn\u0113j\u0101m diskusij\u0101m un pat pretest\u012bbas domes komitej\u0101s. Lai gan pirmatn\u0113jie balsojumi kult\u016bras un finan\u0161u komitej\u0101s bija pret \u0161o ieceri, gal\u012bgaj\u0101 balsojum\u0101 dome tom\u0113r nol\u0113ma atbalst\u012bt m\u0101kslinieka Kri\u0161a Salma\u0146a darbu \u201cP\u016btiens\u201d k\u0101 da\u013cu no \u201cLiep\u0101ja \u2013 Eiropas kult\u016bras galvaspils\u0113ta 2027\u201d programmas. L\u0113mums tika pie\u0146emts ar 7 bals\u012bm par, 4 pret un 2 deput\u0101tiem atturoties. \u0160is kompromisa risin\u0101jums paredz ne tikai objekta izveidi, bet ar\u012b t\u0101 atra\u0161an\u0101s vietas p\u0101rskat\u012b\u0161anu un iesp\u0113jamu p\u0101rvieto\u0161anu p\u0113c 2028. gada, kad Liep\u0101ja b\u016bs nosl\u0113gusi savu gadu k\u0101 Eiropas kult\u016bras galvaspils\u0113ta.<\/p>\n<p>M\u0101kslas darba \u201cP\u016btiens\u201d koncepcija un izmaksas<\/p>\n<p>M\u0101kslinieka Kri\u0161a Salma\u0146a iecere \u201cP\u016btiens\u201d ir unik\u0101la un saisto\u0161a laikmet\u012bg\u0101s m\u0101kslas skulpt\u016bra. T\u0101 tiek raksturota k\u0101 minim\u0101listiska spogu\u013cmet\u0101la skulpt\u016bra \u2013 milz\u012bgs, tr\u012bs metrus diametr\u0101 liels peldri\u0146\u0137is ar vienrad\u017ea galvu, kas st\u0101v iesl\u012bpi, radot iespaidu par it k\u0101 no j\u016bras aizp\u016bstu objektu, kas ar savu ragu ied\u016bries zem\u0113. \u0160\u012b vizu\u0101l\u0101 metafora ironiski apsp\u0113l\u0113 Liep\u0101jas k\u0101 \u201cv\u0113ja pils\u0113tas\u201d t\u0113mu. Darba izmaksas paredz\u0113tas l\u012bdz 60 000 eiro, ieskaitot visus nodok\u013cus, un t\u0101s tiks segtas no valsts bud\u017eeta l\u012bdzek\u013ciem. Objekta s\u0101kotn\u0113j\u0101 atra\u0161an\u0101s vieta pl\u0101nota Graudu ielas un K\u016brm\u0101jas prospekta krustojum\u0101, ta\u010du tiek paredz\u0113ta t\u0101s p\u0101rvieto\u0161ana n\u0101kotn\u0113. Lai gan da\u017ei deput\u0101ti kritiz\u0113ja izraudz\u012bto t\u0113lu un t\u0101 potenci\u0101lo atra\u0161an\u0101s vietu, uzsverot nepiecie\u0161am\u012bbu p\u0113c labiek\u0101rtojuma un apgaismojuma, m\u0101kslinieks cer, ka \u201cP\u016btiens\u201d k\u013c\u016bs par interakt\u012bvu elementu, kas veicin\u0101s pozit\u012bvas emocijas un dal\u012b\u0161anos ar fotogr\u0101fij\u0101m soci\u0101lajos t\u012bklos.<\/p>\n<p>Politisk\u0101s debates un Kult\u016bras ministrijas nost\u0101ja<\/p>\n<p>L\u0113mums par vides objekta \u201cP\u016btiens\u201d izveidi nav norit\u0113jis bez diskusij\u0101m. S\u0101kotn\u0113ji domes komitejas pauda noraido\u0161u nost\u0101ju, kas izrais\u012bja pla\u0161\u0101ku rezonansi un pat v\u0113stules no nevalstisk\u0101 sektora un Kult\u016bras ministrijas. Kult\u016bras ministre Agnese L\u0101ce uzsv\u0113ra, ka m\u0101kslas noris\u0113s nav pie\u013caujama politisk\u0101 iejauk\u0161an\u0101s un aicin\u0101ja cien\u012bt ekspertu l\u0113mumus, \u012bpa\u0161i, ja projekti sa\u0146em valsts finans\u0113jumu. Vi\u0146a nor\u0101d\u012bja, ka laikmet\u012bgaj\u0101 m\u0101ksl\u0101 pretrunas ir dabiska par\u0101d\u012bba, kas veicina dzi\u013c\u0101ku izpratni un dialogu. Da\u017ei deput\u0101ti paudu\u0161i ba\u017eas par \u201c\u0101r\u0113jo spiedienu\u201d un \u201cdemoniz\u0113\u0161anu\u201d, ja vi\u0146i balsotu pret rado\u0161aj\u0101m br\u012bv\u012bb\u0101m. \u0160is gad\u012bjums ir ilustr\u0101cija tam, k\u0101 politiskie apsv\u0113rumi var saskarties ar m\u0101ksliniecisko br\u012bv\u012bbu un sabiedr\u012bbas gaid\u0101m. Lai gan objekts ir izraudz\u012bts starptautisk\u0101 metu konkurs\u0101 pirms vair\u0101k nek\u0101 gada, t\u0101 realiz\u0101cija pras\u012bja r\u016bp\u012bgu izsv\u0113r\u0161anu un kompromisu atra\u0161anu.<\/p>\n<p>Objekta n\u0101kotne un Liep\u0101jas k\u0101 Eiropas kult\u016bras galvaspils\u0113tas programma<\/p>\n<p>Vides objekta \u201cP\u016btiens\u201d atra\u0161an\u0101s vietas jaut\u0101jums ir viens no galvenajiem diskusiju punktiem. S\u0101kotn\u0113ji iecer\u0113tais krustojums Graudu iel\u0101 un K\u016brm\u0101jas prospekt\u0101 tika kritiz\u0113ts k\u0101 potenci\u0101li nepiem\u0113rots, \u012bpa\u0161i j\u016bgendstila \u0113ku tuvum\u0101. L\u012bdz ar to dome nol\u0113musi, ka objekts eso\u0161aj\u0101 viet\u0101 atrad\u012bsies l\u012bdz 2028. gadam. P\u0113c tam to paredz\u0113ts p\u0101rcelt uz citu, iepriek\u0161 r\u016bp\u012bgi izv\u0113l\u0113tu vietu, ko ieteiks pils\u0113tas dome un b\u016bvvalde. B\u016bvvaldei l\u012bdz 2027. gada vidum j\u0101sagatavo priek\u0161likumi jaunajai atra\u0161an\u0101s vietai. \u0160\u0101ds risin\u0101jums nodro\u0161ina elast\u012bbu un \u013cauj Liep\u0101jai k\u0101 Eiropas kult\u016bras galvaspils\u0113tai izv\u0113rt\u0113t objekta ilgtermi\u0146a piem\u0113rot\u012bbu un integr\u0101ciju pils\u0113tvid\u0113. Tas \u013cauj gan realiz\u0113t m\u0101ksliniecisko ieceri, gan vienlaikus \u0146emt v\u0113r\u0101 pils\u0113tas att\u012bst\u012bbas pl\u0101nus un est\u0113tisk\u0101s pras\u012bbas. \u201cP\u016btiens\u201d cer k\u013c\u016bt par noz\u012bm\u012bgu Liep\u0101jas kult\u016bras mantojuma da\u013cu un pievilc\u012bgu t\u016brisma objektu, bag\u0101tinot pils\u0113tas ainavu un apliecinot t\u0101s rado\u0161o potenci\u0101lu.<\/p>\n<p>M\u0101kslinieks Kri\u0161s Salmanis \u2013 rado\u0161\u0101 biogr\u0101fija<\/p>\n<p>M\u0101kslinieks Kri\u0161s Salmanis (dzimis 1977. gad\u0101) ir paz\u012bstams ar savu konceptu\u0101lo pieeju, tie\u0161umu un bie\u017ei vien ironisku skat\u012bjumu uz pasauli. Vi\u0146a darbus raksturo inovat\u012bvu ideju apvienojums ar r\u016bp\u012bgi p\u0101rdom\u0101tu vizu\u0101lo izpild\u012bjumu. Salmanis ir p\u0101rst\u0101v\u0113jis Latviju 55. Ven\u0113cijas m\u0101kslas bienn\u0101l\u0113, ieguvis presti\u017eo Purv\u012b\u0161a balvu un sa\u0146\u0113mis vair\u0101kus citus apbalvojumus. Vi\u0146a dai\u013crade ietver instal\u0101cijas, video, anim\u0101ciju un citus medijus, bie\u017ei vien p\u0113tot identit\u0101tes, cilv\u0113ka un vides attiec\u012bbu jaut\u0101jumus. Sadarb\u012bba ar cit\u0101m m\u0101kslas person\u012bb\u0101m, piem\u0113ram, Annu Salmani un Kristapu P\u0113tersonu, ir ar\u012b rakstur\u012bga vi\u0146a rado\u0161ajam procesam. Objekts \u201cP\u016btiens\u201d ir k\u0101rt\u0113jais apliecin\u0101jums Salma\u0146a sp\u0113jai rad\u012bt darbus, kas ne tikai piesaista uzman\u012bbu, bet ar\u012b rosina dom\u0101t un pied\u0101v\u0101 jaunas perspekt\u012bvas.<\/p>\n","protected":false},"excerpt":{"rendered":"Liep\u0101jas Dome atbalsta m\u0101kslinieka Salma\u0146a vides objektu \u201cP\u016btiens\u201d pils\u0113t\u0101 Liep\u0101jas dome ir devusi za\u013co gaismu rota\u013c\u012bga un laikmet\u012bga&hellip;\n","protected":false},"author":2,"featured_media":81644,"comment_status":"","ping_status":"","sticky":false,"template":"","format":"standard","meta":{"footnotes":""},"categories":[12],"tags":[23,28,29,32,33,22,19516,30,31,35,39,38,36,37,34,444,20550,40,20,26,27,20549,24,25,20548,21],"class_list":{"0":"post-81643","1":"post","2":"type-post","3":"status-publish","4":"format-standard","5":"has-post-thumbnail","7":"category-latvija","8":"tag-aktualitates","9":"tag-breaking-news","10":"tag-breakingnews","11":"tag-featured-news","12":"tag-featurednews","13":"tag-headlines","14":"tag-kriss-salmanis","15":"tag-latest-news","16":"tag-latestnews","17":"tag-latvia","18":"tag-latvian","19":"tag-latviesu","20":"tag-latviesu-valoda","21":"tag-latviesuvaloda","22":"tag-latvija","23":"tag-liepaja","24":"tag-liepajas-dome","25":"tag-lv","26":"tag-news","27":"tag-popularakas-zinas","28":"tag-popularakaszinas","29":"tag-putiens","30":"tag-top-stories","31":"tag-topstories","32":"tag-vides-objekts","33":"tag-zinas"},"share_on_mastodon":{"url":"https:\/\/pubeurope.com\/@lv\/115756605348444368","error":""},"_links":{"self":[{"href":"https:\/\/www.europesays.com\/lv\/wp-json\/wp\/v2\/posts\/81643","targetHints":{"allow":["GET"]}}],"collection":[{"href":"https:\/\/www.europesays.com\/lv\/wp-json\/wp\/v2\/posts"}],"about":[{"href":"https:\/\/www.europesays.com\/lv\/wp-json\/wp\/v2\/types\/post"}],"author":[{"embeddable":true,"href":"https:\/\/www.europesays.com\/lv\/wp-json\/wp\/v2\/users\/2"}],"replies":[{"embeddable":true,"href":"https:\/\/www.europesays.com\/lv\/wp-json\/wp\/v2\/comments?post=81643"}],"version-history":[{"count":0,"href":"https:\/\/www.europesays.com\/lv\/wp-json\/wp\/v2\/posts\/81643\/revisions"}],"wp:featuredmedia":[{"embeddable":true,"href":"https:\/\/www.europesays.com\/lv\/wp-json\/wp\/v2\/media\/81644"}],"wp:attachment":[{"href":"https:\/\/www.europesays.com\/lv\/wp-json\/wp\/v2\/media?parent=81643"}],"wp:term":[{"taxonomy":"category","embeddable":true,"href":"https:\/\/www.europesays.com\/lv\/wp-json\/wp\/v2\/categories?post=81643"},{"taxonomy":"post_tag","embeddable":true,"href":"https:\/\/www.europesays.com\/lv\/wp-json\/wp\/v2\/tags?post=81643"}],"curies":[{"name":"wp","href":"https:\/\/api.w.org\/{rel}","templated":true}]}}