{"id":81651,"date":"2025-12-21T08:36:09","date_gmt":"2025-12-21T08:36:09","guid":{"rendered":"https:\/\/www.europesays.com\/lv\/81651\/"},"modified":"2025-12-21T08:36:09","modified_gmt":"2025-12-21T08:36:09","slug":"sodien-politiki-baidas-no-nepopulariem-lemumiem-jo-velak-socialajos-tiklos-dabus-ciest-saruna-ar-ekspolitiki-abiki-raksts","status":"publish","type":"post","link":"https:\/\/www.europesays.com\/lv\/81651\/","title":{"rendered":"\u0160odien politi\u0137i baid\u0101s no nepopul\u0101riem l\u0113mumiem, jo v\u0113l\u0101k soci\u0101lajos t\u012bklos dab\u016bs ciest. Saruna ar ekspoliti\u0137i \u0100bi\u0137i \/ Raksts"},"content":{"rendered":"<p>M\u016bsdien\u0101s deput\u0101ti baid\u0101s pie\u0146emt vajadz\u012bgus, bet nepopul\u0101rus l\u0113mumus, jo zina, ka soci\u0101lajos t\u012bklos v\u0113l\u0101k dab\u016bs ciest. Tas ir slikti, un bail\u012bgums ir sev\u012b j\u0101p\u0101rvar. Jaunajiem politi\u0137iem j\u0101b\u016bt darb\u012bg\u0101kiem un akt\u012bv\u0101kiem, Latvijas Radio raid\u012bjum\u0101 &#8220;Laikmeta krustpunkt\u0101&#8221; pauda biju\u0161ais politi\u0137is Dzintars \u0100bi\u0137is, kur\u0161 pats savulaik Latvijas Tautas front\u0113 un politik\u0101 nok\u013cuva p\u0113c tam, kad k\u0101 \u0123eogr\u0101fijas skolot\u0101js akt\u012bvi iesaist\u012bj\u0101s da\u017e\u0101du izgl\u012bt\u012bbas jaut\u0101jumu risin\u0101\u0161an\u0101.\u00a0<\/p>\n<p>Dzintars \u0100bi\u0137is k\u0101 Augst\u0101k\u0101s Padomes deput\u0101ts 1990. gada 4. maij\u0101 balsoja par m\u016bsu valsts neatkar\u012bbas atg\u016b\u0161anu un t\u0101 ar\u012b palika Saeimas nam\u0101 24 gadu garum\u0101 \u2013 vi\u0146\u0161 p\u0101rv\u0113l\u0113ts septi\u0146os Saeimas sasaukumos p\u0113c k\u0101rtas. Ja k\u0101ds no pa\u0161reiz\u0113jiem Saeimas deput\u0101tiem vi\u0146am vaic\u0101tu, kas j\u0101dara, lai savu deput\u0101ta kr\u0113slu saglab\u0101tu, \u0100bi\u0137is atbild\u0113tu \u2013 lai vi\u0146u atk\u0101rtoti iev\u0113l\u0113tu, politi\u0137im j\u0101b\u016bt trim galvenaj\u0101m \u012bpa\u0161\u012bb\u0101m: pirm\u0101 ir god\u012bgums, otr\u0101 \u2013 kaut kam j\u0101b\u016bt galv\u0101, turkl\u0101t j\u0101cen\u0161as m\u0101c\u012bties kl\u0101t, bet tre\u0161\u0101 \u2013 nek\u0101d\u0101 gad\u012bjum\u0101 nedr\u012bkst k\u013c\u016bt iedom\u012bgam un augstpr\u0101t\u012bgam. Vismaz t\u0101da esot bijusi vi\u0146a formula, lai tik ilgus gadus saglab\u0101tu v\u0113l\u0113t\u0101ju uztic\u012bbu. Bet ne jau tikai politika ir visa vi\u0146a dz\u012bve, ar\u012b darbs skolot\u0101ja amat\u0101.\u00a0<\/p>\n<p><a id=\"1\" name=\"1\"\/>Deput\u0101ti baid\u0101s no l\u0113mumiem<\/p>\n<p>Arnis Krauze: J\u0101nis Lagzdi\u0146\u0161, ar\u012b j\u016bsu kol\u0113\u0123is daudzu gadu garum\u0101 Saeim\u0101, rudens pus\u0113 sarun\u0101 teica, ka, n\u0101kot uz radio namu, vi\u0146\u0161 Saeimas namam esot metis l\u012bkumu. Vi\u0146\u0161 vairs nekad parlament\u0101 nav ieg\u0101jis, kop\u0161 nosl\u0113dzis savas deput\u0101ta gaitas. K\u0101das jums\u00a0tagad ir attiec\u012bbas ar J\u0113kaba ielas namu?<\/p>\n<p>Dzintars \u0100bi\u0137is: Es esmu bijis laikam divas reizes. Vienreiz uz bibliot\u0113ku, grib\u0113ju vienu gr\u0101matu pa\u0146emt, un otrreiz, kad m\u016bs aicin\u0101ja 4. maij\u0101. K\u0101das p\u0101ris reizes esmu bijis. Speci\u0101li l\u012bkumus nemetu.<\/p>\n<p>Nek\u0101das sliktas saj\u016btas nav?<\/p>\n<p>Nav, nav. Absol\u016bti.\u00a0<\/p>\n<p>Un atmi\u0146as?<\/p>\n<p>Atmi\u0146as, protams, ir visda\u017e\u0101d\u0101k\u0101s, bet p\u0101rsvar\u0101 pozit\u012bvas.<\/p>\n<p>God\u012bgums un nek\u013c\u016bt iedom\u012bgam&#8230; K\u0101 ir ar \u0161\u012bm \u012bpa\u0161\u012bb\u0101m \u0161\u012bbr\u012b\u017ea Latvijas politik\u0101?<\/p>\n<p>(nop\u016b\u0161as) Nu, br\u012b\u017eiem izskat\u0101s, ka ne vienm\u0113r t\u0101 \u012bsti ir ar ieklaus\u012b\u0161anos viedokl\u012b. Tad, kad es biju deput\u0101ts, es apm\u0113ram divas reizes m\u0113nes\u012b r\u012bkoju deput\u0101tu pie\u0146em\u0161anas novados. Regul\u0101ri. T\u0101d\u0101 veid\u0101 es var\u0113ju daudz ko uzzin\u0101t, kas uz vietas notiek un ko cilv\u0113ki dom\u0101. \u0160obr\u012bd es zinu, ka deput\u0101ti\u00a0ir \u013coti akt\u012bvi soci\u0101lajos t\u012bklos, bet es sav\u0101 L\u012bgatn\u0113 un daudz kur citur Latvij\u0101, run\u0101jot ar cilv\u0113kiem, neesmu paman\u012bjis, ka deput\u0101ti b\u016btu bie\u017ei viesi novados un tur\u0113tu roku uz pulsa. Bet, protams, ar\u012b t\u0101di noteikti ir Saeim\u0101, jo es jau visur neesmu kl\u0101t un visu nezinu.<\/p>\n<p>J\u016bs jau to minat \u2013 \u0161is ir soci\u0101lo t\u012bklu un interneta laiks, un par to m\u0113s ar\u012b run\u0101j\u0101m ar J\u0101ni Lagzdi\u0146u, ka \u0161obr\u012bd nav tik daudz svar\u012bgas idejas un darbi, k\u0101 tas troksnis, kuru tu radi internet\u0101, lai tevi pamana no Saeimas trib\u012bnes.<\/p>\n<p>Trak\u0101kais jau ir tas, es nezinu, vai par to J\u0101nis run\u0101ja, ka k\u0101dreiz cilv\u0113ki ieguva inform\u0101ciju ar masu mediju starpniec\u012bbu, un tom\u0113r \u017eurn\u0101listi bija p\u0101rsvar\u0101 atbild\u012bgi cilv\u0113ki. Tagad Latvij\u0101 ir desmitiem t\u016bksto\u0161i un pat v\u0113l vair\u0101k &#8220;mediju&#8221;, jo katrs var b\u016bt medijs. Tagad jau \u2013 un n\u0101kotn\u0113 noteikti v\u0113l stipri vair\u0101k \u2013 k\u013c\u016bs v\u0113l trak\u0101k, ka medijs ir ar\u012b m\u0101ksl\u012bgais intelekts, ka ir iesp\u0113jams par\u0101d\u012bt cilv\u0113ku, kur\u0161 atbilst vi\u0146a \u012bstenajam veidolam, ielikt vi\u0146a mut\u0113 ar vi\u0146a runas izteiksmi k\u0101dus v\u0101rdus un sludin\u0101t absol\u016bti nepie\u0146emamas lietas. \u0160aj\u0101 gad\u012bjum\u0101 es grib\u0113tu aicin\u0101t, ja k\u0101ds mani klaus\u0101s, tom\u0113r ieklaus\u012bties medijos un, pirmk\u0101rt, sabiedriskajos medijos.<\/p>\n<p>Ar\u012b tajos gados, kad j\u016bs bij\u0101t deput\u0101ts, jau bija internets un s\u0101k\u0101s soci\u0101lie mediji.<\/p>\n<p>Nu, bet tas jau bija s\u0101kums.<\/p>\n<p>K\u0101 j\u016bs redzat, k\u0101 visi \u0161ie t\u012bkli ir izmain\u012bju\u0161i politiku, politi\u0137us un vi\u0146u saiti ar v\u0113l\u0113t\u0101jiem?<\/p>\n<p>Pie t\u0101m tr\u012bs \u012bpa\u0161\u012bb\u0101m, ko j\u016bs s\u0101kum\u0101 min\u0113j\u0101t, ko es k\u0101dreiz esmu teicis, kam b\u016btu j\u0101piem\u012bt deput\u0101tam, ir v\u0113l viena \u013coti b\u016btiska \u012bpa\u0161\u012bba \u2013 ir j\u0101b\u016bt drosmei. Jo k\u0101ds gudrs cilv\u0113ks ir teicis, ja nemaldos, apm\u0113ram t\u0101 \u2013 ja tu mantu esi zaud\u0113jis, neko tu neesi zaud\u0113jis, s\u0101c atkal apdom\u0101ties un mantu no jauna kr\u0101t; ja tu godu esi zaud\u0113jis, tad daudz esi zaud\u0113jis, bet, ja tu drosmi esi zaud\u0113jis, tad tu visu esi zaud\u0113jis, lab\u0101k, ja neb\u016btu piedzimis.<\/p>\n<p>K\u0101d\u0101 zi\u0146\u0101 j\u016bs dom\u0101jat \u0161o drosmi?\u00a0<\/p>\n<p>Deput\u0101ti baid\u0101s pie\u0146emt nepopul\u0101rus l\u0113mumus. L\u0113mumus, kas ir \u013coti vajadz\u012bgi, bet kas varb\u016bt ir nepopul\u0101ri, jo vi\u0146i zina, ka soci\u0101lajos t\u012bklos dab\u016bs simtk\u0101rt, t\u016bksto\u0161k\u0101rt pa galvu. Tas, protams, ir slikti. Bail\u012bgums ir sev\u012b ir j\u0101p\u0101rvar. Es varu vienu piem\u0113ru pateikt. Es esmu run\u0101jis ar praktiski visiem \u0161obr\u012bd noz\u012bm\u012bg\u0101kajiem politi\u0137iem par vienu t\u0113mu. M\u0113s zin\u0101m, ka R\u012bgas iedz\u012bvot\u0101ju skaits strauji sar\u016bk, un sar\u016bk uz t\u0101 r\u0113\u0137ina, ka \u013coti daudzi, it \u012bpa\u0161i latvie\u0161i, p\u0101rce\u013cas uz Pier\u012bgu, jo neviens \u012bsti vairs negrib dz\u012bvot P\u013cavniekos un \u0136engarag\u0101. J\u016bs pats, man liekas, esat no \u0136engaraga. T\u0101 atmosf\u0113ra tur varb\u016bt nav pati pievilc\u012bg\u0101k\u0101. It \u012bpa\u0161i latvietis grib savu st\u016br\u012bti, savu m\u0101ju, un desmitiem t\u016bksto\u0161i jau ir p\u0101rc\u0113lu\u0161ies \u0101rpus R\u012bgas. Ko tas noz\u012bm\u0113? Tas noz\u012bm\u0113, ka n\u0101kamaj\u0101s pa\u0161vald\u012bbu v\u0113l\u0113\u0161an\u0101s, kad turpin\u0101sies t\u0101 sv\u0101rsta politika \u2013 vai nu vinn\u0113s tie, kas skat\u0101s uz Maskavu, vai tie, kas uz Rietumiem, \u2013 \u0161\u012bs \u0101rpus R\u012bgas eso\u0161o balsis var b\u016bt iz\u0161\u0137ir\u012bgas. T\u0101p\u0113c R\u012bg\u0101, t\u0101pat k\u0101 savulaik Vi\u013c\u0146\u0101, tikai citu iemeslu d\u0113\u013c, ir aktu\u0101li nepiecie\u0161ama teritori\u0101l\u0101 reforma. M\u0101rupe ir k\u0101 gabali\u0146\u0161 izkosts no R\u012bgas, ja paskat\u0101s kart\u0113. Vec\u0101\u0137i ir piecreiz t\u0101l\u0101k no R\u012bgas centra nek\u0101 M\u0101rupe. Tr\u012bsreiz t\u0101l\u0101k no R\u012bgas centra ir Bolder\u0101ja. Skaidrs, ka b\u016btu \u013coti v\u0113lams, lai R\u012bgas v\u0113l\u0113\u0161an\u0101s var\u0113tu balsot ar\u012b tie, kas ir p\u0101rc\u0113lu\u0161ies, bet kas str\u0101d\u0101 R\u012bg\u0101. Lai ar\u012b n\u0101kam\u0101 dome b\u016btu latviska \u2013 tas \u0161ajos kr\u012bzes gados ir \u0101rk\u0101rt\u012bgi noz\u012bm\u012bgi.<\/p>\n<p>Ko jums atbild \u0161\u012b br\u012b\u017ea politi\u0137i?<\/p>\n<p>Vi\u0146i saka \u2013 j\u0101, bet vi\u0146i zina, ka tas b\u016bs nepopul\u0101ri. Ka m\u0101rupie\u0161i br\u0113ks k\u0101 traki. Ka tie, kas dz\u012bvo otr\u0101 pus\u0113 Juglas ielai uz Ulbrokas pusi, kas \u0161obr\u012bd ir Stopi\u0146u pagasts, kur\u0161 ar\u012b b\u016btu j\u0101pievieno R\u012bgai, ar\u012b b\u013caus k\u0101 traki. Vi\u013c\u0146a to izdar\u012bja ekonomisku apsv\u0113rumu d\u0113\u013c, un tas bija viens no iemesliem, k\u0101p\u0113c Vi\u013c\u0146a k\u013cuva liel\u0101ka par R\u012bgu un k\u0101p\u0113c varb\u016bt t\u0101s ekonomika lab\u0101k att\u012bst\u0101s.<\/p>\n<p>Dzintar, kad tagad ceturtdienu vakaros skat\u0101ties report\u0101\u017eas no Saeimas s\u0113d\u0113m, j\u016bs sal\u012bdzin\u0101t, k\u0101 ir tagad? K\u0101 tagad\u00a0deput\u0101ti run\u0101 no trib\u012bnes, k\u0101da\u00a0tagad ir politisk\u0101 kult\u016bra un k\u0101 bija pirms gadiem 20?<\/p>\n<p>Politisk\u0101 kult\u016bra ir atkar\u012bga no katra cilv\u0113ka kult\u016bras. Vis\u0101dus br\u012bnumus jau m\u0113s dab\u016bj\u0101m dzird\u0113t ar\u012b 20 gadus atpaka\u013c un v\u0113l sen\u0101k. Ja m\u0113s atceramies t\u0101dus deput\u0101tus kaut vai k\u0101 Valdmani, k\u0101 Z\u012bgeristu, kur\u0161 visp\u0101r latviski nerun\u0101ja, un ne vi\u0146us vien. T\u0101 k\u0101 uzved\u012bbas kult\u016bra Saeim\u0101 ir atkar\u012bga no katra deput\u0101ta uzved\u012bbas kult\u016bras.<\/p>\n<p>J\u016bs pav\u0113rojat ar\u012b jaunos politi\u0137us no da\u017e\u0101d\u0101m frakcij\u0101m? K\u0101di ir jaunie, kas tagad ien\u0101ku\u0161i m\u016bsu parlament\u0101?<\/p>\n<p>Ir \u013coti da\u017e\u0101di. Manupr\u0101t, daudzi var\u0113ja b\u016bt akt\u012bv\u0101ki. Es pie\u013cauju iesp\u0113ju, ka telev\u012bzij\u0101 ne jau visu r\u0101da, tas nav iesp\u0113jams vienk\u0101r\u0161i, bet es grib\u0113tu redz\u0113t jaunos politi\u0137us darb\u012bg\u0101kus, akt\u012bv\u0101kus. Es sav\u0101 laik\u0101 \u013coti daudz public\u0113ju rakstus pres\u0113, tas ir iesp\u0113jams. Nu, iesp\u0113jams, ka tagad daudzi ir akt\u012bvi soci\u0101lajos t\u012bklos. T\u0101 k\u0101 es pats nesekoju l\u012bdzi\u2026<\/p>\n<p>Es sekoju l\u012bdzi un v\u0113roju, ka daudzi tik tie\u0161\u0101m ir akt\u012bvi, bet vi\u0146i k\u013cuvu\u0161i akt\u012bvi tikai tagad, kad s\u0101cies gads l\u012bdz v\u0113l\u0113\u0161an\u0101m.\u00a0<\/p>\n<p>T\u0101 tas ir bijis vienm\u0113r, bet politi\u0137im ir j\u0101str\u0101d\u0101 nep\u0101rtraukti. Toreiz ar\u012b bija cita situ\u0101cija. \u0160obr\u012bd jau likumprojekti pamat\u0101 top \u0101rpus Saeimas, likumus raksta speci\u0101listi ministrij\u0101s. Sav\u0101 laik\u0101 m\u0113s pa\u0161i rakst\u012bj\u0101m likumus, pa\u0161i apspried\u0101m. Es vienpersoniski esmu vair\u0101kus likumus uzrakst\u012bjis. Nezinu, vai labus vai sliktus, bet tas bija j\u0101dara, jo nebija citas izejas.<\/p>\n<p>J\u016bsu \u012bsa anal\u012bze par \u0161\u012b br\u012b\u017ea politiku. Evikas Sili\u0146as vald\u012bba \u2013 cik ilgi t\u0101 v\u0113l notur\u0113sies, \u0146emot v\u0113r\u0101 visu, kas te p\u0113d\u0113jos m\u0113ne\u0161os notiek?<\/p>\n<p>Var b\u016bt vis\u0101di, un t\u0101 tas ir jebkur\u0101 demokr\u0101tisk\u0101 valst\u012b. Vald\u012bbas n\u0101k un iet, vald\u012bbas ir veiksm\u012bg\u0101kas un maz\u0101k veiksm\u012bgas.<\/p>\n<p>Tad es jaut\u0101\u0161u tie\u0161i par Eviku Sili\u0146u k\u0101 vald\u012bbas vad\u012bt\u0101ju.<\/p>\n<p>Person\u012bgi man nekad nav izn\u0101cis ar vi\u0146u kop\u0101 str\u0101d\u0101t, jo vi\u0146a ir stipri jaun\u0101ka par mani. Taj\u0101 laik\u0101 vi\u0146a v\u0113l nebija politik\u0101, kad es biju, jo pag\u0101ju\u0161i jau ir vair\u0101k nek\u0101 10 gadi, bet no malas izskat\u0101s pietiekami labi. Man liekas, ka vi\u0146a koal\u012bciju sav\u0101ca pietiekami veiksm\u012bgi. Es negribu \u012bpa\u0161i vi\u0146u kritiz\u0113t, jo j\u0101saprot \u2013 ja koal\u012bcijai ir knapi p\u0101ri 50 bals\u012bm, ir \u013coti mazas manevru iesp\u0113jas, un vi\u0146ai ir j\u0101b\u016bt kole\u0123i\u0101l\u0101kai ar\u012b t\u0101dos br\u012b\u017eos, kad varb\u016bt der\u0113tu k\u0101ds stingr\u0101ks v\u0101rds.<\/p>\n<p>T\u0101 piesardz\u012bba un attur\u012bba t\u0101d\u0113\u013c, ka jums ir k\u0101da saist\u012bba ar &#8220;Vienot\u012bbu&#8221;? Vai j\u016bs esat prom no visas politikas?<\/p>\n<p>Nu, princip\u0101 es esmu prom, bet t\u0101 ofici\u0101li aizg\u0101jis no &#8220;Vienot\u012bbas&#8221; un izst\u0101jies es neesmu.\u00a0<\/p>\n<p>Tad t\u0101p\u0113c j\u016bs esat tik piesardz\u012bgs.<\/p>\n<p>Bet, vai es skaitos v\u0113l &#8220;Vienot\u012bbas&#8221; biedrs, es nemaz t\u0101 \u012bsti nezinu.\u00a0<\/p>\n<p>K\u0101 j\u016bs redzat, k\u0101da var\u0113tu b\u016bt n\u0101kam\u0101 Saeima?<\/p>\n<p>N\u0101kam\u0101 Saeima var\u0113tu b\u016bt \u013coti da\u017e\u0101da, un v\u0113l var b\u016bt vis\u0101di pav\u0113rsieni, jo \u013coti daudz kas ir atkar\u012bgs ar\u012b no starptautisk\u0101s situ\u0101cijas \u0161obr\u012bd. Visslikt\u0101kais, manupr\u0101t, ir tas\u2026 Es nezinu, vai j\u016bs esat redz\u0113jis Rolanda Kalni\u0146a padomju okup\u0101cijas laik\u0101 aizliegto filmu &#8220;\u010cetri balti krekli&#8221;, kur bija runa par to, ka tos kreklus jau var main\u012bt, bet ar to sirdsapzi\u0146u ir, k\u0101 ir, ka nevar main\u012bt sirdsapzi\u0146u t\u0101pat k\u0101 \u010detrus baltus kreklus. Tie p\u0113d\u0113j\u0101 laika notikumi, kad [Za\u013co un] zemnieku savien\u012bba p\u0113k\u0161\u0146i kaut k\u0101da politiska izdev\u012bguma d\u0113\u013c main\u012bja krasi savu politisko uzst\u0101d\u012bjumu vien\u0101 jaut\u0101jum\u0101, kas tiek \u0101rpr\u0101t\u012bgi diskut\u0113ts p\u0113d\u0113j\u0101 laik\u0101.\u00a0<\/p>\n<p>&#8220;Stambulas&#8221; jaut\u0101jum\u0101.<\/p>\n<p>J\u0101, ka p\u0113k\u0161\u0146i vi\u0146i main\u012bja savu uzst\u0101d\u012bjumu, main\u012bja savus uzskatus\u2026 Manupr\u0101t, vi\u0146i gal\u012bgi izg\u0101z\u0101s. T\u0101 nedr\u012bkst dar\u012bt.<\/p>\n<p>Par ko jums ir satraukums, dom\u0101jot, k\u0101ds var\u0113tu b\u016bt v\u0113l\u0113\u0161anu izn\u0101kums?<\/p>\n<p>\u012asten\u012bb\u0101 satraukums \u0161obr\u012bd man liel\u0101ks ir, dom\u0101jot kopsakar\u012bb\u0101s par situ\u0101ciju vis\u0101 pasaul\u0113. It \u012bpa\u0161i par situ\u0101ciju, kas saist\u0101s ar Ukrainu, ar Trampa politiku, jo m\u0113s esam \u013coti mazi uz t\u0101s politisk\u0101s skatuves. Mums, pie\u0146emot jebkuru l\u0113mumu, ar\u012b Stambulas konvencijas sakar\u012bb\u0101 p\u0113d\u0113jo l\u0113mumu, vienm\u0113r ir j\u0101patur pr\u0101t\u0101, ka m\u0113s bez saviem sabiedrotajiem uz pasaules kartes neesam nekas. Mums ir j\u0101b\u016bt cie\u0161\u0101 sazob\u0113 ar saviem tuv\u0101kajiem domubiedriem. Ar to ir j\u0101r\u0113\u0137in\u0101s. Es \u013coti ceru, ka n\u0101kam\u0101 Saeima b\u016bs uz Rietumiem orient\u0113ta un populisti netiks pie varas, un tie, kas skat\u0101s uz Maskavu.<\/p>\n<p>Daudz mums ir t\u0101du, kas skat\u0101s uz Maskavu?<\/p>\n<p>Es dom\u0101ju, ka pietieko\u0161i. Katr\u0101 zi\u0146\u0101 vair\u0101k nek\u0101 jebkur\u0101 cit\u0101 Eiropas Savien\u012bbas valst\u012b, jo tas izriet no m\u016bsu katastrof\u0101l\u0101s okup\u0101cijas sek\u0101m. Es esmu bijis piln\u012bgi vis\u0101s Eiropas valst\u012bs, izce\u013cojies ar mazu mugursomi\u0146u plecos gan vienatn\u0113, gan kop\u0101 ar dz\u012bvesbiedri, gan ar mazb\u0113rniem. Nu, krust\u0101m \u0161\u0137\u0113rs\u0101m. Tik \u0101rpr\u0101t\u012bgi saboj\u0101ta, es nebaidos teikt v\u0101rdu \u2013 iz\u010dakar\u0113ta zeme, k\u0101da ir Latvija, gan kaut vai t\u012bri vizu\u0101li, gan ar\u012b ment\u0101li\u2026\u00a0 \u2013 nu, nav otras t\u0101das valsts Eirop\u0101. Nav. T\u0101p\u0113c mums ir j\u0101b\u016bt \u0101rk\u0101rt\u012bgi gudriem un stipriem. J\u0101cen\u0161as b\u016bt stipriem.<\/p>\n<p><a id=\"2\" name=\"2\"\/>Saknes un atmi\u0146as par Ventspili<\/p>\n<p>Kur j\u016bs pats j\u016btat \u2013 kur ir j\u016bsu saknes? T\u0101 ir Saldus puse, Ventspils puse?<\/p>\n<p>Neap\u0161aub\u0101mi Ventspils puse. Esmu dzimis ventspilnieks, Ostgala puika. Dz\u012bvoju Ostgal\u0101, vec\u0101 m\u0101j\u0101 ar malkas apkuri. Audz\u0113j\u0101m pat c\u016bkas, es atceros, un pa\u0161i k\u0101v\u0101m.<\/p>\n<p>Mums visiem ir priek\u0161stats, k\u0101da Ventspils ir \u0161obr\u012bd, promen\u0101de un centrs, bet k\u0101da bija Ventspils j\u016bsu b\u0113rn\u012bb\u0101? Kas jums ir acu priek\u0161\u0101?<\/p>\n<p>Agr\u0101 b\u0113rn\u012bb\u0101 m\u0113s dz\u012bvoj\u0101m uz ielas, kura nebija ne asfalt\u0113ta, ne bru\u0123\u0113ta. Bija smil\u0161u laukums l\u012bdz pat Ventai. M\u0113s visi caur\u0101m dien\u0101m tur sp\u0113l\u0113j\u0101m bumbu un dauz\u012bj\u0101mies, un tas ir pats pirmais. Otrs, ka Ventspils bija \u0101rpr\u0101t\u012bgi nolaista, pel\u0113ka, net\u012bra. Zivju kombin\u0101t\u0101 samala labas zivis, lai var\u0113tu barot ka\u017eok\u0101du zv\u0113rus, lai Padomju Savien\u012bba var\u0113tu p\u0101rdot ka\u017eok\u0101das un ieg\u016bt val\u016btu. T\u0101 smaka, kad v\u0113j\u0161 p\u016bta no zivju kombin\u0101ta p\u0101ri Ventai, izplat\u012bj\u0101s pa visu pils\u0113tu. Kad p\u0101rkr\u0101va ost\u0101 k\u0101lija s\u0101li, nokalta koki puspils\u0113t\u0101. Kad uzc\u0113la amonjaka r\u016bpn\u012bcu, bija amonjaka nopl\u016bde, un kad es g\u0101ju uz skolu, bija t\u0101das joslas, kur\u0101s vajadz\u0113ja aizspiest degunu un aizlikt kaut ko priek\u0161\u0101 ac\u012bm, un k\u0101dus simts metrus skriet piln\u0101 riks\u012bt\u012b, lai neb\u016bt briesm\u012bgi j\u0101raud, jo t\u0101 bija inde faktiski.<\/p>\n<p>K\u0101das bija latvie\u0161u un krievu attiec\u012bbas Ventspil\u012b? K\u0101 t\u0101s uz ielas izpaud\u0101s, piem\u0113ram?<\/p>\n<p>Nu, izpaud\u0101s t\u0101, ka es dz\u012bvoju Ostgal\u0101, kur krievu bija maz. Es krieviski nem\u0101c\u0113ju run\u0101t \u2013 dom\u0101ju, ka v\u0101rds &#8220;durak&#8221; ir d\u016bre. Tur bija t\u0101di krievi no b\u0113rnu nama, ko man izn\u0101ca sastapt, un es kaut k\u0101 to d\u016bri vi\u0146iem r\u0101du un saku &#8220;durak&#8221;, un tad viens k\u0101 ar akmeni man ievilka pa galvu\u2026\u00a0 T\u0101da man bija pirm\u0101 sastap\u0161an\u0101s ar krieviem. Bet, nu, \u0161\u012bs lietas jau cilv\u0113ki, kas nav piedz\u012bvoju\u0161i okup\u0101ciju, neatceras. Ar\u012b tad, kad es str\u0101d\u0101ju skol\u0101, gandr\u012bz neviens vakars skol\u0101 nepag\u0101ja bez t\u0101, ka aiz durv\u012bm nepulc\u0113tos k\u0101ds krievu bari\u0146\u0161, pat izlauzu\u0161i no \u017eogiem mietus, un nesagaid\u012btu p\u0113c balles. Es atceros ar\u012b R\u012bg\u0101, kad vienreiz braucu no R\u012bgas centra uz Bolder\u0101ju, piln\u012bgi visas pieturas bija aprakst\u012btas ar pretlatviskiem sauk\u013ciem, jo bija t\u0101ds teiciens &#8220;iest\u0101d\u012bt koku \u2013 tas ir t\u0101pat k\u0101 nosist latvieti, apza\u013cumosim R\u012bgu&#8221;. T\u0101di pretlatviski uzraksti bija uz katras autobusu pieturas. Ventspil\u012b bija l\u012bdz\u012bgi.<\/p>\n<p>Ar k\u0101du j\u016bsu skolasbiedru no Ventspils v\u0113l l\u012bdz \u0161odienai ir saglab\u0101jies kontakts? Vai zin\u0101t, k\u0101 vi\u0146iem iet?<\/p>\n<p>J\u0101, man \u012bsten\u012bb\u0101 lab\u0101kie draugi ir mani b\u0113rn\u012bbas draugi \u2013 skolasbiedri, ar kuriem es joproj\u0101m satiekos.<\/p>\n<p>K\u0101ds bija j\u016bsu mudin\u0101jums, skolu beidzot, no Ventspils p\u0101rcelties uz R\u012bgu? Noteikti pa vidu v\u0113l bija ar\u012b armija \u2013 k\u0101 tas bija?\u00a0<\/p>\n<p>Es grib\u0113ju iest\u0101ties juristos, bet ar manu raksturojumu tas visticam\u0101k neb\u016btu bijis iesp\u0113jams ar\u012b, ja es b\u016btu v\u0113l lab\u0101k nok\u0101rtojis eks\u0101menus, jo konkurss bija nenorm\u0101ls \u2013 20 uz vienu vietu latvie\u0161u pl\u016bsm\u0101 bija konkurss. Es biju vair\u0101k k\u0101 divus gadus krievu armij\u0101, turkl\u0101t\u2026<\/p>\n<p>Kur j\u016bs dien\u0113j\u0101t?<\/p>\n<p>Apm\u0113ram kaut k\u0101dus 400 kilometrus uz zieme\u013ciem no Maskavas \u2013 Kostromas, Ivanovas, Vladimiras apgabal\u0101. Vienu br\u012bdi es biju t\u0101d\u0101 viet\u0101, kur apst\u0101k\u013ci bija t\u0101di, ka man\u0101 rot\u0101, kam\u0113r es tur biju, \u010detri sajuka pr\u0101t\u0101, bet viens s\u0101ka raust\u012bt valodu, t\u0101 k\u0101\u2026 Es nekav\u0113\u0161os s\u012bkumos, tas b\u016btu p\u0101r\u0101k gari, bet tie apst\u0101k\u013ci bija diezgan briesm\u012bgi. Divus gadus divus m\u0113ne\u0161us es nebiju Latvij\u0101 nevienu reizi, un tad, kad atbraucu, es run\u0101ju latviski ar akcentu, jo latvie\u0161u tur, kur es dien\u0113ju, praktiski nebija. Nebija ar ko latviski run\u0101t. P\u0113c armijas es iest\u0101jos \u0123eogr\u0101fos, bet v\u0113l pirms armijas es str\u0101d\u0101ju \u2013 ar\u012b r\u016bpn\u012bc\u0101 esmu str\u0101d\u0101jis. Esmu ar\u012b k\u0101du laiku m\u0101c\u012bjies Jelgavas akad\u0113mij\u0101, str\u0101d\u0101jis ar\u012b citus darbus. \u012asten\u012bb\u0101 tad, kad es iest\u0101jos, mana gada g\u0101jumam jau vajadz\u0113ja beigt augstskolu. T\u0101 k\u0101 tie pieci gadi man pag\u0101ja da\u017e\u0101di.\u00a0<\/p>\n<p><a id=\"3\" name=\"3\"\/>\u0122eogr\u0101fijas skolot\u0101js pa dienu, kr\u0101v\u0113js vakaros<\/p>\n<p>80. gadi ir j\u016bsu laiks skolot\u0101ja arod\u0101 R\u012bgas 41. vidusskol\u0101. Kas atmi\u0146\u0101 palicis no t\u0101 laika?<\/p>\n<p>Paveic\u0101s, ka vad\u012bba bija diezgan saproto\u0161a, jo es 8,5 gadus, paral\u0113li darbam skol\u0101, lai var\u0113tu daudzmaz nodro\u0161in\u0101t \u0123imeni, str\u0101d\u0101ju par kr\u0101v\u0113ju R\u012bgas Piena kombin\u0101t\u0101. 8,5 gadus reizes divas tr\u012bs ned\u0113\u013c\u0101, beidzoties stund\u0101m, pa galvu, pa kaklu no P\u0101rdaugavas jozu uz tramvaju un p\u0113c tam uz Valmieras ielu, uz Piena kombin\u0101tu. Bet, ja run\u0101 v\u0113l par skolu, \u012bsten\u012bb\u0101 tie\u0161i skol\u0101 ar\u012b s\u0101k\u0101s mana politi\u0137a karjera, ja t\u0101 var\u0113tu teikt, jo es biju tas, kas faktiski uzs\u0101ka 80. gadu beig\u0101s kampa\u0146u, ka skol\u0101s vair\u0101k j\u0101m\u0101ca Latvijas \u0123eogr\u0101fija. Es uzrakst\u012bju nelielu m\u0101c\u012bbu gr\u0101matu un pat pieliku pie sienas klas\u0113 Ata Kronvalda teikto, ka &#8220;tikai tas, kur\u0161 savu t\u0113vzemi paz\u012bst, var to patiesi m\u012bl\u0113t&#8221;.\u00a0<\/p>\n<p>P\u0113c tam, Atmodas gados, j\u016bs akcent\u0113jat ar\u012b latvie\u0161u valodas situ\u0101ciju skol\u0101s. Ja ne Atmoda, tad j\u016bs, Dzintar, iesp\u0113jams ar\u012b man m\u0101c\u012btu \u0123eogr\u0101fiju, jo tad, kad es nok\u013cuvu 41. vidusskol\u0101, j\u016bs jau bij\u0101t devies politik\u0101. Bet es esmu sastapis da\u017eus j\u016bsu audz\u0113k\u0146us. Piem\u0113ram, Ufo jeb Kasparu Upacieri. Vi\u0146\u0161 esot s\u0113d\u0113jis pie viena galda ar Aigaru Kalv\u012bti. Man liekas, mans kursabiedrs Ansis Bogustovs ar\u012b ka tik pie jums nav m\u0101c\u012bjies?<\/p>\n<p>Ansis Bogustovs ar\u012b, j\u0101.<\/p>\n<p>L\u016bk, es Ufo vaic\u0101ju, k\u0101ds Dzintars \u0100bi\u0137is bija k\u0101 skolot\u0101js, un Kaspars man teica, ka diezgan stingrs. J\u016bs neesot \u013c\u0101vis rokas uz galda tur\u0113t un esot bijis diezgan skarbs.<\/p>\n<p>Vienu br\u012bdi man rakst\u012bja uz \u0123eogr\u0101fijas kabineta durv\u012bm &#8220;Rembo&#8221;. Tas bija t\u0101p\u0113c, ka vienreiz p\u0113c k\u0101das ball\u012btes, kad tie krievi s\u0101ka tos m\u016bsu skolniekus vaj\u0101t \u0101rpus skolas, un tur n\u0101ca, ja nemaldos, 5. tramvajs, m\u0113s pasp\u0113j\u0101m iel\u0113kt taj\u0101 tramvaj\u0101, es st\u0101v\u0113ju taj\u0101s tramvaja durv\u012bs un atsitos, lai pasarg\u0101tu savus skolniekus no tiem uzbruc\u0113jiem. Tad man uz durv\u012bm t\u0101du uzrakstu s\u0101ka rakst\u012bt, bet toreiz jau bija cit\u0101d\u0101ki laiki. Tad t\u0101s tolerances tik lielas nebija pret skolniekiem.<\/p>\n<p>Metodes bija vis\u0101das audzin\u0101\u0161an\u0101.<\/p>\n<p>Metodes, protams, bija t\u0101das, kas \u0161odien \u012bsti nav pie\u0146emamas, ta\u010du es neteiktu, ka es t\u0101s \u012bsti piekopu.<\/p>\n<p>Bet Ufo man teica, ka jums esot bijusi t\u0101da pletne vai kas, ar kuru j\u016bs \u0161ad tad pa pirkstiem vi\u0146am esat uzsitis.<\/p>\n<p>N\u0113, n\u0113, tik traki nebija. (smejas) Bet es atceros, ka bija t\u0101ds diezgan paz\u012bstams rotkalis, rotu meistars Lauders \u0161odien, kuram es liku simts reizes pietupties. Beig\u0101s vi\u0146\u0161 knapi, knapi var\u0113ja piecelties. Ac\u012bmredzot, tur bija kaut k\u0101da situ\u0101cija. Par ko \u2013 es vairs neatceros, bet t\u0101 tas bija.\u00a0<\/p>\n<p><a id=\"4\" name=\"4\"\/>Non\u0101k\u0161ana politik\u0101<\/p>\n<p>Viens cit\u0101ts no 1989. gada &#8220;Skolot\u0101ju Av\u012bzes&#8221;. Raksta nosaukums &#8220;Kur \u0146emt skolot\u0101ju?&#8221;, un tas ir j\u016bsu rakst\u012bts:<\/p>\n<p>&#8220;Par sp\u012bti tam, ka latvie\u0161u valoda ir pasludin\u0101ta par valsts valodu, situ\u0101cija krievu pl\u016bsmas skol\u0101s ir satrauco\u0161a. Tautas Front\u0113 regul\u0101ri atskan izmisu\u0161u skolu direktoru zvani ar vienu vien\u012bgu pras\u012bbu \u2013 dodiet skolot\u0101jus. \u013boti daudzi latvie\u0161u valodas pasniedz\u0113ji ir samazin\u0101ju\u0161i slodzi skol\u0101s vai visp\u0101r t\u0101s pametu\u0161i, un daudzi labpr\u0101t\u0101k str\u0101d\u0101 vakara stund\u0101s valodu apg\u016b\u0161anas kooperat\u012bvos. Uzskatu, ka izeja no situ\u0101cijas ir viena \u2013 kardin\u0101las p\u0101rmai\u0146as latvie\u0161u valodas skolot\u0101ju atalgojum\u0101. Dabiski rodas jaut\u0101jums, kur \u0146emt naudu? Pirmk\u0101rt, ir j\u0101likvid\u0113 milit\u0101r\u0101 apm\u0101c\u012bba. Mar\u0161\u0113\u0161anas un \u0161aute\u0146u laiks ir aizg\u0101jis. Otrk\u0101rt, krievu valodas stundu skaits skol\u0101s ar latvie\u0161u m\u0101c\u012bbu valodu ir nesam\u0113r\u012bgi liels. Piln\u012bgi pietiktu, ja to s\u0101ktu m\u0101c\u012bt nevis pirmaj\u0101, bet 4. klas\u0113. Ar\u012b 15% piemaksa krievu valodas skolot\u0101jiem latvie\u0161u skol\u0101s b\u016btu j\u0101atce\u013c.&#8221; <\/p>\n<p>T\u0101 publik\u0101cija ir pagara, es te esenci izvilku \u0101r\u0101. Vai tas ir laiks, kad j\u016bs, Dzintar, iesaist\u0101ties ar\u012b Tautas Frontes izgl\u012bt\u012bbas noda\u013c\u0101?<\/p>\n<p>Es aizg\u0101ju no skolas un s\u0101ku str\u0101d\u0101t past\u0101v\u012bgi Tautas Frontes Izgl\u012bt\u012bbas komitej\u0101 k\u0101 vec\u0101kais referents, bet jau pirms tam es rakst\u012bju ne tikai par \u0161\u012bm valodas liet\u0101m, bet ar\u012b, k\u0101 jau es min\u0113ju, ka vajadz\u0113tu vair\u0101k m\u0101c\u012bt Latvijas \u0123eogr\u0101fiju, un es ar\u012b ar \u0161odienas ac\u012bm skatoties gribu teikt \u2013<\/p>\n<blockquote>\n<p>m\u012b\u013cie vec\u0101ki, m\u012b\u013cie vecvec\u0101ki, tad, kad j\u016bs vedat savus b\u0113rnus kaut kur ekskursij\u0101s pa puspasauli, vispirms padom\u0101jiet, ka mazos b\u0113rnus vest pa Latviju \u2013 iepaz\u012bstin\u0101t ar Latviju. Var aizbraukt un paskat\u012bties, k\u0101 Kuld\u012bg\u0101 lec zivis. Aizbraukt uz Daugavpils skro\u0161u fabriku, uz pe\u013cu muzeju Mazsalac\u0101, uz vec\u0101 Stendera taku S\u0113lij\u0101.<\/p>\n<\/blockquote>\n<p>Ir tik daudz br\u012bni\u0161\u0137\u012bgi skaistu vietu Latvij\u0101 \u2013 m\u0101ciet par pasauli, s\u0101kot no tuv\u0101k\u0101! S\u0101kot no savas apk\u0101rtnes, no sava dzimt\u0101 pagasta, dzimt\u0101 novada, no Latvijas, un p\u0113c tam pl\u0101nojiet tos t\u0101los ce\u013cojumus, kas ar\u012b, protams, ir jauki, jo pasauli redz\u0113t vienm\u0113r ir interesanti.<\/p>\n<p>Bet pasauli mums neb\u016btu iesp\u0113jams redz\u0113t un neb\u016btu ar\u012b iesp\u0113jas doties ce\u013cojumos, ja neb\u016btu 1990. gada 4. maija un Augst\u0101k\u0101s Padomes deput\u0101tu l\u0113muma atjaunot m\u016bsu valsts neatkar\u012bbu. Par to, Dzintar, k\u0101 j\u016bs k\u013cuv\u0101t par Augst\u0101k\u0101s Padomes deput\u0101tu un k\u0101 s\u0101k\u0101s j\u016bsu politi\u0137a karjera, j\u016bs esat st\u0101st\u012bjis iepriek\u0161, bet ar\u012b \u0161odien es v\u0113l\u0113tos \u012bsu j\u016bsu st\u0101stu. Pirms p\u0101ris gadiem &#8220;Panor\u0101m\u0101&#8221; j\u016bs st\u0101st\u012bj\u0101t par Augst\u0101k\u0101s Padomes v\u0113l\u0113\u0161an\u0101m un paud\u0101t, ka tas bijis dz\u012bv\u012bbas un n\u0101ves jaut\u0101jums. Lai sav\u0101ktu 500 balsu un k\u013c\u016btu par deput\u0101tu, jums bija j\u0101paveic neiesp\u0113jamais, cita starp\u0101 j\u0101iek\u013c\u016bst pat kara r\u016bpn\u012bc\u0101, kur\u0101 str\u0101d\u0101ja tikai \u010detri latvie\u0161i. Es gribu dzird\u0113t \u0161\u012b st\u0101sta turpin\u0101jumu! K\u0101 j\u016bs iek\u013cuv\u0101t kara r\u016bpn\u012bc\u0101?<\/p>\n<p>J\u0101, lai nepie\u013cautu manu iera\u0161anos uz \u0161o sapulci kara r\u016bpn\u012bc\u0101, pirmsv\u0113l\u0113\u0161anu sapulce tika organiz\u0113ta p\u0113c nakts mai\u0146as, pirms r\u012bta mai\u0146as, septi\u0146os no r\u012bta \u2013 zinot, ka es tur nek\u0101 iek\u0161\u0101 tikt nevaru. Bet \u0161ie \u010detri latvie\u0161i mani p\u0101r\u0123\u0113rba darba dr\u0113b\u0113s, \u0101r\u0101 bija tum\u0161s, m\u0113s p\u0101rl\u012bd\u0101m p\u0101ri \u017eogam, es ielav\u012bjos z\u0101l\u0113, un tad, kad sapulces vad\u012bt\u0101js uzdeva jaut\u0101jumu p\u0113c tam, kad mans pretinieks bija uzst\u0101jies, vai \u0161eit ir v\u0113l k\u0101ds kandid\u0101ts, tas viens latvietis piec\u0113l\u0101s un teica \u2013 j\u0101, ir\u2026 Kad es piec\u0113los k\u0101j\u0101s, tie sapulces vad\u012bt\u0101ji, man liekas, p\u0101rsteigum\u0101 gandr\u012bz nog\u0101z\u0101s no kr\u0113sliem. Bet man izdev\u0101s p\u0101rliecin\u0101t auditoriju par t\u0101m briesm\u012bgaj\u0101m kompartijas izdar\u012bb\u0101m taj\u0101 kara r\u016bpn\u012bc\u0101 tik t\u0101lu, ka vi\u0146i nenobalsoja taj\u0101 sapulc\u0113 ne par mani, protams, jo es tiku reklam\u0113ts k\u0101 Tautas Frontes kandid\u0101ts, ne ar\u012b par to manu pretinieku. Labi, bija v\u0113l viens gad\u012bjums. Vajadz\u0113ja organiz\u0113t sapulci ar\u012b manam pretiniekam. M\u0113s dab\u016bj\u0101m zin\u0101t, kad t\u0101 sapulce notiks, kur\u0101 skol\u0101\u2026<\/p>\n<p>Kas bija j\u016bsu pretinieks?<\/p>\n<p>Atva\u013cin\u0101ts krievu armijas pulkvedis \u2013 jurists p\u0113c profesijas. Man bija \u013coti akt\u012bvi pension\u0101ri, manu skolnieku vec\u0101ki, kuri aizg\u0101ja uz \u0161o krievu skolu k\u0101du pusotru stundu iepriek\u0161, aiz\u0146\u0113ma visu z\u0101li un piepild\u012bja visu lielo sporta z\u0101li t\u0101, ka neviens mana pretinieka piekrit\u0113js fiziski vairs nevar\u0113ja tikt iek\u0161\u0101. T\u0101 k\u0101 t\u0101 c\u012b\u0146a bija \u0101rpr\u0101t\u012bga.<\/p>\n<p>C\u012b\u0146a, es saprotu, bija par katru balsi un katru v\u0113l\u0113t\u0101ju. T\u0101 bija, ka j\u016bs ar\u012b pa m\u0101j\u0101m staig\u0101j\u0101t?<\/p>\n<p>Tagad ir gr\u016bti st\u0101d\u012bties priek\u0161\u0101, bet es dom\u0101ju, ka biju apm\u0113ram k\u0101dos aptuveni t\u016bksto\u0161 dz\u012bvok\u013cos. Varb\u016bt pat vair\u0101k. Bet, lai tiktu iek\u0161\u0101, lai neietu vienk\u0101r\u0161i iek\u0161\u0101 un neteiktu \u2013 &#8220;balsojiet par mani&#8221;, jo tas ta\u010du b\u016btu mu\u013c\u0137\u012bgi, bija t\u0101, ka pie M\u0101rti\u0146a kapiem bija sabrucis jumts vienai vecai krievu skolai, cara laika celtnei, un es v\u0101cu parakstus, lai atjaunotu krievu skolu, jo tad, kad es k\u013c\u016b\u0161u deput\u0101ts, skola tiks atjaunota. Protams, man j\u0101atz\u012bst, ka tad, kad es k\u013cuvu deput\u0101ts, kad \u0161o skolas \u0113ku atjaunoja, es izdar\u012bju visu, lai tur iek\u013c\u016btu Rozent\u0101la m\u0101kslas skola, kuras audz\u0113k\u0146i nevis post\u012bja pieminek\u013cus \u0161ajos M\u0101rti\u0146a kapos, bet gan cent\u0101s tos M\u0101rti\u0146a kapus sakopt un t\u0101 t\u0101l\u0101k.\u00a0<\/p>\n<p>Mazliet pal\u016bkosimies, k\u0101di bija devi\u0146desmitie un 2000. gadi Latvijas politik\u0101, k\u0101dus j\u016bs tos redz\u0113j\u0101t k\u0101 Saeimas deput\u0101ts.\u00a0Pirms tam man ir jaut\u0101jums, k\u0101d\u0113\u013c jums visus \u0161os garos gadus, es saskait\u012bju, 24 gadus k\u0101 deput\u0101tam no 1990. l\u012bdz 2004. gadam, nekad nebija v\u0113l\u0113\u0161an\u0101s iet izpildvar\u0101? Jo mums ir virkne deput\u0101tu, var\u0113tu teikt deput\u0101tu veter\u0101nu, kuri nekad \u0101rpus Saeimas z\u0101les un komisiju z\u0101les nav izg\u0101ju\u0161i. K\u0101d\u0113\u013c jums nav bijusi doma iet k\u0101d\u0101 ministrij\u0101 str\u0101d\u0101t?<\/p>\n<p>N\u0113, t\u0101 glu\u017ei nav, jo es biju parlament\u0101rais sekret\u0101rs gan Izgl\u012bt\u012bbas ministrij\u0101 ministra J\u0101\u0146a Vaivada laik\u0101, gan parlament\u0101rais sekret\u0101rs ministres Hel\u0113nas Demakovas laik\u0101, kuru es, starp citu, uzskatu par izcil\u0101ko kult\u016bras ministri, k\u0101da Latvij\u0101 neatkar\u012bbas gados ir bijusi. T\u0101 k\u0101 t\u0101 glu\u017ei nav.<\/p>\n<p>Bet ir viena da\u013ca deput\u0101tu, kuri pat t\u0101 k\u0101 ir aicin\u0101ti iet kaut kur \u0101rpus Saeimas str\u0101d\u0101t, bet to nedara\u2026<\/p>\n<p>Protams, ka, j\u0101, j\u0101atz\u012bst, nep\u0101rprotami ministra darbs ir nolikts zem lupas simtk\u0101rt vair\u0101k, nek\u0101 ierindas deput\u0101ta darbs, bet ir j\u0101zina ar\u012b katram savi iesp\u0113ju griesti. Es uzskatu, ka ministram, pirmk\u0101rt, j\u0101b\u016bt perfektai ang\u013cu valodai, kuras man nav. Man ir ang\u013cu valoda, bet ne perfekta. T\u0101pat ar\u012b daudzas citas \u012bpa\u0161\u012bbas. Man ar\u012b patika tas darbs, ko es dar\u012bju Saeim\u0101. Man patika tas darbs.\u00a0<\/p>\n<p>Tad nu da\u017ei pieturas punkti. Pirmais darbs Augst\u0101kaj\u0101 Padom\u0113 no Tautas Frontes frakcijas, bet t\u0101l\u0101k jau pirm\u0101s Saeimas v\u0113l\u0113\u0161anas un tur &#8220;Latvijas Ce\u013c\u0161&#8221;. P\u0101ris teikumos, k\u0101 j\u016bs &#8220;Latvijas Ce\u013c\u0101&#8221; nok\u013cuv\u0101t?<\/p>\n<p>Faktiski ar dibin\u0101\u0161anas br\u012bdi, jo es redz\u0113ju, ka &#8220;Latvijas Ce\u013c\u0161&#8221; k\u013c\u016bst par nopietn\u0101ko politisko sp\u0113ku. Ideja apvienot Latvijas politi\u0137us ar trimdas politi\u0137iem bija perfekta taj\u0101 br\u012bd\u012b. \u0160odien daudzi p\u0101rmet \u2013 k\u0101p\u0113c j\u016bs iesaist\u012bj\u0101t politik\u0101 tik daudz kompartijas biedru un taml\u012bdz\u012bgi, bet, \u0146emot v\u0113r\u0101 m\u016bsu nacion\u0101l\u0101s proporcijas, mums bija v\u0113rt\u012bgs katrs latvietis, kur\u0161 iest\u0101j\u0101s par neatkar\u012bbu, komunists vai bezpartejiskais, un [Anatolijam] Gorbunovam bija \u0101rk\u0101rt\u012bgi liela noz\u012bme Latvijas atjauno\u0161an\u0101. \u0100rk\u0101rt\u012bgi liela.<\/p>\n<blockquote>\n<p>Neskatoties uz to, ka vi\u0146\u0161 bija pirms neatkar\u012bbas atg\u016b\u0161anas augsts partijas funkcion\u0101rs, vi\u0146a loma neatkar\u012bbas atg\u016b\u0161an\u0101 ir nep\u0101rv\u0113rt\u0113jama.<\/p>\n<\/blockquote>\n<p>Dzintar, Saeimas stenogrammas r\u0101da, ka j\u016bs bij\u0101t gana akt\u012bvs run\u0101t\u0101js no Saeimas trib\u012bnes un iesaist\u012bj\u0101ties da\u017e\u0101du likumu veido\u0161an\u0101, ta\u010du &#8220;Panor\u0101mas&#8221; arh\u012bv\u0101 skatoties, v\u0113rojams, ka j\u016bs akt\u012bvi paud\u0101t viedokli ar\u012b citos jaut\u0101jumos. Piem\u0113ram, atrodams si\u017eets ar nosaukumu &#8220;\u0100bi\u0137is dusm\u012bgs uz &#8220;Panor\u0101mu&#8221;&#8221;. Noskatoties si\u017eetu, tur gan nav nek\u0101das saist\u012bbas ar &#8220;Panor\u0101mu&#8221;, j\u016bs esat dusm\u012bgs visp\u0101r uz telev\u012bziju kop\u0101, jo filmas tiek r\u0101d\u012btas nevis ori\u0123in\u0101laj\u0101 valod\u0101, bet krievu valod\u0101, un tikai ar dubulto tulkojumu latviski. Telev\u012bzija tolaik skaidroja, ka iepirkt krieviski vienk\u0101r\u0161i esot l\u0113t\u0101k. Cik jums \u0161is jaut\u0101jums atmi\u0146\u0101?<\/p>\n<p>Es vad\u012bju Valsts valodas komisiju vienu laiku, un \u0161ie jaut\u0101jumi\u00a0nep\u0101rtraukti bija man\u0101 redzeslok\u0101, bet, kas attiecas uz p\u0101rlieku lielo toleranci pret krievu valodu, tad ar to diem\u017e\u0113l ir izn\u0101cis sastapties ar\u012b v\u0113l \u0161odien. Es, piem\u0113ram, nesen biju Latgal\u0113 kafejn\u012bc\u0101. R\u0113zekn\u0113. Latgalie\u0161iem, visu cie\u0146u, kad vi\u0146i run\u0101 ar \u010diu\u013ciem, ar\u012b telev\u012bzij\u0101 vi\u0146i run\u0101 latgaliski, un man pat ir prieks par to skatoties. Bet, ja vi\u0146i run\u0101 ar krieviem, vi\u0146i moment\u0101ni p\u0101riet uz krievu valodu. Nu, tad run\u0101 ar\u012b ar vi\u0146iem sav\u0101 valod\u0101!\u00a0<\/p>\n<p>K\u0101 ar krievu valodu sabiedriskajos medijos? Zin\u0101m, ka no 1. janv\u0101ra vairs neb\u016bs Latvijas Radio 4 kan\u0101la krievu valod\u0101.<\/p>\n<p>Tas jau ir cits jaut\u0101jums, un diskut\u0113jams jaut\u0101jums.<\/p>\n<p>Bija pareizi sl\u0113gt krievu kan\u0101lu sabiedriskaj\u0101 radio?<\/p>\n<p>Dom\u0101ju, ka \u0161obr\u012bd ar\u012b bija pareizi, kaut gan pavisam atteikties no krievu valodas \u2013 iesp\u0113j\u0101m apg\u016bt krievu valodu, teiksim, izgl\u012bt\u012bbas iest\u0101d\u0113s \u2013 nevajadz\u0113tu, jo ienaidnieka valoda ir j\u0101zina, un m\u0113s redzam, cik \u013coti\u00a0bie\u017ei ukrai\u0146iem front\u0113 pal\u012bdz tas, ka vi\u0146i var p\u0101rtvert sarunas, zinot krievu valodu. Tas ir t\u0101ds element\u0101rs piem\u0113rs, bet tas jau ir cits st\u0101sts, par kuru varam diskut\u0113t gari un pla\u0161i.<\/p>\n<p>Bet \u0100bi\u0137a kungs, st\u0101sts vair\u0101ku gadu garum\u0101 ir par valodas likumu, un j\u016bs ar\u012b virkn\u0113 s\u0113\u017eu par to debat\u0113jat un diskut\u0113jat. J\u016bsu paaudzei ir zin\u0101ms, piem\u0113ram, t\u0101ds v\u0101rds k\u0101 Makss van der St\u016bls [t\u0101 laika Eiropas Dro\u0161\u012bbas un sadarb\u012bbas organiz\u0101cijas Augstais komis\u0101rs nacion\u0101lo minorit\u0101\u0161u jaut\u0101jumos]. Virkne da\u017e\u0101du Eiropas s\u016bt\u0146u, ekspertu, padomnieku brauca un Latvijai da\u017e\u0101dus ieteikumus deva. V\u0113l\u0101k ar\u012b valsts prezidente Vaira V\u012b\u0137e-Freiberga vis\u0101 \u0161aj\u0101 st\u0101st\u0101 iesaist\u012bj\u0101s. Kas tur bija ar to Valsts valodas likumu? Tur jau vienu br\u012bdi aizg\u0101ja tik t\u0101lu, ka b\u016bt vai neb\u016bt mums Eiropas Savien\u012bb\u0101\u2026<\/p>\n<p>Nu, t\u0101s sekas jau m\u0113s redzam \u0161odien un sekas redzam ar\u012b Ukrain\u0101. \u0160odien Rietumvalstu l\u012bderi atz\u012bst, ka t\u0101 p\u0101rm\u0113r\u012bg\u0101 ieciet\u012bba pret &#8220;krievu pasauli&#8221; un Krievijas politiku, un visu to, kas ar to saist\u0101s, bijusi nepareiza.\u00a0<\/p>\n<p>Toreiz ASV un Lielbrit\u0101nijas v\u0113stnieki ieteica ar valsts valodas likuma ievie\u0161anu Latvij\u0101 nesteigties. K\u0101 j\u016bs to atceraties, k\u0101ds bija tas spiediens no m\u016bsu it k\u0101 sabiedrotajiem?<\/p>\n<p>Spiediens bija t\u0101ds, ka m\u0113s te p\u0101r\u0101k it k\u0101 apspie\u017eam krievu minorit\u0101ti un t\u0101 t\u0101l\u0101k un joproj\u0101m, un tas st\u0101sts, es saku, tur var vilkt paral\u0113les ar \u0161odienu, ka piln\u012bgi tas pats st\u0101sts bija par Austrumukrainu, ka tur tiek apspiesti nabaga krievi, un k\u0101ds ir rezult\u0101ts \u0161ai k\u013c\u016bdainajai Rietumu nost\u0101jai, attieksmei pret Krieviju un Krievijas ietekmi biju\u0161aj\u0101s Padomju Savien\u012bbas republik\u0101s, nu\u2026.<\/p>\n<p>Kas bija \u0161is Makss van der St\u016bls? K\u0101ds vi\u0146\u0161 jums pr\u0101t\u0101 palicis?<\/p>\n<p>Vi\u0146\u0161 bija ilgu laiku pirms tam pavad\u012bjis darb\u0101 Maskav\u0101. Vi\u0146\u0161 cent\u0101s pan\u0101kt, lai m\u0113s visas \u0161\u012bs stingr\u0101k\u0101s normas m\u012bkstin\u0101tu.<\/p>\n<blockquote>\n<p>Kaut gan beig\u0101s, es teik\u0161u atkl\u0101ti, vi\u0146\u0161 s\u0101ka vair\u0101k vai maz\u0101k to situ\u0101ciju saprast, kad t\u0101 pamat\u012bg\u0101k iedzi\u013cin\u0101j\u0101s, ka nebija tik tra\u0123iski.<\/p>\n<\/blockquote>\n<p>Dodamies t\u0101l\u0101k. 1998. gada pavasaris \u2013 j\u016bsu un partijas &#8220;Latvijas Ce\u013c\u0161&#8221; ce\u013ci \u0161\u0137iras. J\u016bs kop\u0101 ar J\u0101ni Lagzdi\u0146u aizejat no partijas, jo j\u016bs neapmierina t\u0101s politika attieksm\u0113 pret vald\u012bbu, valodu un pilson\u012bbu. Vilis Kri\u0161topans tolaik uzskata, ka t\u0101 ir nodev\u012bba, bet j\u016bs ar paceltu galvu aizejat uz Tautas partiju.<\/p>\n<p>Nu, mums bija taisn\u012bba, jo &#8220;Latvijas Ce\u013c\u0161&#8221; izbeidz\u0101s, ko tur vairs koment\u0113t. Jo bija jau t\u0101di iek\u0161\u0113jie str\u0101vojumi &#8220;Latvijas Ce\u013c\u0101&#8221;, kas cent\u0101s \u012bstenot savu politiku, un t\u0101 partija bija k\u013cuvusi t\u0101da neviendab\u012bga. Bija skaidrs, ka &#8220;Latvijas Ce\u013c\u0161&#8221; ved uz nekurieni, un t\u0101 ar\u012b bija.<\/p>\n<p>Ar ko j\u016bs uzrun\u0101ja Tautas partija, Andris \u0160\u0137\u0113le?<\/p>\n<p>Pirmk\u0101rt, ar to, ka Andris \u0160\u0137\u0113le bija, manupr\u0101t, veiksm\u012bgs vald\u012bbas vad\u012bt\u0101js, kad vi\u0146\u0161 bija neatkar\u012bgs premjers, kad vi\u0146am vajadz\u0113ja mened\u017e\u0113t vald\u012bbu, kur\u0101 bija neskait\u0101mas partijas ar visda\u017e\u0101d\u0101ko ideolo\u0123iju. Vi\u0146\u0161 to paveica \u013coti sekm\u012bgi. Otrk\u0101rt, ar\u012b ar tiem cilv\u0113kiem, kas bija sapulc\u0113ju\u0161ies Tautas partij\u0101, jo m\u0113s ar J\u0101ni Lagzdi\u0146u tik\u0101m uzaicin\u0101ti uz laikam R\u0113zeknes Tautas partijas dibin\u0101\u0161anas kongresu. M\u0113s v\u0113l nebij\u0101m iest\u0101ju\u0161ies, m\u0113s redz\u0113j\u0101m, ka tai partijai ir n\u0101kotne.<\/p>\n<p><a id=\"6\" name=\"6\"\/>Politisk\u0101 virtuve, spiediens un intere\u0161u b\u012bd\u012b\u0161ana<\/p>\n<p>Par 90. gadiem j\u016bs k\u0101d\u0101 intervij\u0101 esat teicis, ka nenoliedzat \u2013 90. gados ar\u012b j\u016bs esat sa\u0146\u0113mis pied\u0101v\u0101jumus atbalst\u012bt k\u0101dus konkr\u0113tus likumus vai tos lob\u0113t, un jums ir pied\u0101v\u0101ta ar\u012b materi\u0101la atl\u012bdz\u012bba. J\u016bs paud\u0101t, ka nekad to neesat pie\u0146\u0113mis. K\u0101da bija \u0161\u012b politika 90. gadu beig\u0101s un 2000. gadu s\u0101kum\u0101?<\/p>\n<p>Centieni ietekm\u0113t politiku no malas ir biju\u0161i vienm\u0113r un ir v\u0113l ar\u012b tagad, bet, protams, 90. gados tas viss bija nesal\u012bdzin\u0101mi nopietn\u0101k. Paldies Dievam, mani neviens ietekm\u0113t nekad nav sp\u0113jis. Man negrib\u0113tos tagad pat saukt v\u0101rd\u0101 vienu \u013coti ietekm\u012bgu Latvij\u0101 person\u0101\u017eu, kur\u0161 man pied\u0101v\u0101ja lob\u0113t \u0161\u012bs pils\u0113tas intereses, par to sa\u0146emot attiec\u012bgu atalgojumu.<\/p>\n<p>Atcer\u0113simies, ka j\u016bsu dzimt\u0101 pils\u0113ta ir Ventspils&#8230;<\/p>\n<p>Es teicu, ka es ar\u012b turpm\u0101k lob\u0113\u0161u \u0161\u012bs pils\u0113tas intereses, ja es uzskat\u012b\u0161u to par pareizu, bet es nekad par to negribu sa\u0146emt nek\u0101du atl\u012bdz\u012bbu.<\/p>\n<p>Aptuveni k\u0101da bija t\u0101 summa, kas jums tika pied\u0101v\u0101ta, lai tagad saprastu, cik tas bija \u2013 daudz vai maz?<\/p>\n<p>Tiem laikiem pietiekami.<\/p>\n<p>Viena deput\u0101ta alga vai vair\u0101k?<\/p>\n<p>Es vairs tik prec\u012bzi neatceros, man ir bail samelot, bet, skatoties uz da\u017e\u0101diem balsojumiem da\u017e\u0101d\u0101s situ\u0101cij\u0101s da\u017e\u0101d\u0101s Saeim\u0101s, protams, nereti jau par vienu otru l\u0113mumu aizdomas rad\u0101s.<\/p>\n<p>Un par vienu otru j\u016bsu kol\u0113\u0123i, ar kuru blakus bija j\u0101s\u0113\u017e,\u00a0 ja?<\/p>\n<p>Par vienu otro kol\u0113\u0123i ar\u012b, j\u0101, protams.<\/p>\n<p>Tas, ka to sauc par valsts nozag\u0161anu, tas ir p\u0101r\u0101k ska\u013ci teikts, vai bija laiks Latvijas politik\u0101, kad tie\u0161\u0101m likumus pirka un p\u0101ris cilv\u0113ka sav\u0101s interes\u0113s \u013coti daudz\u00a0ko dar\u012bja?<\/p>\n<p>Protams, ka vienm\u0113r, it \u012bpa\u0161i tajos laikos, ir biju\u0161i cilv\u0113ki, kas ir g\u0101ju\u0161i politik\u0101 nevis t\u0101p\u0113c, lai kaut ko izdar\u012btu vair\u0101k Latvijas interes\u0113s, bet kaut ko vair\u0101k izdar\u012btu sav\u0101s interes\u0113s. Protams, t\u0101 ir bijis, bet paldies Dievam, ka m\u0113s uzst\u0101d\u012bj\u0101m strat\u0113\u0123isko m\u0113r\u0137i\u00a0\u2013 iest\u0101ties Eiropas Savien\u012bb\u0101 un NATO,\u00a0ka m\u0113s sp\u0113j\u0101m sav\u0101kties un tom\u0113r sp\u0113j\u0101m vair\u0101k vai maz\u0101k ievirz\u012bt Latviju civiliz\u0113tas Eiropas valstu pulk\u0101. M\u0113s redzam, kas notika Ukrain\u0101, kura to nesp\u0113ja, kura to nesp\u0113ja v\u0113l l\u012bdz 2010. un v\u0113l\u0101kiem gadiem, kad bija p\u0101rv\u0113rtusies par absol\u016bti korump\u0113tu valsti, kurai nebija n\u0101kotnes. Sekas m\u0113s redzam \u0161odien.<\/p>\n<p>\u0160odien redzam, ka Ukrain\u0101 ar\u012b beidzot &#8220;liel\u0101s zivis&#8221; tiek \u0137ertas. Dzintar, v\u0113l par j\u016bsu politikas gadiem \u2013 vai jums n\u0101c\u0101s da\u017ek\u0101rt iesaist\u012bties ar\u012b k\u0101d\u0101s politiskaj\u0101s c\u012b\u0146\u0101s, kur j\u016bs ne p\u0101r\u0101k labi jut\u0101ties vai kur politiskie iero\u010di nebija god\u012bgi? M\u0113s <a href=\"https:\/\/www.lsm.lv\/raksts\/dzive-stils\/sarunas\/24.09.2025-rupjais-zests-pa-logu-ka-pedejais-piliens-un-atskats-uz-kadreizejo-varas-virtuvi-saruna-ar-ekspolitiki-lagzdinu.a615338\/\" class=\"lsm-link\" data-type=\"article\" data-id=\"615338\" rel=\"nofollow noopener\" target=\"_blank\">run\u0101j\u0101m ar J\u0101ni Lagzdi\u0146u<\/a>, kur\u0161 atcer\u0113j\u0101s, ka vi\u0146am bija j\u0101vada izmekl\u0113\u0161anas komisija par iesp\u0113jamajiem Rep\u0161es dar\u012bjumiem, lai gan vi\u0146\u0161 teica, ka jau no pa\u0161a s\u0101kuma esot sapratis, ka tur nav nek\u0101ds lielais p\u0101rk\u0101pumu st\u0101sts, bet t\u0101 k\u0101 t\u0101 ir politika, c\u012b\u0146a, vi\u0146am \u0161\u012b Saeimas izmekl\u0113\u0161anas komisija pret Rep\u0161i bija j\u0101vada. To vi\u0146\u0161 tagad atz\u012bst. Es skatos, ka tur Saeimas diskusij\u0101s ar\u012b j\u016bs k\u0101pjat trib\u012bn\u0113 un sak\u0101t, ka Rep\u0161e ir j\u0101izpurina, Rep\u0161e ir j\u0101izmekl\u0113\u2026 Bet J\u0101nis Lagzdi\u0146\u0161 tagad saka, ka t\u0101 bija politika, ka nek\u0101 cita tur apak\u0161\u0101 nebija.<\/p>\n<p>Protams, ka tan\u012bs partiju savstarp\u0113j\u0101s c\u012b\u0146\u0101s, it \u012bpa\u0161i taj\u0101 retorik\u0101, kas izskan no trib\u012bnes, bie\u017ei vien kritika, j\u0101atz\u012bst, ir p\u0101rsp\u012bl\u0113ta. Politika jau zin\u0101m\u0101 m\u0113r\u0101 ir ar\u012b te\u0101tris, jo politi\u0137i bie\u017ei vien ir k\u0101 aktieri uz skatuves. Nu, t\u0101da t\u0101 politika ir.<\/p>\n<blockquote>\n<p>Tas, protams, nav labi, bet t\u0101 teikt, ka es k\u0101du b\u016btu speci\u0101li apmelojis vai taml\u012bdz\u012bgi \u2013 protams, ka n\u0113. Sabiezin\u0101jis kr\u0101sas? Protams, ka j\u0101. Lietojis spilgtus epitetus? Protams, ka j\u0101.<\/p>\n<\/blockquote>\n<p>Sabiedr\u012bbas uztic\u012bba parlamentam Latvij\u0101, ja tic sociolo\u0123ijai, \u0161obr\u012bd ir viszem\u0101kaj\u0101 punkt\u0101. Pat zem\u0101k\u0101 nek\u0101 laikos, par kuriem \u0161odien run\u0101j\u0101m. Jums ir skaidrojums \u2013 k\u0101p\u0113c?<\/p>\n<p>J\u0101saka atkl\u0101ti, ka, iz\u0146emot varb\u016bt Skandin\u0101vijas valstis, t\u0101 tas ir gandr\u012bz visur pasaul\u0113, ka vald\u012bbas un parlamenti sevi\u0161\u0137i m\u012b\u013ci sabiedr\u012bbai nav. T\u0101 diem\u017e\u0113l ir politikas realit\u0101te, t\u0101p\u0113c ar\u012b main\u0101s partijas, main\u0101s vieni pie varas, otri pie varas.<\/p>\n<p>Bet k\u0101d\u0113\u013c tie\u0161i \u0161obr\u012bd tas zem\u0101kais punkts? Vai tur ir ietekme ar\u012b soci\u0101lajiem t\u012bkliem, kurus j\u016bs min\u0113j\u0101t sarunas s\u0101kum\u0101?<\/p>\n<p>Es dom\u0101ju, ka ietekmes faktoru ir \u013coti daudz. Pirmk\u0101rt, daudzi cilv\u0113ki \u0161obr\u012bd nej\u016btas komfortabli kara Ukrain\u0101 d\u0113\u013c. Tas vi\u0146us nospie\u017e. T\u0101pat sam\u0113r\u0101 nesen v\u0113l bija pand\u0113mija, no kuras t\u0101pat sekas v\u0113l ir j\u016btamas. Tas viss kop\u0101, \u0161\u012bs negat\u012bv\u0101s lietas, sakr\u0101jas, t\u0101p\u0113c, manupr\u0101t\u2026 Es grib\u0113tu izcelt Latvijas Radio, kur ir \u013coti daudz br\u012bni\u0161\u0137\u012bgu, izgl\u012btojo\u0161u, pozit\u012bvu, izskaidrojo\u0161u raid\u012bjumu. Es negribu, Dieva d\u0113\u013c, piel\u012bst, es vairs neesmu politik\u0101, man tas nav vajadz\u012bgs. Savuk\u0101rt, kas attiecas uz Latvijas sabiedrisko telev\u012bziju [Latvijas Telev\u012bziju \u2013 red.], protams, ievirze un eiropeiskais virziens \u2013 viss ir pareizi, bet, manupr\u0101t, tom\u0113r drusku par daudz ir negat\u012bv\u0101. Ir \u0161ie nep\u0101rtraukti negat\u012bvie raid\u012bjumi. Ja m\u0113s redzam &#8220;Panor\u0101m\u0101&#8221;, kas, manupr\u0101t, ir pavisam aplami, ka ir t\u0101da \u017eurn\u0101liste Ilze Kalve, manupr\u0101t, kas gatavo report\u0101\u017eas no Lielbrit\u0101nijas, kas sald\u0101, skaist\u0101 bals\u012b st\u0101sta, cik br\u012bni\u0161\u0137\u012bga dz\u012bve ir latvie\u0161iem Lielbrit\u0101nij\u0101, k\u0101 vi\u0146i pu\u0161\u0137o egl\u012btes, cep p\u012br\u0101dzi\u0146us, un cik viss ir skaisti un br\u012bni\u0161\u0137\u012bgi, bet nav neviena v\u0101rda par to, ka latviete Lielbrit\u0101nij\u0101, m\u0113s zin\u0101m t\u0101du gad\u012bjumu, rind\u0101 pie \u0101rsta nomirst, jo nevar sagaid\u012bt pal\u012bdz\u012bbu, ka \u013coti daudzi latvie\u0161i grib braukt atpaka\u013c, jo medic\u012bna tur ir t\u0101d\u0101 l\u012bmen\u012b, ka ir j\u0101gaida varb\u016bt tr\u012bs reizes ilg\u0101k uz oper\u0101ciju, nek\u0101 Latvij\u0101, ka latvie\u0161i tom\u0113r grib, ka b\u0113rni m\u0101c\u0101s latviski, t\u0101p\u0113c brauc atpaka\u013c \u2013 \u0161\u0101du si\u017eetu nav. Ir tikai br\u012bni\u0161\u0137\u012bgi skaists si\u017eets par Lielbrit\u0101niju un pirms tam \u2013 pieci negat\u012bvi si\u017eeti par Latviju. To nevar savietot. Drusku vajadz\u0113tu main\u012bt akcentus.<\/p>\n<p>L\u016bk, t\u0101da ar\u012b kritika sabiedriskajam medijam no Dzintara \u0100bi\u0137a.<\/p>\n<p>Es jau varu at\u013cauties kritiz\u0113t, man jau nav par iev\u0113l\u0113\u0161anu j\u0101uztraucas. (smejas)<\/p>\n<p>Toties, Dzintar, &#8220;Panor\u0101ma&#8221; uztais\u012bja \u013coti sirsn\u012bgu st\u0101stu dien\u0101, kas bija j\u016bsu p\u0113d\u0113j\u0101 darba diena Saeim\u0101. 2014. gada 30. oktobr\u012b t\u0101tad bija 11. Saeimas p\u0113d\u0113j\u0101 s\u0113de, un vienai lielai da\u013cai deput\u0101tu t\u0101 bija p\u0113d\u0113j\u0101 plen\u0101rs\u0113de. Kol\u0113\u0123e Madara L\u012bc\u012bte aptauj\u0101ja deput\u0101tus, ko vi\u0146i dar\u012bs t\u0101l\u0101k dz\u012bv\u0113 un ar k\u0101d\u0101m dom\u0101m atvad\u0101s no Saeimas nama, un j\u016bs tolaik paud\u0101t \u0161\u0101dus v\u0101rdus: &#8220;Ir j\u0101prot \u012bstaj\u0101 laik\u0101 pielikt punkts. Es negribu, ka es vairs nesaprotu to, ko es daru. Patreiz man v\u0113l liekas, ka es saprotu.&#8221;<\/p>\n<p>(Dzintars \u0100bi\u0137is smejas)<\/p>\n<p>J\u0101prot \u012bstaj\u0101 laik\u0101 pielikt punkts, un 2014. gad\u0101 j\u016bs to pieliekat. K\u0101 tas ir \u2013 aiziet no deput\u0101ta amata, no tik ilgiem gadiem politik\u0101? K\u0101da ir dz\u012bve p\u0113c politikas?<\/p>\n<p>Es nevaru s\u016bdz\u0113ties. Es \u012bstenoju to, kam man nebija laika str\u0101d\u0101jot. Es \u0101rk\u0101rt\u012bgi daudz esmu ce\u013cojis, esmu \u012bstenojis savas b\u0113rn\u012bbas sapni \u2013 apce\u013cot pasauli. Es esmu apce\u013cojis ar\u012b Latviju krust\u0101m \u0161\u0137\u0113rs\u0101m. Es uzliku uz kartes un m\u0113s ar sievu esam apbrauk\u0101ju\u0161i praktiski visas Latvijas mui\u017eas, p\u0101ri p\u0101r t\u016bkstoti mui\u017eu Latvij\u0101. No A l\u012bdz Z. M\u0113s ar sievu dz\u012bvojam laukos, mums ir d\u0101rzs, mums pa\u0161iem aug kartupe\u013ci, burk\u0101ni, k\u0101posti, tom\u0101ti. Es pats c\u0113rtu malku. Esmu iem\u0101c\u012bjis savam desmitgad\u012bgajam mazd\u0113lam cirst malku. Vi\u0146\u0161 man c\u0113rt pl\u012bts malku ar mazu cirv\u012bti, ka prieks skat\u012bties. T\u0101 k\u0101 es nej\u016btu t\u0101das lielas nepiecie\u0161am\u012bbas p\u0113c Saeimas nama. Protams, es p\u0101rdz\u012bvoju. Protams, es piezvanu k\u0101dreiz k\u0101dam savam biju\u0161ajam kol\u0113\u0123im, kur\u0161 v\u0113l tagad ir Saeim\u0101, ja man liekas, ka kaut kas ir nepareizi un kaut ko vajadz\u0113ja cit\u0101di dar\u012bt. Protams, es p\u0101rdz\u012bvoju par Latviju.<\/p>\n<blockquote>\n<p>Es p\u0101rdz\u012bvoju, ka bie\u017ei vien cilv\u0113ki p\u0101r\u0101k negat\u012bvi dz\u012bvo un v\u0113rt\u0113 dz\u012bvi Latvij\u0101, jo Latvija ne tuvu nav p\u0113d\u0113j\u0101s viet\u0101 Eirop\u0101 daudz\u0113j\u0101d\u0101 zi\u0146\u0101, ne tuvu nav t\u0101 slikt\u0101k\u0101 zeme. M\u0113s esam p\u0101rtikusi, br\u012bni\u0161\u0137\u012bga, za\u013ca valsts, kur ir visas iesp\u0113jas. M\u0113s esam pietiekami sp\u0113j\u012bgi, pietiekami gudri, pietiekami izgl\u012btoti, lai celtu Latviju.<\/p>\n<\/blockquote>\n<p><a href=\"https:\/\/www.lsm.lv\/temas\/raidijums-laikmeta-krustpunkta\/\" class=\"lsm-link\" data-type=\"theme\" data-id=\"26355\" rel=\"nofollow noopener\" target=\"_blank\">Citas &#8220;Laikmeta krustpunkt\u0101&#8221; sarunas<\/a><\/p>\n<p style=\"text-align:right\"><a href=\"https:\/\/www.lsm.lv\/temas\/raidijums-laikmeta-krustpunkta\/\" class=\"lsm-link\" data-type=\"theme\" data-id=\"26355\" rel=\"nofollow noopener\" target=\"_blank\">Vair\u0101k<\/a><\/p>\n","protected":false},"excerpt":{"rendered":"M\u016bsdien\u0101s deput\u0101ti baid\u0101s pie\u0146emt vajadz\u012bgus, bet nepopul\u0101rus l\u0113mumus, jo zina, ka soci\u0101lajos t\u012bklos v\u0113l\u0101k dab\u016bs ciest. Tas ir&hellip;\n","protected":false},"author":2,"featured_media":81652,"comment_status":"","ping_status":"","sticky":false,"template":"","format":"standard","meta":{"footnotes":""},"categories":[14],"tags":[23,57,28,29,32,33,22,30,31,35,39,38,36,37,34,40,20,26,27,24,25,54,55,56,21,58],"class_list":{"0":"post-81651","1":"post","2":"type-post","3":"status-publish","4":"format-standard","5":"has-post-thumbnail","7":"category-zinas-no-arvalstim","8":"tag-aktualitates","9":"tag-arvalstim","10":"tag-breaking-news","11":"tag-breakingnews","12":"tag-featured-news","13":"tag-featurednews","14":"tag-headlines","15":"tag-latest-news","16":"tag-latestnews","17":"tag-latvia","18":"tag-latvian","19":"tag-latviesu","20":"tag-latviesu-valoda","21":"tag-latviesuvaloda","22":"tag-latvija","23":"tag-lv","24":"tag-news","25":"tag-popularakas-zinas","26":"tag-popularakaszinas","27":"tag-top-stories","28":"tag-topstories","29":"tag-world","30":"tag-world-news","31":"tag-worldnews","32":"tag-zinas","33":"tag-zinas-no-arvalstim"},"share_on_mastodon":{"url":"https:\/\/pubeurope.com\/@lv\/115756648546587206","error":""},"_links":{"self":[{"href":"https:\/\/www.europesays.com\/lv\/wp-json\/wp\/v2\/posts\/81651","targetHints":{"allow":["GET"]}}],"collection":[{"href":"https:\/\/www.europesays.com\/lv\/wp-json\/wp\/v2\/posts"}],"about":[{"href":"https:\/\/www.europesays.com\/lv\/wp-json\/wp\/v2\/types\/post"}],"author":[{"embeddable":true,"href":"https:\/\/www.europesays.com\/lv\/wp-json\/wp\/v2\/users\/2"}],"replies":[{"embeddable":true,"href":"https:\/\/www.europesays.com\/lv\/wp-json\/wp\/v2\/comments?post=81651"}],"version-history":[{"count":0,"href":"https:\/\/www.europesays.com\/lv\/wp-json\/wp\/v2\/posts\/81651\/revisions"}],"wp:featuredmedia":[{"embeddable":true,"href":"https:\/\/www.europesays.com\/lv\/wp-json\/wp\/v2\/media\/81652"}],"wp:attachment":[{"href":"https:\/\/www.europesays.com\/lv\/wp-json\/wp\/v2\/media?parent=81651"}],"wp:term":[{"taxonomy":"category","embeddable":true,"href":"https:\/\/www.europesays.com\/lv\/wp-json\/wp\/v2\/categories?post=81651"},{"taxonomy":"post_tag","embeddable":true,"href":"https:\/\/www.europesays.com\/lv\/wp-json\/wp\/v2\/tags?post=81651"}],"curies":[{"name":"wp","href":"https:\/\/api.w.org\/{rel}","templated":true}]}}