{"id":81655,"date":"2025-12-21T08:39:05","date_gmt":"2025-12-21T08:39:05","guid":{"rendered":"https:\/\/www.europesays.com\/lv\/81655\/"},"modified":"2025-12-21T08:39:05","modified_gmt":"2025-12-21T08:39:05","slug":"makslas-kritikas-gada-balvai-nomineti-rozentals-viguls-reitere-un-mellena-bartkevica-lente-lv","status":"publish","type":"post","link":"https:\/\/www.europesays.com\/lv\/81655\/","title":{"rendered":"M\u0101kslas Kritikas Gada Balvai Nomin\u0113ti Rozent\u0101ls, Viguls, Reitere un Mell\u0113na-Bartkevi\u010da\u00a0\u2014\u00a0Lente.lv"},"content":{"rendered":"<p>Normunda Nauma\u0146a Gada Balvas M\u0101kslas Kritik\u0101 \u010cetri Pretendenti<\/p>\n<p>Normunda Nauma\u0146a v\u0101rd\u0101 nosaukt\u0101s Gada balvas m\u0101kslas kritik\u0101 \u0161ogad \u017e\u016brija ir izraudz\u012bjusi \u010detrus izcilus nozares profesion\u0101\u013cus. Uz presti\u017eo atzin\u012bbu pretend\u0113 te\u0101tra kriti\u0137is Atis Rozent\u0101ls, literat\u016bras kriti\u0137is Arvis Viguls, kino kriti\u0137e El\u012bna Reitere un operas kriti\u0137e Lauma Mell\u0113na-Bartkevi\u010da, k\u0101 inform\u0113 Normunda Nauma\u0146a biedr\u012bbas p\u0101rst\u0101vji. \u0160\u012b balva, kas tiek pasniegta jau 11. reizi, apliecina noz\u012bm\u012bgu ieguld\u012bjumu Latvijas kult\u016bras telp\u0101, v\u0113rt\u0113jot un analiz\u0113jot da\u017e\u0101das m\u0101kslas jomas. K\u0101 inform\u0113 Latvijas Sabiedriskie Mediji, \u0161\u0101 gada apbalvo\u0161anas ceremonija, ko d\u0113v\u0113 par NN Nakti, notiks 13. janv\u0101r\u012b plkst. 19 tie\u0161raid\u0113 vietn\u0113s Satori.lv un Lsm.lv.<\/p>\n<p>Kritikas Daudzveid\u012bba Nomin\u0113to Darbos<\/p>\n<p>Kandid\u0101tu saraksts demonstr\u0113 kritikas nozares pla\u0161umu un daudzpus\u012bbu. Atis Rozent\u0101ls izvirz\u012bts par te\u0101tra recenzij\u0101m, tostarp darbiem \u201eStirnas gait\u0101\u201d un \u201eRevolveris pie deni\u0146iem\u201d, k\u0101 ar\u012b anal\u012btiskiem rakstiem k\u0101 \u201e\u0160eksp\u012brs ar gran\u0101tu\u201d un \u201eTik \u013coti int\u012bmi un tom\u0113r publiski\u201d. Rozent\u0101la recenzijas izce\u013cas ar dzi\u013cu izpratni par te\u0101tra procesiem.<\/p>\n<p>Literat\u016bras v\u0113rt\u0113jum\u0101 \u017e\u016brijas uzman\u012bbu piesaist\u012bjis Arvis Viguls, kur\u0161 nomin\u0113ts par dzejas kr\u0101jumu recenzij\u0101m, piem\u0113ram, \u201eArk\u0101dijas arhitekt\u016bra\u201d, \u201eFejas balss\u201d un \u201eFreima\u0146a kluc\u012b\u0161i\u201d. Par Vigula darbu \u017e\u016brija atz\u012bm\u0113jusi, ka vi\u0146a recenzijas atkl\u0101j \u201epieredz\u0113ju\u0161a dzejas prakti\u0137a un v\u0113rt\u0113t\u0101ja kompetento skat\u012bjumu uz m\u016bsdienu latvie\u0161u dzejas procesu.\u201d<\/p>\n<p>Kino un Operas Kritikas Akcenti<\/p>\n<p>El\u012bna Reitere p\u0101rst\u0101v kino kritikas jomu. Vi\u0146as nopelni nov\u0113rt\u0113ti par recenzij\u0101m par t\u0101diem darbiem k\u0101 \u201eLotus. Drosme izfantaz\u0113t v\u0113sturi\u201d, \u201eDieva suns. Kino ekscess un ner\u0101tn\u0101s dainas\u201d un \u201eTestaments\u201d. Reitere demonstr\u0113 sp\u0113ju analiz\u0113t kino ne tikai k\u0101 m\u0101kslu, bet ar\u012b k\u0101 soci\u0101lu un kult\u016bras fenom\u0113nu.<\/p>\n<p>Lauma Mell\u0113na-Bartkevi\u010da nomin\u0113ta par b\u016btisku ieguld\u012bjumu operas kritik\u0101, kas ir specifiska un ni\u0161as joma. \u017d\u016brija \u012bpa\u0161i uzsver, ka Mell\u0113na-Bartkevi\u010da ir viena no retaj\u0101m kriti\u0137\u0113m, kas profesion\u0101li un konsekventi darbojas \u0161aj\u0101 sare\u017e\u0123\u012btaj\u0101 jom\u0101. Vi\u0146as darbi analiz\u0113 gan vok\u0101lo sniegumu un re\u017eiju, gan ar\u012b kontekstu, caurvijot operu procesus ar laikmeta izj\u016btu.<\/p>\n<p>Par Balvas Norisi un Kontekstu<\/p>\n<p>Gada balva m\u0101kslas kritik\u0101, ko dibin\u0101ja Normunda Nauma\u0146a biedr\u012bba 2015. gad\u0101, ir ieguvusi Nacion\u0101l\u0101s balvas statusu, ko atbalsta Kult\u016bras ministrija. \u0160\u012b gada ceremonijas nosaukums ir \u201eKritikas j\u0113gas pier\u0101d\u012b\u0161ana visu m\u0101kslu m\u012b\u013cot\u0101jam\u201d. Pas\u0101kuma re\u017eisora pien\u0101kumus uz\u0146\u0113mies M\u0101rti\u0146\u0161 Grauds, bet scen\u0101rija autori ir K\u0101rlis V\u0113rdi\u0146\u0161 un Ivars \u0160teinbergs, kur\u0161 ar\u012b vad\u012bs pas\u0101kumu.<\/p>\n<p>T\u0101pat tradicion\u0101li tiek pasniegta ar\u012b Jaun\u0101 kriti\u0137a\/es veicin\u0101\u0161anas balva. \u0160ogad \u0161ai balvai izvirz\u012bti pieci kandid\u0101ti, kas p\u0101rst\u0101v m\u016bzikas, literat\u016bras un te\u0101tra kritikas jaunie talanti, apliecinot turpin\u0101jumu kritikas trad\u012bcijai Latvij\u0101.<\/p>\n<p>\u017d\u016brijas Sast\u0101vs un Trad\u012bcija<\/p>\n<p>L\u0113mumu par galven\u0101s balvas nominantiem pie\u0146\u0113ma \u017e\u016brija, kuras sast\u0101v\u0101 \u0161ogad darbojas t\u0101di nozares autorit\u0101tes k\u0101 Ed\u012bte Ti\u0161heizere, Anda Bakl\u0101ne, K\u0101rlis V\u0113rdi\u0146\u0161, Aivars Madris, Andris Dzen\u012btis, Santa Hir\u0161a un Ilm\u0101rs \u0160l\u0101pins. Vi\u0146u r\u016bp\u012bg\u0101 izv\u0113rt\u0113juma rezult\u0101t\u0101 tika secin\u0101ts, ka visi \u010detri nominanti demonstr\u0113 augstu profesion\u0101lo meistar\u012bbu un b\u016btisku ietekmi uz attiec\u012bgaj\u0101m m\u0101kslas jom\u0101m, veicinot sabiedr\u012bbas diskusijas un izpratni par jaun\u0101kajiem notikumiem Latvijas kult\u016br\u0101.<\/p>\n","protected":false},"excerpt":{"rendered":"Normunda Nauma\u0146a Gada Balvas M\u0101kslas Kritik\u0101 \u010cetri Pretendenti Normunda Nauma\u0146a v\u0101rd\u0101 nosaukt\u0101s Gada balvas m\u0101kslas kritik\u0101 \u0161ogad \u017e\u016brija&hellip;\n","protected":false},"author":2,"featured_media":81656,"comment_status":"","ping_status":"","sticky":false,"template":"","format":"standard","meta":{"footnotes":""},"categories":[19],"tags":[10042,20539,20540,89,20568,90,35,39,38,36,37,34,20541,40],"class_list":{"0":"post-81655","1":"post","2":"type-post","3":"status-publish","4":"format-standard","5":"has-post-thumbnail","7":"category-izklaide","8":"tag-arvis-viguls","9":"tag-atis-rozentals","10":"tag-elina-reitere","11":"tag-entertainment","12":"tag-gada-balva-makslas-kritika","13":"tag-izklaide","14":"tag-latvia","15":"tag-latvian","16":"tag-latviesu","17":"tag-latviesu-valoda","18":"tag-latviesuvaloda","19":"tag-latvija","20":"tag-lauma-mellena-bartkevica","21":"tag-lv"},"share_on_mastodon":{"url":"https:\/\/pubeurope.com\/@lv\/115756660503233193","error":""},"_links":{"self":[{"href":"https:\/\/www.europesays.com\/lv\/wp-json\/wp\/v2\/posts\/81655","targetHints":{"allow":["GET"]}}],"collection":[{"href":"https:\/\/www.europesays.com\/lv\/wp-json\/wp\/v2\/posts"}],"about":[{"href":"https:\/\/www.europesays.com\/lv\/wp-json\/wp\/v2\/types\/post"}],"author":[{"embeddable":true,"href":"https:\/\/www.europesays.com\/lv\/wp-json\/wp\/v2\/users\/2"}],"replies":[{"embeddable":true,"href":"https:\/\/www.europesays.com\/lv\/wp-json\/wp\/v2\/comments?post=81655"}],"version-history":[{"count":0,"href":"https:\/\/www.europesays.com\/lv\/wp-json\/wp\/v2\/posts\/81655\/revisions"}],"wp:featuredmedia":[{"embeddable":true,"href":"https:\/\/www.europesays.com\/lv\/wp-json\/wp\/v2\/media\/81656"}],"wp:attachment":[{"href":"https:\/\/www.europesays.com\/lv\/wp-json\/wp\/v2\/media?parent=81655"}],"wp:term":[{"taxonomy":"category","embeddable":true,"href":"https:\/\/www.europesays.com\/lv\/wp-json\/wp\/v2\/categories?post=81655"},{"taxonomy":"post_tag","embeddable":true,"href":"https:\/\/www.europesays.com\/lv\/wp-json\/wp\/v2\/tags?post=81655"}],"curies":[{"name":"wp","href":"https:\/\/api.w.org\/{rel}","templated":true}]}}