{"id":81661,"date":"2025-12-21T08:46:10","date_gmt":"2025-12-21T08:46:10","guid":{"rendered":"https:\/\/www.europesays.com\/lv\/81661\/"},"modified":"2025-12-21T08:46:10","modified_gmt":"2025-12-21T08:46:10","slug":"greguars-munsters-un-martins-sesks-varetu-dalit-m-sport-wrc-treso-automasinu-2026-gada-lente-lv","status":"publish","type":"post","link":"https:\/\/www.europesays.com\/lv\/81661\/","title":{"rendered":"Gregu\u0101rs Munsters un M\u0101rti\u0146\u0161 Sesks var\u0113tu dal\u012bt M-Sport WRC tre\u0161o automa\u0161\u012bnu 2026. gad\u0101\u00a0\u2014\u00a0Lente.lv"},"content":{"rendered":"<p>P\u0101rsteigumi M-Sport Ford sast\u0101v\u0101 WRC 2026 sezonai<\/p>\n<p>Lai gan &#8220;M-Sport Ford&#8221; komanda nesen publiskoja savu ofici\u0101lo pieteikumu 2026. gada Pasaules rallija \u010dempion\u0101ta (WRC) sezonai, kur\u0101 pilnu sezonu ar auto Ford Puma Rally1 s\u0101ks D\u017eo\u0161s Makerl\u012bns un D\u017eons \u0100rmstrongs, izskat\u0101s, ka be\u013c\u0123u pilots Grego\u0101rs Munsters nav pametis sacens\u012bbu elites aprindas piln\u012bb\u0101. Avoti Be\u013c\u0123ij\u0101 un Lielbrit\u0101nij\u0101 nor\u0101da, ka Munsters var\u0113tu saglab\u0101t vietu komand\u0101, dalot tre\u0161o Rally1 automa\u0161\u012bnu ar latvie\u0161u talantu M\u0101rti\u0146u Sesku.<\/p>\n<p>Ofici\u0101lais komandas pazi\u0146ojums no Lielbrit\u0101nijas vien\u012bbas bija koncentr\u0113ts uz jaun\u0101ku brauc\u0113ju potences izcel\u0161anu. D\u017eons \u0100rmstrongs, kur\u0161 p\u0113d\u0113j\u0101s div\u0101s sezon\u0101s ar M-Sport start\u0113ja Eiropas rallija \u010dempion\u0101t\u0101 (ERC) un 2025. gadu nosl\u0113dza ar div\u0101m uzvar\u0101m p\u0113c k\u0101rtas, debiju piedz\u012bvos Rally1 kategorij\u0101, pievienojoties Makerl\u012bnam, kur\u0161 ir vi\u0146a biedrs no Motorsport Ireland Rally Academy. \u0160is solis noz\u012bm\u0113, ka Munsters, kur\u0161 iepriek\u0161\u0113j\u0101s divas sezonas pilot\u0113ja Ford Puma Rally1, zaud\u0113jis savu past\u0101v\u012bgo vietu pilna sast\u0101va brauc\u0113ju vid\u016b. L\u012bdz\u012bgi M\u0101rti\u0146a Seskam, kura 2025. gada sezona bija sadal\u012bta vair\u0101kos, bet ne pilnos, startos, nav nodro\u0161in\u0101ta vieta past\u0101v\u012bgo brauc\u0113ju sarakst\u0101.<\/p>\n<p>M\u0101rti\u0146a Sesk\u0101 c\u012b\u0146a par vietu \u2013 rezult\u0101ti un sarunas<\/p>\n<p>M\u0101rti\u0146a Sesk\u0101 poz\u012bcija 2026. gadam ir bijusi intens\u012bvu diskusiju objekts. Komandas vad\u012bt\u0101js Ri\u010dards Miliners ir apstiprin\u0101jis, ka sarunas ar latvie\u0161u brauc\u0113ju turpin\u0101s, lai gan vi\u0146\u0161 nevar\u0113s piedal\u012bties sezonas atkl\u0101\u0161an\u0101 Montekarlo rallij\u0101. Miliners atzina, ka vienk\u0101r\u0161i pan\u0101kumi nav pietiekami, ja nav bud\u017eeta, lai nodro\u0161in\u0101tu pilnu sezonu, atsaucoties uz Sesk\u0101 sniegumu Sa\u016bda Ar\u0101bijas rallij\u0101, kur vi\u0146\u0161 ilgsto\u0161i c\u012bn\u012bj\u0101s par uzvaru, pirms tehniskas probl\u0113mas un riepu defekti liedza fini\u0161\u0113t augst\u0101 viet\u0101. \u0160is sniegums tom\u0113r ir nostiprin\u0101jis Sesk\u0101 poz\u012bciju komandas redzeslok\u0101.<\/p>\n<p>Lai gan Seskam netiek garant\u0113ta past\u0101v\u012bga vieta 2026. gad\u0101, tiek zi\u0146ots, ka vi\u0146\u0161 var\u0113tu sa\u0146emt l\u012bdz\u012bgu da\u013c\u0113jo programmu, k\u0101du vi\u0146am pied\u0101v\u0101ja 2025. gad\u0101. Spekul\u0101cijas liecina, ka \u0161\u012b tre\u0161\u0101 automa\u0161\u012bna var\u0113tu tikt dal\u012bta starp Seskun un Gregu\u0101ru Munsteru. Tiek uzsv\u0113rts, ka sadarb\u012bba ar Seskun joproj\u0101m nav beigusies, un komanda izsaka v\u0113lmi redz\u0113t vi\u0146u atkal pie st\u016bres, neskatoties uz to, ka finanses nosaka gal\u012bgo sast\u0101vu.<\/p>\n<p>Grego\u0101ra Munstera n\u0101kotne un Dak\u0101ras rallijs<\/p>\n<p>Grego\u0101rs Munsters, kur\u0161 divas sezonas aizvad\u012bja M-Sport Ford r\u016bpn\u012bcas sast\u0101v\u0101, \u0161\u0137iet, sask\u0101ries ar l\u012bdz\u012bgu situ\u0101ciju k\u0101 Sesks \u2013 nepiecie\u0161am\u012bba nodro\u0161in\u0101t finans\u0113jumu. Tom\u0113r, lai gan vi\u0146\u0161 nav iek\u013cauts pilna laika sast\u0101v\u0101, izskat\u0101s, ka vi\u0146a saist\u012bbas ar komandu var\u0113tu turpin\u0101ties. Interesanti, ka Munsters ir izv\u0113l\u0113jies piedal\u012bties ar\u012b 2026. gada Dak\u0101ras rallij\u0101, kur vi\u0146\u0161 sadarbojas ar savu biju\u0161o atbalst\u012bt\u0101ju \u017durdu\u0101nu Serderid\u012b (Jourdan Serderidis), kas liecina par akt\u012bvu darb\u012bbu \u0101rpus WRC Rally1 sacens\u012bb\u0101m. \u0160is fakts var ietekm\u0113t vi\u0146a pieejam\u012bbu WRC kalend\u0101ra posmiem, ta\u010du dal\u012bta programma Rally1 ma\u0161\u012bnai kop\u0101 ar Sesku \u0161\u0137iet re\u0101la iesp\u0113ja.<\/p>\n<p>WRC 2026: P\u0113d\u0113j\u0101 Rally1 sezona un M-Sport strat\u0113\u0123ija<\/p>\n<p>2026. gads WRC \u010dempion\u0101t\u0101 iez\u012bm\u0113 b\u016btiskas p\u0101rmai\u0146as, jo t\u0101 b\u016bs p\u0113d\u0113j\u0101 sezona ar pa\u0161reiz\u0113jo Rally1 automa\u0161\u012bnu specifik\u0101ciju pirms 2027. gada, kad ieviest jaunos tehniskos noteikumus. \u0160is konteksts padara M-Sport l\u0113mumus par brauc\u0113jiem \u012bpa\u0161i svar\u012bgus \u2013 komanda cen\u0161as maksim\u0101li izmantot atliku\u0161o laiku, vienlaikus gatavojoties n\u0101kamajai paaudzei. Makerl\u012bna un \u0100rmstronga pilnas sezonas programma nor\u0101da uz invest\u012bciju jaunajos talantos, \u012bpa\u0161i no \u012arijas sporta sist\u0113mas, kas ir strat\u0113\u0123isks solis komandas ilgtermi\u0146a att\u012bst\u012bbai.<\/p>\n<p>Seska un Munstera potenci\u0101l\u0101 dal\u012bt\u0101 programma tre\u0161ajai automa\u0161\u012bnai pied\u0101v\u0101 komandai elast\u012bbu. T\u0101 \u013cauj piesaist\u012bt pieredz\u0113t\u0101kus brauc\u0113jus, piem\u0113ram, Munsteru vai Seskun, kuriem ir WRC pieredze, atsevi\u0161\u0137os, galvenok\u0101rt grants vai m\u0101jas rallijos, neuz\u0146emoties finansi\u0101lo risku par visu sezonu. Seskam tas ir v\u0113l viens \u0161\u0101viens pier\u0101d\u012bt savu \u0101trumu Rally1 automa\u0161\u012bn\u0101, ko vi\u0146\u0161 ir apliecin\u0101jis \u012bs\u0101kos projektos. Nedienas saist\u012bb\u0101 ar bud\u017eetu un brauc\u0113ju tirgus sare\u017e\u0123\u012bt\u012bbu, \u0161\u0101da modus operandi k\u013c\u016bst par kompromisu, kas uztur sp\u0113k\u0101 M-Sport amb\u012bcijas c\u012bn\u012bties par lab\u0101kiem rezult\u0101tiem ar\u012b ar tre\u0161o sp\u0113kratu.<\/p>\n","protected":false},"excerpt":{"rendered":"P\u0101rsteigumi M-Sport Ford sast\u0101v\u0101 WRC 2026 sezonai Lai gan &#8220;M-Sport Ford&#8221; komanda nesen publiskoja savu ofici\u0101lo pieteikumu 2026.&hellip;\n","protected":false},"author":2,"featured_media":81662,"comment_status":"","ping_status":"","sticky":false,"template":"","format":"standard","meta":{"footnotes":""},"categories":[17],"tags":[20570,35,39,38,36,37,34,40,13456,282,20571,67,20569],"class_list":{"0":"post-81661","1":"post","2":"type-post","3":"status-publish","4":"format-standard","5":"has-post-thumbnail","7":"category-sports","8":"tag-gregoars-munsters","9":"tag-latvia","10":"tag-latvian","11":"tag-latviesu","12":"tag-latviesu-valoda","13":"tag-latviesuvaloda","14":"tag-latvija","15":"tag-lv","16":"tag-m-sport","17":"tag-martins-sesks","18":"tag-rally1","19":"tag-sports","20":"tag-wrc-2026"},"share_on_mastodon":{"url":"https:\/\/pubeurope.com\/@lv\/115756687918424479","error":""},"_links":{"self":[{"href":"https:\/\/www.europesays.com\/lv\/wp-json\/wp\/v2\/posts\/81661","targetHints":{"allow":["GET"]}}],"collection":[{"href":"https:\/\/www.europesays.com\/lv\/wp-json\/wp\/v2\/posts"}],"about":[{"href":"https:\/\/www.europesays.com\/lv\/wp-json\/wp\/v2\/types\/post"}],"author":[{"embeddable":true,"href":"https:\/\/www.europesays.com\/lv\/wp-json\/wp\/v2\/users\/2"}],"replies":[{"embeddable":true,"href":"https:\/\/www.europesays.com\/lv\/wp-json\/wp\/v2\/comments?post=81661"}],"version-history":[{"count":0,"href":"https:\/\/www.europesays.com\/lv\/wp-json\/wp\/v2\/posts\/81661\/revisions"}],"wp:featuredmedia":[{"embeddable":true,"href":"https:\/\/www.europesays.com\/lv\/wp-json\/wp\/v2\/media\/81662"}],"wp:attachment":[{"href":"https:\/\/www.europesays.com\/lv\/wp-json\/wp\/v2\/media?parent=81661"}],"wp:term":[{"taxonomy":"category","embeddable":true,"href":"https:\/\/www.europesays.com\/lv\/wp-json\/wp\/v2\/categories?post=81661"},{"taxonomy":"post_tag","embeddable":true,"href":"https:\/\/www.europesays.com\/lv\/wp-json\/wp\/v2\/tags?post=81661"}],"curies":[{"name":"wp","href":"https:\/\/api.w.org\/{rel}","templated":true}]}}