{"id":81667,"date":"2025-12-21T08:54:15","date_gmt":"2025-12-21T08:54:15","guid":{"rendered":"https:\/\/www.europesays.com\/lv\/81667\/"},"modified":"2025-12-21T08:54:15","modified_gmt":"2025-12-21T08:54:15","slug":"new-york-times-labas-zinas-viriesiem-kuriem-ir-kaki","status":"publish","type":"post","link":"https:\/\/www.europesays.com\/lv\/81667\/","title":{"rendered":"New York Times: labas zi\u0146as v\u012brie\u0161iem, kuriem ir ka\u0137i"},"content":{"rendered":"\n<p>Jauns p\u0113t\u012bjums par\u0101d\u012bja, ka ka\u0137i bie\u017e\u0101k \u201csazin\u0101s\u201d ar saviem saimniekiem\u2011v\u012brie\u0161iem nek\u0101 ar saimniec\u0113m\u2011sieviet\u0113m. P\u0113c p\u0113tnieku dom\u0101m, tas var b\u016bt saist\u012bts ar to, ka v\u012brie\u0161i parasti maz\u0101k akt\u012bvi izr\u0101da uzman\u012bbu m\u0101jdz\u012bvniekiem. Ankaras universit\u0101tes zin\u0101tnieku darbs balst\u012bj\u0101s uz videomateri\u0101liem, ko ierakst\u012bja 31 ka\u0137u \u012bpa\u0161nieks. Dal\u012bbniekiem l\u016bdza uzvesties p\u0113c iesp\u0113jas dabisk\u0101k, kad vi\u0146i atgrie\u017eas m\u0101j\u0101s, un fiks\u0113t dz\u012bvnieku reakcijas.<\/p>\n<p>K\u0101 raksta The New York Times, v\u012brie\u0161i vid\u0113ji dzird\u0113ja 4,3 ska\u0146as no saviem ka\u0137iem \u2014 miau\u0161ana, ronron\u0113\u0161ana vai \u010dirkst\u0113\u0161ana \u2014 pirmaj\u0101s 100 sekund\u0113s p\u0113c ien\u0101k\u0161anas. Savuk\u0101rt sievietes sa\u0146\u0113ma tikai aptuveni 1,8 ska\u0146as. \u0160\u012b at\u0161\u0137ir\u012bba izr\u0101d\u012bj\u0101s noz\u012bm\u012bga un neatkar\u012bga no dz\u012bvnieka vecuma, dzimuma vai \u0161\u0137irnes.<\/p>\n<p>Zin\u0101tnieki apskat\u012bja 22 uzved\u012bbas veidus, tostarp \u017eagas (bie\u017ei saist\u012btas ar stresu) un \u0113din\u0101\u0161anai rakstur\u012bgus \u017eestus (piem\u0113ram, nor\u0101d\u012b\u0161anu uz b\u013codu). Tom\u0113r tikai vokaliz\u0101cija izr\u0101d\u012bj\u0101s saist\u012bta ar \u012bpa\u0161nieka dzimumu. Visbie\u017e\u0101k nov\u0113rotas divas reakciju grupas: soci\u0101lie \u017eesti \u2014 pacelta aste, ber\u0161an\u0101s ap k\u0101j\u0101m \u2014 un t\u0101 saukt\u0101 aizvietojo\u0161\u0101 uzved\u012bba \u2014 kas\u012b\u0161an\u0101s, \u0137erme\u0146a sakrat\u012b\u0161ana. P\u0113tnieki uzskata, ka tas liecina par pla\u0161u sign\u0101lu kl\u0101stu, ko ka\u0137i izmanto, satiekot savus saimniekus. Taj\u0101 pa\u0161\u0101 laik\u0101 vokaliz\u0101cija gandr\u012bz neatbilst citiem reakciju veidiem, kas liek dom\u0101t, ka ka\u0137u \u201csarunas\u201d ir patst\u0101v\u012bgs sazi\u0146as elements un ne vienm\u0113r saist\u012bts, piem\u0113ram, ar izsalkumu vai garlaic\u012bbu.<\/p>\n<p>Lai gan autori neveica dzi\u013cus secin\u0101jumus par c\u0113lo\u0146iem, vi\u0146i nor\u0101da, ka sievietes parasti uzman\u012bg\u0101k attiecas pret ka\u0137u emocij\u0101m, bie\u017e\u0101k rea\u0123\u0113 uz to sign\u0101liem un nereti pa\u0161as imit\u0113 ka\u0137u ska\u0146as \u2014 iesp\u0113jams, tie\u0161i t\u0101p\u0113c dz\u012bvniekiem ir maz\u0101ka vajadz\u012bba p\u0113c papildu vokaliz\u0101cijas. Pat neskatoties uz nelielu izlases lielumu un uz to, ka p\u0113t\u012bjums veikts vien\u0101 valst\u012b, videomateri\u0101lu izmanto\u0161ana padara rezult\u0101tus uzticam\u0101kus nek\u0101 p\u0113t\u012bjumi, kas balst\u0101s tikai uz \u012bpa\u0161nieku zi\u0146ojumiem.<\/p>\n<p>\u0160ie dati papildina eso\u0161\u0101s zin\u0101\u0161anas par to, k\u0101 ka\u0137i izmanto ska\u0146as, lai piev\u0113rstu uzman\u012bbu, izteiktu emocijas vai demonstr\u0113tu neapmierin\u0101t\u012bbu. Un tie nor\u0101da, ka ka\u0137i, iesp\u0113jams, ir daudz uzman\u012bg\u0101ki pret m\u016bsu saj\u016bt\u0101m, nek\u0101 parasti dom\u0101.<\/p>\n","protected":false},"excerpt":{"rendered":"Jauns p\u0113t\u012bjums par\u0101d\u012bja, ka ka\u0137i bie\u017e\u0101k \u201csazin\u0101s\u201d ar saviem saimniekiem\u2011v\u012brie\u0161iem nek\u0101 ar saimniec\u0113m\u2011sieviet\u0113m. P\u0113c p\u0113tnieku dom\u0101m, tas var&hellip;\n","protected":false},"author":2,"featured_media":81668,"comment_status":"","ping_status":"","sticky":false,"template":"","format":"standard","meta":{"footnotes":""},"categories":[14],"tags":[23,57,28,29,32,33,22,30,31,35,39,38,36,37,34,40,20,26,27,24,25,54,55,56,21,58],"class_list":{"0":"post-81667","1":"post","2":"type-post","3":"status-publish","4":"format-standard","5":"has-post-thumbnail","7":"category-zinas-no-arvalstim","8":"tag-aktualitates","9":"tag-arvalstim","10":"tag-breaking-news","11":"tag-breakingnews","12":"tag-featured-news","13":"tag-featurednews","14":"tag-headlines","15":"tag-latest-news","16":"tag-latestnews","17":"tag-latvia","18":"tag-latvian","19":"tag-latviesu","20":"tag-latviesu-valoda","21":"tag-latviesuvaloda","22":"tag-latvija","23":"tag-lv","24":"tag-news","25":"tag-popularakas-zinas","26":"tag-popularakaszinas","27":"tag-top-stories","28":"tag-topstories","29":"tag-world","30":"tag-world-news","31":"tag-worldnews","32":"tag-zinas","33":"tag-zinas-no-arvalstim"},"share_on_mastodon":{"url":"https:\/\/pubeurope.com\/@lv\/115756719554521013","error":""},"_links":{"self":[{"href":"https:\/\/www.europesays.com\/lv\/wp-json\/wp\/v2\/posts\/81667","targetHints":{"allow":["GET"]}}],"collection":[{"href":"https:\/\/www.europesays.com\/lv\/wp-json\/wp\/v2\/posts"}],"about":[{"href":"https:\/\/www.europesays.com\/lv\/wp-json\/wp\/v2\/types\/post"}],"author":[{"embeddable":true,"href":"https:\/\/www.europesays.com\/lv\/wp-json\/wp\/v2\/users\/2"}],"replies":[{"embeddable":true,"href":"https:\/\/www.europesays.com\/lv\/wp-json\/wp\/v2\/comments?post=81667"}],"version-history":[{"count":0,"href":"https:\/\/www.europesays.com\/lv\/wp-json\/wp\/v2\/posts\/81667\/revisions"}],"wp:featuredmedia":[{"embeddable":true,"href":"https:\/\/www.europesays.com\/lv\/wp-json\/wp\/v2\/media\/81668"}],"wp:attachment":[{"href":"https:\/\/www.europesays.com\/lv\/wp-json\/wp\/v2\/media?parent=81667"}],"wp:term":[{"taxonomy":"category","embeddable":true,"href":"https:\/\/www.europesays.com\/lv\/wp-json\/wp\/v2\/categories?post=81667"},{"taxonomy":"post_tag","embeddable":true,"href":"https:\/\/www.europesays.com\/lv\/wp-json\/wp\/v2\/tags?post=81667"}],"curies":[{"name":"wp","href":"https:\/\/api.w.org\/{rel}","templated":true}]}}