{"id":81688,"date":"2025-12-21T09:24:26","date_gmt":"2025-12-21T09:24:26","guid":{"rendered":"https:\/\/www.europesays.com\/lv\/81688\/"},"modified":"2025-12-21T09:24:26","modified_gmt":"2025-12-21T09:24:26","slug":"ukraina-no-krievijas-atguvusi-1003-cilveku-mirstigas-atliekas","status":"publish","type":"post","link":"https:\/\/www.europesays.com\/lv\/81688\/","title":{"rendered":"Ukraina no Krievijas atguvusi 1003 cilv\u0113ku mirst\u012bg\u0101s atliekas"},"content":{"rendered":"<p class=\"lead mb-md-2 mb-1 js-tv3-orphus\">Krievija atdevusi Ukrainai v\u0113l 1003 cilv\u0113ku mirst\u012bg\u0101s atliekas, piektdien, 19. decembr\u012b, pazi\u0146ojis Ukrainas g\u016bstek\u0146u jaut\u0101jumu koordin\u0101cijas \u0161t\u0101bs.\n<\/p>\n<p>Saska\u0146\u0101 ar Krievijas sniegto inform\u0101ciju tie ir kar\u0101 kritu\u0161ie Ukrainas karav\u012bri. Ukrainas ties\u012bbsarg\u0101jo\u0161\u0101s iest\u0101des un varasiest\u0101des veiks visas nepiecie\u0161am\u0101s ekspert\u012bzes un l\u012b\u0137u identifik\u0101ciju, pazi\u0146oja Ukrainas g\u016bstek\u0146u jaut\u0101jumu koordin\u0101cijas \u0161t\u0101bs.<\/p>\n","protected":false},"excerpt":{"rendered":"Krievija atdevusi Ukrainai v\u0113l 1003 cilv\u0113ku mirst\u012bg\u0101s atliekas, piektdien, 19. decembr\u012b, pazi\u0146ojis Ukrainas g\u016bstek\u0146u jaut\u0101jumu koordin\u0101cijas \u0161t\u0101bs. Saska\u0146\u0101&hellip;\n","protected":false},"author":2,"featured_media":81689,"comment_status":"","ping_status":"","sticky":false,"template":"","format":"standard","meta":{"footnotes":""},"categories":[14],"tags":[23,57,28,29,32,33,22,20575,30,31,35,39,38,36,37,34,40,20,26,27,24,25,54,55,56,21,58],"class_list":{"0":"post-81688","1":"post","2":"type-post","3":"status-publish","4":"format-standard","5":"has-post-thumbnail","7":"category-zinas-no-arvalstim","8":"tag-aktualitates","9":"tag-arvalstim","10":"tag-breaking-news","11":"tag-breakingnews","12":"tag-featured-news","13":"tag-featurednews","14":"tag-headlines","15":"tag-kara-kritukars-ukrainakrievijas-agresijakrievijas-iebrukums-ukraina","16":"tag-latest-news","17":"tag-latestnews","18":"tag-latvia","19":"tag-latvian","20":"tag-latviesu","21":"tag-latviesu-valoda","22":"tag-latviesuvaloda","23":"tag-latvija","24":"tag-lv","25":"tag-news","26":"tag-popularakas-zinas","27":"tag-popularakaszinas","28":"tag-top-stories","29":"tag-topstories","30":"tag-world","31":"tag-world-news","32":"tag-worldnews","33":"tag-zinas","34":"tag-zinas-no-arvalstim"},"share_on_mastodon":{"url":"https:\/\/pubeurope.com\/@lv\/115756837297779764","error":""},"_links":{"self":[{"href":"https:\/\/www.europesays.com\/lv\/wp-json\/wp\/v2\/posts\/81688","targetHints":{"allow":["GET"]}}],"collection":[{"href":"https:\/\/www.europesays.com\/lv\/wp-json\/wp\/v2\/posts"}],"about":[{"href":"https:\/\/www.europesays.com\/lv\/wp-json\/wp\/v2\/types\/post"}],"author":[{"embeddable":true,"href":"https:\/\/www.europesays.com\/lv\/wp-json\/wp\/v2\/users\/2"}],"replies":[{"embeddable":true,"href":"https:\/\/www.europesays.com\/lv\/wp-json\/wp\/v2\/comments?post=81688"}],"version-history":[{"count":0,"href":"https:\/\/www.europesays.com\/lv\/wp-json\/wp\/v2\/posts\/81688\/revisions"}],"wp:featuredmedia":[{"embeddable":true,"href":"https:\/\/www.europesays.com\/lv\/wp-json\/wp\/v2\/media\/81689"}],"wp:attachment":[{"href":"https:\/\/www.europesays.com\/lv\/wp-json\/wp\/v2\/media?parent=81688"}],"wp:term":[{"taxonomy":"category","embeddable":true,"href":"https:\/\/www.europesays.com\/lv\/wp-json\/wp\/v2\/categories?post=81688"},{"taxonomy":"post_tag","embeddable":true,"href":"https:\/\/www.europesays.com\/lv\/wp-json\/wp\/v2\/tags?post=81688"}],"curies":[{"name":"wp","href":"https:\/\/api.w.org\/{rel}","templated":true}]}}