{"id":81698,"date":"2025-12-21T09:36:08","date_gmt":"2025-12-21T09:36:08","guid":{"rendered":"https:\/\/www.europesays.com\/lv\/81698\/"},"modified":"2025-12-21T09:36:08","modified_gmt":"2025-12-21T09:36:08","slug":"svetdien-turpinasies-asv-un-krievijas-parstavju-sarunas","status":"publish","type":"post","link":"https:\/\/www.europesays.com\/lv\/81698\/","title":{"rendered":"Sv\u0113tdien turpin\u0101sies ASV un Krievijas p\u0101rst\u0101vju sarunas"},"content":{"rendered":"<p>Krievijas diktatora Vladimira Putina \u012bpa\u0161ais s\u016btnis Kirils Dmitrijevs sestdien pazi\u0146oja, ka sarunas Maiami ar ASV p\u0101rst\u0101vjiem l\u012bdz \u0161im biju\u0161as konstrukt\u012bvas un turpin\u0101sies sv\u0113tdien. Pla\u0161\u0101ku inform\u0101ciju Dmitrijevs nesniedza, un ASV nav koment\u0113ju\u0161as \u0161\u012bs sarunas. No ASV puses sarun\u0101s piedal\u0101s ASV prezidenta Donalda Trampa \u012bpa\u0161ais v\u0113stnieks St\u012bvs Vitkofs un prezidenta znots D\u017eareds Ku\u0161ners. Savienoto Valstu valsts sekret\u0101rs Marko Rubio iepriek\u0161 izteic\u0101s, ka ar\u012b vi\u0146\u0161 var\u0113tu piedal\u012bties \u0161aj\u0101s sarun\u0101s, ta\u010du par to nekas vair\u0101k nav zin\u0101ms.<\/p>\n","protected":false},"excerpt":{"rendered":"Krievijas diktatora Vladimira Putina \u012bpa\u0161ais s\u016btnis Kirils Dmitrijevs sestdien pazi\u0146oja, ka sarunas Maiami ar ASV p\u0101rst\u0101vjiem l\u012bdz \u0161im&hellip;\n","protected":false},"author":2,"featured_media":81699,"comment_status":"","ping_status":"","sticky":false,"template":"","format":"standard","meta":{"footnotes":""},"categories":[14],"tags":[23,57,28,29,32,33,22,30,31,35,39,38,36,37,34,40,20,26,27,24,25,54,55,56,21,58],"class_list":{"0":"post-81698","1":"post","2":"type-post","3":"status-publish","4":"format-standard","5":"has-post-thumbnail","7":"category-zinas-no-arvalstim","8":"tag-aktualitates","9":"tag-arvalstim","10":"tag-breaking-news","11":"tag-breakingnews","12":"tag-featured-news","13":"tag-featurednews","14":"tag-headlines","15":"tag-latest-news","16":"tag-latestnews","17":"tag-latvia","18":"tag-latvian","19":"tag-latviesu","20":"tag-latviesu-valoda","21":"tag-latviesuvaloda","22":"tag-latvija","23":"tag-lv","24":"tag-news","25":"tag-popularakas-zinas","26":"tag-popularakaszinas","27":"tag-top-stories","28":"tag-topstories","29":"tag-world","30":"tag-world-news","31":"tag-worldnews","32":"tag-zinas","33":"tag-zinas-no-arvalstim"},"share_on_mastodon":{"url":"https:\/\/pubeurope.com\/@lv\/115756884498700753","error":""},"_links":{"self":[{"href":"https:\/\/www.europesays.com\/lv\/wp-json\/wp\/v2\/posts\/81698","targetHints":{"allow":["GET"]}}],"collection":[{"href":"https:\/\/www.europesays.com\/lv\/wp-json\/wp\/v2\/posts"}],"about":[{"href":"https:\/\/www.europesays.com\/lv\/wp-json\/wp\/v2\/types\/post"}],"author":[{"embeddable":true,"href":"https:\/\/www.europesays.com\/lv\/wp-json\/wp\/v2\/users\/2"}],"replies":[{"embeddable":true,"href":"https:\/\/www.europesays.com\/lv\/wp-json\/wp\/v2\/comments?post=81698"}],"version-history":[{"count":0,"href":"https:\/\/www.europesays.com\/lv\/wp-json\/wp\/v2\/posts\/81698\/revisions"}],"wp:featuredmedia":[{"embeddable":true,"href":"https:\/\/www.europesays.com\/lv\/wp-json\/wp\/v2\/media\/81699"}],"wp:attachment":[{"href":"https:\/\/www.europesays.com\/lv\/wp-json\/wp\/v2\/media?parent=81698"}],"wp:term":[{"taxonomy":"category","embeddable":true,"href":"https:\/\/www.europesays.com\/lv\/wp-json\/wp\/v2\/categories?post=81698"},{"taxonomy":"post_tag","embeddable":true,"href":"https:\/\/www.europesays.com\/lv\/wp-json\/wp\/v2\/tags?post=81698"}],"curies":[{"name":"wp","href":"https:\/\/api.w.org\/{rel}","templated":true}]}}