{"id":81700,"date":"2025-12-21T09:42:08","date_gmt":"2025-12-21T09:42:08","guid":{"rendered":"https:\/\/www.europesays.com\/lv\/81700\/"},"modified":"2025-12-21T09:42:08","modified_gmt":"2025-12-21T09:42:08","slug":"krievu-karavira-sokejosa-atzisanas-nra-lv","status":"publish","type":"post","link":"https:\/\/www.europesays.com\/lv\/81700\/","title":{"rendered":"Krievu karav\u012bra \u0161ok\u0113jo\u0161\u0101 atz\u012b\u0161an\u0101s &#8211; nra.lv"},"content":{"rendered":"<p class=\"descr\">Ukrainas bru\u0146oto sp\u0113ku 63. brig\u0101de public\u0113jusi video, kur\u0101 redzama Limanas sektor\u0101 kauj\u0101 sag\u016bst\u012bta Krievijas armijas trieciennieka pratin\u0101\u0161ana, st\u0101sta \u201cDialog UA\u201d. Karot\u0101js atkl\u0101ti aprakst\u012bja notieko\u0161o Krievijas bru\u0146otajos sp\u0113kos un s\u016bdz\u0113j\u0101s, ka Krievijas telev\u012bzija neko t\u0101du nav r\u0101d\u012bjusi. Video tika public\u0113ts brig\u0101des \u201cTelegram\u201d kan\u0101l\u0101.<\/p>\n<p>Vi\u0146\u0161 iest\u0101jies Krievijas bru\u0146otajos sp\u0113kos no cietuma, kur bija izcietis gandr\u012bz piecu gadu sodu par laup\u012b\u0161anu. P\u0113c pievieno\u0161an\u0101s okupantu rind\u0101m vi\u0146\u0161 \u0101tri saprata, ka realit\u0101te \u013coti at\u0161\u0137iras no t\u0101, ko att\u0113loja valsts telev\u012bzija. G\u016bsteknis st\u0101st\u012bja, ka vi\u0146am un citiem biju\u0161ajiem ieslodz\u012btajiem netika dots nek\u0101ds ekip\u0113jums &#8211; viss nepiecie\u0161amais bija j\u0101p\u0113rk no savas kabatas. Sol\u012bto atva\u013cin\u0101jumu vi\u0146\u0161 t\u0101 ar\u012b nesa\u0146\u0113ma.<\/p>\n<p>Vi\u0146\u0161 uzsv\u0113ra, ka vien\u012bb\u0101s pret biju\u0161ajiem ieslodz\u012btajiem iztur\u0113j\u0101s \u012bpa\u0161i skarbi un vi\u0146i tika izmantoti k\u0101 vienreizlietojami. &#8220;Attieksme pret tiem, kas n\u0101k no cietuma, ir pavisam cit\u0101da. Vi\u0146i m\u016bs s\u016bt\u012bja virs\u016b &#8220;putniem&#8221; (droniem) un m\u012bnmet\u0113jiem, kam\u0113r no otras puses triecienvien\u012bba m\u0113\u0123in\u0101ja sasniegt k\u0101das poz\u012bcijas. Un m\u016bs\u0113jie pat \u0161\u0101va mums mugur\u0101 ar m\u012bnmet\u0113jiem, lai ne\u013cautu mums atk\u0101pties,&#8221; teica krievu karot\u0101js.<\/p>\n<p>Vi\u0146\u0161 run\u0101ja ar\u012b par t\u0101 sauktajiem krop\u013cu pulkiem, kad smagi ievainoti karav\u012bri tika s\u016bt\u012bti uzbrukum\u0101 ar kru\u0137iem. &#8220;Viens v\u012brietis g\u0101ja ar kru\u0137i, otrs bija j\u0101ved uz oper\u0101ciju, vi\u0146a roka bija apar\u0101t\u0101. Un ar\u012b vi\u0146\u0161 g\u0101ja mums l\u012bdzi,&#8221; atst\u0101st\u012bja okupants. Ieslodz\u012btais piemin\u0113ja ar\u012b sodu sist\u0113mu krievu vien\u012bb\u0101s. P\u0113c vi\u0146a teikt\u0101, nepaklaus\u012bba var\u0113ja beigties ar ieme\u0161anu bedr\u0113, sasl\u0113g\u0161anu rokudzel\u017eos un piekau\u0161anu. Vi\u0146\u0161 teica, ka ir dzird\u0113jis par gad\u012bjumiem, kad kareivji tiek nogalin\u0101ti par atteik\u0161anos pak\u013cauties pav\u0113l\u0113m.<\/p>\n<p>Daudzi, vi\u0146\u0161 teica, l\u016bdza lauzt l\u012bgumus un atgriezt vi\u0146us cietum\u0101, ta\u010du \u0161\u0101di l\u016bgumi tika ignor\u0113ti, un v\u012brie\u0161i tika nos\u016bt\u012bti atpaka\u013c uz triecienvien\u012bbu. Aprakstot vienu epizodi, karav\u012brs atcer\u0113j\u0101s, k\u0101 vi\u0146am pav\u0113l\u0113ja skriet aptuveni 800 metrus p\u0101ri atkl\u0101tam laukam zem uguns. Saprotot, ka neizdz\u012bvos, vi\u0146\u0161 apzin\u0101ti izr\u0101vis detonatora gredzenu gran\u0101tai sev pie k\u0101jas, cerot savainoties un izvair\u012bties no kaujas lauka. Ieslodz\u012btais asi kritiz\u0113ja Krievijas propagandu, pazi\u0146ojot, ka telev\u012bzij\u0101 att\u0113lotais neatg\u0101dina realit\u0101ti. Vi\u0146\u0161 atz\u012bm\u0113ja, ka p\u0113c sag\u016bst\u012b\u0161anas vi\u0146u p\u0101rsteidza Ukrainas karav\u012bru attieksme. &#8220;Vi\u0146i m\u016bs baroja, dal\u012bja p\u0101rtikas devas un \u016bdeni. M\u0113s neko t\u0101du nebij\u0101m redz\u0113ju\u0161i piecas l\u012bdz septi\u0146as dienas. Mums n\u0101c\u0101s mekl\u0113t p\u0101rtiku atkritumu izg\u0101ztuv\u0113s un dzert \u016bdeni no pe\u013c\u0137\u0113m,&#8221; vi\u0146\u0161 teica. P\u0113c vi\u0146a teikt\u0101, <a href=\"https:\/\/nra.lv\/birka\/krievu-karaviri\/\" target=\"_blank\" rel=\"noopener nofollow\">krievu karav\u012bri<\/a> ned\u0113\u013c\u0101m un m\u0113ne\u0161iem ilgi paliek sav\u0101s poz\u012bcij\u0101s bez rot\u0101cijas vai ievainoto evaku\u0101cijas. &#8220;Ja es neb\u016btu padevies g\u016bst\u0101, es vienk\u0101r\u0161i b\u016btu sapuvis. Neviens mani no turienes neb\u016btu aizvedis,&#8221; sac\u012bja krievu okupants.<\/p>\n<p>\t\t\t\t\t\tinfo<\/p>\n<p>Uzzini pirmais<br \/>kas interesants noticis Latvij\u0101 un pasaul\u0113,<br \/>pievienojoties mums <a href=\"https:\/\/t.me\/neatkariga\" rel=\"nofollow\">Telegram<\/a> vai <a href=\"https:\/\/whatsapp.com\/channel\/0029VaMLFUH5K3zLU5s4wm3y\" rel=\"nofollow noopener\" target=\"_blank\">Whatsapp<\/a> kan\u0101l\u0101<\/p>\n","protected":false},"excerpt":{"rendered":"Ukrainas bru\u0146oto sp\u0113ku 63. brig\u0101de public\u0113jusi video, kur\u0101 redzama Limanas sektor\u0101 kauj\u0101 sag\u016bst\u012bta Krievijas armijas trieciennieka pratin\u0101\u0161ana, st\u0101sta&hellip;\n","protected":false},"author":2,"featured_media":81701,"comment_status":"","ping_status":"","sticky":false,"template":"","format":"standard","meta":{"footnotes":""},"categories":[14],"tags":[23,57,28,29,32,33,22,30,31,35,39,38,36,37,34,40,20,26,27,24,25,54,55,56,21,58],"class_list":{"0":"post-81700","1":"post","2":"type-post","3":"status-publish","4":"format-standard","5":"has-post-thumbnail","7":"category-zinas-no-arvalstim","8":"tag-aktualitates","9":"tag-arvalstim","10":"tag-breaking-news","11":"tag-breakingnews","12":"tag-featured-news","13":"tag-featurednews","14":"tag-headlines","15":"tag-latest-news","16":"tag-latestnews","17":"tag-latvia","18":"tag-latvian","19":"tag-latviesu","20":"tag-latviesu-valoda","21":"tag-latviesuvaloda","22":"tag-latvija","23":"tag-lv","24":"tag-news","25":"tag-popularakas-zinas","26":"tag-popularakaszinas","27":"tag-top-stories","28":"tag-topstories","29":"tag-world","30":"tag-world-news","31":"tag-worldnews","32":"tag-zinas","33":"tag-zinas-no-arvalstim"},"share_on_mastodon":{"url":"https:\/\/pubeurope.com\/@lv\/115756908053742123","error":""},"_links":{"self":[{"href":"https:\/\/www.europesays.com\/lv\/wp-json\/wp\/v2\/posts\/81700","targetHints":{"allow":["GET"]}}],"collection":[{"href":"https:\/\/www.europesays.com\/lv\/wp-json\/wp\/v2\/posts"}],"about":[{"href":"https:\/\/www.europesays.com\/lv\/wp-json\/wp\/v2\/types\/post"}],"author":[{"embeddable":true,"href":"https:\/\/www.europesays.com\/lv\/wp-json\/wp\/v2\/users\/2"}],"replies":[{"embeddable":true,"href":"https:\/\/www.europesays.com\/lv\/wp-json\/wp\/v2\/comments?post=81700"}],"version-history":[{"count":0,"href":"https:\/\/www.europesays.com\/lv\/wp-json\/wp\/v2\/posts\/81700\/revisions"}],"wp:featuredmedia":[{"embeddable":true,"href":"https:\/\/www.europesays.com\/lv\/wp-json\/wp\/v2\/media\/81701"}],"wp:attachment":[{"href":"https:\/\/www.europesays.com\/lv\/wp-json\/wp\/v2\/media?parent=81700"}],"wp:term":[{"taxonomy":"category","embeddable":true,"href":"https:\/\/www.europesays.com\/lv\/wp-json\/wp\/v2\/categories?post=81700"},{"taxonomy":"post_tag","embeddable":true,"href":"https:\/\/www.europesays.com\/lv\/wp-json\/wp\/v2\/tags?post=81700"}],"curies":[{"name":"wp","href":"https:\/\/api.w.org\/{rel}","templated":true}]}}