{"id":81704,"date":"2025-12-21T09:48:09","date_gmt":"2025-12-21T09:48:09","guid":{"rendered":"https:\/\/www.europesays.com\/lv\/81704\/"},"modified":"2025-12-21T09:48:09","modified_gmt":"2025-12-21T09:48:09","slug":"putins-paudis-gatavibu-runat-par-karu-ukraina-ar-francijas-prezidentu-makronu","status":"publish","type":"post","link":"https:\/\/www.europesays.com\/lv\/81704\/","title":{"rendered":"Putins paudis gatav\u012bbu run\u0101t par karu Ukrain\u0101 ar Francijas prezidentu Makronu"},"content":{"rendered":"<p>Putins ir &#8220;paudis gatav\u012bbu iesaist\u012bties dialog\u0101 ar Makronu&#8221;, valsts zi\u0146u a\u0123ent\u016brai RIA Novosti sac\u012bja Peskovs. &#8220;T\u0101p\u0113c, ja past\u0101v savstarp\u0113ja politisk\u0101 griba, to var v\u0113rt\u0113t tikai pozit\u012bvi.&#8221; Makrons \u0161oned\u0113\u013c pauda uzskatu, ka Eiropai vajadz\u0113tu atgriezties pie sarun\u0101m ar Putinu par kara izbeig\u0161anu. \u201cEs uzskatu, ka m\u016bsu k\u0101 eiropie\u0161u un ukrai\u0146u interes\u0113s ir atrast pareizo ietvaru \u0161\u012bs diskusijas atjauno\u0161anai tuv\u0101kaj\u0101s ned\u0113\u013c\u0101s,&#8221; sac\u012bja Francijas prezidents.<\/p>\n","protected":false},"excerpt":{"rendered":"Putins ir &#8220;paudis gatav\u012bbu iesaist\u012bties dialog\u0101 ar Makronu&#8221;, valsts zi\u0146u a\u0123ent\u016brai RIA Novosti sac\u012bja Peskovs. &#8220;T\u0101p\u0113c, ja past\u0101v&hellip;\n","protected":false},"author":2,"featured_media":81705,"comment_status":"","ping_status":"","sticky":false,"template":"","format":"standard","meta":{"footnotes":""},"categories":[14],"tags":[23,57,28,29,32,33,22,30,31,35,39,38,36,37,34,40,20,26,27,24,25,54,55,56,21,58],"class_list":{"0":"post-81704","1":"post","2":"type-post","3":"status-publish","4":"format-standard","5":"has-post-thumbnail","7":"category-zinas-no-arvalstim","8":"tag-aktualitates","9":"tag-arvalstim","10":"tag-breaking-news","11":"tag-breakingnews","12":"tag-featured-news","13":"tag-featurednews","14":"tag-headlines","15":"tag-latest-news","16":"tag-latestnews","17":"tag-latvia","18":"tag-latvian","19":"tag-latviesu","20":"tag-latviesu-valoda","21":"tag-latviesuvaloda","22":"tag-latvija","23":"tag-lv","24":"tag-news","25":"tag-popularakas-zinas","26":"tag-popularakaszinas","27":"tag-top-stories","28":"tag-topstories","29":"tag-world","30":"tag-world-news","31":"tag-worldnews","32":"tag-zinas","33":"tag-zinas-no-arvalstim"},"share_on_mastodon":{"url":"https:\/\/pubeurope.com\/@lv\/115756931722090065","error":""},"_links":{"self":[{"href":"https:\/\/www.europesays.com\/lv\/wp-json\/wp\/v2\/posts\/81704","targetHints":{"allow":["GET"]}}],"collection":[{"href":"https:\/\/www.europesays.com\/lv\/wp-json\/wp\/v2\/posts"}],"about":[{"href":"https:\/\/www.europesays.com\/lv\/wp-json\/wp\/v2\/types\/post"}],"author":[{"embeddable":true,"href":"https:\/\/www.europesays.com\/lv\/wp-json\/wp\/v2\/users\/2"}],"replies":[{"embeddable":true,"href":"https:\/\/www.europesays.com\/lv\/wp-json\/wp\/v2\/comments?post=81704"}],"version-history":[{"count":0,"href":"https:\/\/www.europesays.com\/lv\/wp-json\/wp\/v2\/posts\/81704\/revisions"}],"wp:featuredmedia":[{"embeddable":true,"href":"https:\/\/www.europesays.com\/lv\/wp-json\/wp\/v2\/media\/81705"}],"wp:attachment":[{"href":"https:\/\/www.europesays.com\/lv\/wp-json\/wp\/v2\/media?parent=81704"}],"wp:term":[{"taxonomy":"category","embeddable":true,"href":"https:\/\/www.europesays.com\/lv\/wp-json\/wp\/v2\/categories?post=81704"},{"taxonomy":"post_tag","embeddable":true,"href":"https:\/\/www.europesays.com\/lv\/wp-json\/wp\/v2\/tags?post=81704"}],"curies":[{"name":"wp","href":"https:\/\/api.w.org\/{rel}","templated":true}]}}