{"id":81742,"date":"2025-12-21T10:30:08","date_gmt":"2025-12-21T10:30:08","guid":{"rendered":"https:\/\/www.europesays.com\/lv\/81742\/"},"modified":"2025-12-21T10:30:08","modified_gmt":"2025-12-21T10:30:08","slug":"65-gadu-vecuma-muziba-devusies-holivudas-aktiera-dzordza-klunija-masa-adelija-nekad-neesmu-saticis-tik-drosmigu-cilveku","status":"publish","type":"post","link":"https:\/\/www.europesays.com\/lv\/81742\/","title":{"rendered":"65 gadu vecum\u0101 m\u016b\u017e\u012bb\u0101 devusies Holivudas aktiera D\u017eord\u017ea Kl\u016bnija m\u0101sa Ad\u0113lija. &#8220;Nekad neesmu saticis tik drosm\u012bgu cilv\u0113ku&#8230;&#8221;"},"content":{"rendered":"<p data-end=\"1241\" data-start=\"788\">Ad\u0113lija dzimusi 1960. gada 2. maij\u0101 Losand\u017eelos\u0101 \u017eurn\u0101lista Nika Kl\u016bnija un rakstnieces Ninas Br\u016bsas Vorenas \u0123imen\u0113. Vi\u0146a vair\u0101ku gadu garum\u0101 str\u0101d\u0101ja par m\u0101kslas skolot\u0101ju Kentuki \u0161tata pamatskol\u0101. Vi\u0146as nekrolog\u0101 rakst\u012bts, ka Ad\u0113lija bija: \u201ctalant\u012bga m\u0101ksliniece, kas dal\u012bj\u0101s ar sav\u0101m prasm\u0113m ar savas pamatskolas b\u0113rniem&#8221;. &#8220;Vi\u0146a m\u012bl\u0113ja las\u012b\u0161anu un bija viet\u0113j\u0101 gr\u0101matu kluba dal\u012bbniece.\u201d<\/p>\n","protected":false},"excerpt":{"rendered":"Ad\u0113lija dzimusi 1960. gada 2. maij\u0101 Losand\u017eelos\u0101 \u017eurn\u0101lista Nika Kl\u016bnija un rakstnieces Ninas Br\u016bsas Vorenas \u0123imen\u0113. Vi\u0146a vair\u0101ku&hellip;\n","protected":false},"author":2,"featured_media":81743,"comment_status":"","ping_status":"","sticky":false,"template":"","format":"standard","meta":{"footnotes":""},"categories":[14],"tags":[23,57,28,29,32,33,22,30,31,35,39,38,36,37,34,40,20,26,27,24,25,54,55,56,21,58],"class_list":{"0":"post-81742","1":"post","2":"type-post","3":"status-publish","4":"format-standard","5":"has-post-thumbnail","7":"category-zinas-no-arvalstim","8":"tag-aktualitates","9":"tag-arvalstim","10":"tag-breaking-news","11":"tag-breakingnews","12":"tag-featured-news","13":"tag-featurednews","14":"tag-headlines","15":"tag-latest-news","16":"tag-latestnews","17":"tag-latvia","18":"tag-latvian","19":"tag-latviesu","20":"tag-latviesu-valoda","21":"tag-latviesuvaloda","22":"tag-latvija","23":"tag-lv","24":"tag-news","25":"tag-popularakas-zinas","26":"tag-popularakaszinas","27":"tag-top-stories","28":"tag-topstories","29":"tag-world","30":"tag-world-news","31":"tag-worldnews","32":"tag-zinas","33":"tag-zinas-no-arvalstim"},"share_on_mastodon":{"url":"https:\/\/pubeurope.com\/@lv\/115757096963088406","error":""},"_links":{"self":[{"href":"https:\/\/www.europesays.com\/lv\/wp-json\/wp\/v2\/posts\/81742","targetHints":{"allow":["GET"]}}],"collection":[{"href":"https:\/\/www.europesays.com\/lv\/wp-json\/wp\/v2\/posts"}],"about":[{"href":"https:\/\/www.europesays.com\/lv\/wp-json\/wp\/v2\/types\/post"}],"author":[{"embeddable":true,"href":"https:\/\/www.europesays.com\/lv\/wp-json\/wp\/v2\/users\/2"}],"replies":[{"embeddable":true,"href":"https:\/\/www.europesays.com\/lv\/wp-json\/wp\/v2\/comments?post=81742"}],"version-history":[{"count":0,"href":"https:\/\/www.europesays.com\/lv\/wp-json\/wp\/v2\/posts\/81742\/revisions"}],"wp:featuredmedia":[{"embeddable":true,"href":"https:\/\/www.europesays.com\/lv\/wp-json\/wp\/v2\/media\/81743"}],"wp:attachment":[{"href":"https:\/\/www.europesays.com\/lv\/wp-json\/wp\/v2\/media?parent=81742"}],"wp:term":[{"taxonomy":"category","embeddable":true,"href":"https:\/\/www.europesays.com\/lv\/wp-json\/wp\/v2\/categories?post=81742"},{"taxonomy":"post_tag","embeddable":true,"href":"https:\/\/www.europesays.com\/lv\/wp-json\/wp\/v2\/tags?post=81742"}],"curies":[{"name":"wp","href":"https:\/\/api.w.org\/{rel}","templated":true}]}}