{"id":81758,"date":"2025-12-21T10:40:11","date_gmt":"2025-12-21T10:40:11","guid":{"rendered":"https:\/\/www.europesays.com\/lv\/81758\/"},"modified":"2025-12-21T10:40:11","modified_gmt":"2025-12-21T10:40:11","slug":"biatlona-pk-francija-un-skeletona-pk-sigulda-latvijas-sportistu-izaicinajumi-lente-lv","status":"publish","type":"post","link":"https:\/\/www.europesays.com\/lv\/81758\/","title":{"rendered":"Biatlona PK Francij\u0101 un Skeletona PK Siguld\u0101 \u2013 Latvijas Sportistu Izaicin\u0101jumi\u00a0\u2014\u00a0Lente.lv"},"content":{"rendered":"<p>Pasaules kausi vienlaic\u012bgi: Biatlons Ans\u012b, Skeletons Siguld\u0101<\/p>\n<p>2025. gada 21. decembris iez\u012bm\u0113 neparastu sporta dienu Latvijas l\u012bdzjut\u0113jiem, jo uzreiz divos da\u017e\u0101dos kontinentos notiek noz\u012bm\u012bgas ziemas sporta sacens\u012bbas \u2013 Pasaules kausa izc\u012b\u0146a biatlon\u0101 Francijas tras\u0113 Ans\u012b un Pasaules kausa tre\u0161ais posms skeleton\u0101 Siguld\u0101. Latvijas sportisti \u0161odien met\u012bs visus sp\u0113kus, lai par\u0101d\u012btu savu meistar\u012bbu gan \u0161au\u0161anas tras\u0113s, gan Siguldas bobsleja un kamani\u0146u tras\u0113, kas kalpo k\u0101 m\u0101jas c\u012b\u0146u ar\u0113na skeletonistiem.<\/p>\n<p>P\u0113cpusdien\u0101, plkst. 15.15 p\u0113c Latvijas laika, Francijas dienvidaustrumos eso\u0161aj\u0101 Ans\u012b s\u0101ksies biatlona sacens\u012bbas, kas tiks p\u0101rraid\u012btas tie\u0161raid\u0113 ar\u012b Latvijas Telev\u012bzijas sept\u012btaj\u0101 kan\u0101l\u0101 (LTV7). Biatlona posms \u0161aj\u0101 sezon\u0101 ir \u012bpa\u0161i svar\u012bgs, jo tas seko p\u0113c jau aizvad\u012btajiem posmiem, un sportisti c\u012bn\u0101s par arvien d\u0101rg\u0101kajiem Pasaules kausa punktiem, kas k\u013c\u016bst kritiski tuvojoties 2026. gada Olimpiskaj\u0101m sp\u0113l\u0113m.<\/p>\n<p>Biatlons Ans\u012b: Latvijas Vado\u0161o Sportistu Mekl\u0113jumi<\/p>\n<p>Ans\u012b eso\u0161ais Pasaules kausa posms jau sniedzis gan aug\u0161upejas, gan kritumus Latvijas izlases p\u0101rst\u0101vjiem. Sievie\u0161u sprinta sacens\u012bbas, kas iez\u012bm\u0113ja \u0161\u012b posma s\u0101kumu, sniedza \u012bpa\u0161u uzman\u012bbu Latvijas vado\u0161ajai biatlonistei Baibai Bendikai. Lai gan vi\u0146a sp\u0113ja tre\u0161o reizi p\u0113c k\u0101rtas iek\u013c\u016bt sprinta Top 30, kas apliecina vi\u0146as stabilit\u0101ti \u0161aj\u0101 discipl\u012bn\u0101, sniegums nav bijis tik rezultat\u012bvs, lai c\u012bn\u012btos par augst\u0101k\u0101m viet\u0101m.<\/p>\n<p>Sievie\u0161u 7,5 km sprinta distanci Bendika nosl\u0113dza 27. poz\u012bcij\u0101, pie\u013caujot tikai vienu k\u013c\u016bdu \u0161au\u0161an\u0101 gu\u013cus, bet izpildot bez k\u013c\u016bd\u0101m \u0161\u0101vienu st\u0101vus. Uzvaru \u0161aj\u0101 sacens\u012bb\u0101 izc\u012bn\u012bja zviedriete Hanna \u0112berja, kura fini\u0161\u0113ja bez k\u013c\u016bd\u0101m, atst\u0101jot aiz sevis m\u0101jinieci L\u016b \u017danmonno un it\u0101lieti Doroteju V\u012breri, kas ie\u0146\u0113ma attiec\u012bgi otro un tre\u0161o vietu. \u017danmonno \u0161is rezult\u0101ts \u013c\u0101va p\u0101r\u0146emt ar\u012b Pasaules kausa kopv\u0113rt\u0113juma l\u012bderpoz\u012bcijas krekli\u0146u.<\/p>\n<p>Savuk\u0101rt citas Latvijas p\u0101rst\u0101ves, Estere Volfa un Elza Bleidele, p\u0113c \u0161autuvju p\u0101rbaud\u012bjumiem \u0161oreiz neiek\u013cuva iedz\u012b\u0161anas sacens\u012bb\u0101s, Volfai ar diviem soda ap\u013ciem 58. vieta, bet Bleidelei ar pieciem soda ap\u013ciem \u2013 95. poz\u012bcija. Volfa gan sp\u0113ja kvalific\u0113ties iedz\u012b\u0161anai. V\u0113l\u0101k iedz\u012b\u0161anas sacens\u012bb\u0101s Bendikai bija \u012bpa\u0161i neveiksm\u012bgs starts, kad tre\u0161aj\u0101 ugunsl\u012bnij\u0101 vi\u0146a pie\u013c\u0101va piecas k\u013c\u016bdas un izst\u0101j\u0101s no sacens\u012bb\u0101m, kas ir nopietns trieciens vi\u0146as kopv\u0113rt\u0113juma amb\u012bcij\u0101m.<\/p>\n<p>V\u012brie\u0161u konkurenc\u0113 sprinta distanc\u0113 Ren\u0101rs Birkent\u0101ls sasniedza 34. vietu, apsteidzot Andreju Rastorgujevu, kur\u0161 fini\u0161\u0113ja 46. poz\u012bcij\u0101. Aleksandrs Patrijuks \u0161oreiz neiek\u013cuva lab\u0101ko se\u0161desmitniek\u0101, kas nodro\u0161in\u0101tu vietu iedz\u012b\u0161an\u0101. Birkent\u0101ls un Rastorgujevs iedz\u012b\u0161an\u0101 pie\u013c\u0101va pa \u010detr\u0101m k\u013c\u016bd\u0101m, attiec\u012bgi fini\u0161\u0113jot 39. un 47. viet\u0101, nesp\u0113jot uzlabot savas poz\u012bcijas p\u0113c sprinta.<\/p>\n<p>Sigulda: Latvijas Skeletona Cer\u012bbas M\u0101j\u0101s<\/p>\n<p>Tikm\u0113r Siguld\u0101, kas \u0161osezon uz\u0146em ne tikai viet\u0113j\u0101s, bet ar\u012b p\u0101rceltas sacens\u012bbas no cit\u0101m Eiropas tras\u0113m, s\u0101kas Pasaules kausa tre\u0161ais posms skeleton\u0101. Sacens\u012bbas tie\u0161raid\u0113 b\u016bs skat\u0101mas Go3 Sport Open kan\u0101l\u0101, s\u0101kot no plkst. 18.00. \u0160\u012b ir iz\u0161\u0137iro\u0161\u0101 m\u0101jas trase Latvijas sportistiem, \u012bpa\u0161i jaunajiem talantiem, kuri c\u012bn\u0101s par stabilu vietu starptautiskaj\u0101 aprit\u0113 un ce\u013caz\u012bm\u0113m uz n\u0101kamaj\u0101m Olimpiskaj\u0101m sp\u0113l\u0113m.<\/p>\n<p>J\u0101atz\u012bm\u0113, ka Pasaules kausa posmi skeleton\u0101 Siguld\u0101 jau ir notiku\u0161i \u0161aj\u0101 sezon\u0101, un iepriek\u0161\u0113j\u0101s sacens\u012bbas deva labas atskaites par Latvijas sportistu sniegumu. V\u012brie\u0161u sacens\u012bb\u0101s Em\u012bls Indriksons divreiz ir sp\u0113jis sasniegt 12. vietu, kas ir viens no lab\u0101kajiem sasniegumiem Latvijas skeleton\u0101 kop\u0161 M\u0101rti\u0146a DUKURA laikiem. Vi\u0146a starti tiek v\u0113rt\u0113ti k\u0101 soli uz priek\u0161u, pat ja uzvar\u0113t\u0101ju godos k\u0101pj \u0101rzemju sportisti, piem\u0113ram, Lielbrit\u0101nijas sportisti Mets Vestons un Markuss Vaiats, vai ar\u012b be\u013c\u0123iete Kima Meilemansa sievie\u0161u konkurenc\u0113.<\/p>\n<p>Sievie\u0161u skeleton\u0101 Latvijas sportistes Marta And\u017e\u0101ne un D\u0101rta Neimane sacent\u0101s iepriek\u0161\u0113jos posmos, kur And\u017e\u0101ne sp\u0113ja iek\u013c\u016bt lab\u0101ko trijniek\u0101, bet Neimane neizdev\u0101s kvalific\u0113ties otrajam braucienam. Sievie\u0161u sacens\u012bb\u0101s Siguld\u0101 jau s\u0101kotn\u0113ji bija paredz\u0113tas da\u017eas dienas agr\u0101k, un t\u0101s jau ir aizvad\u012btas, kur Latvijas skeletonistes c\u012bn\u012bj\u0101s tre\u0161aj\u0101 desmit\u0101.<\/p>\n<p>Olimpisk\u0101s Sp\u0113les K\u0101 M\u0113r\u0137is un P\u0101r\u0113jie Sacens\u012bbu Ietvari<\/p>\n<p>Abu sporta veidu Pasaules kausa posmi \u0161aj\u0101 ziem\u0101 ir \u012bpa\u0161i noz\u012bm\u012bgi, jo sacens\u012bbas tiek aizvad\u012btas laik\u0101, kad sportisti c\u012bt\u012bgi kr\u0101j punktus, lai nodro\u0161in\u0101tu sev vietu 2026. gada Mil\u0101nas un Kort\u012bnas d&#8217;Ampeco ziemas Olimpiskaj\u0101s sp\u0113l\u0113s. \u0160is ir galvenais sezonas m\u0113r\u0137is, un katrs brauciens un \u0161\u0101viens uzskat\u0101ms par soli tuv\u0101k vai t\u0101l\u0101k no sap\u0146a.<\/p>\n<p>Biatlona Pasaules kaus\u0101 kopum\u0101 notiek vair\u0101ki posmi, un Ans\u012b posms ir nosl\u0113dzo\u0161ais pirms Jaun\u0101 gada p\u0101rtraukuma, kas dod iesp\u0113ju sportistiem pirms kalend\u0101r\u0101 gada mai\u0146as nov\u0113rt\u0113t savu sniegumu un veikt korekcijas gatavojoties n\u0101kamajai sezonas da\u013cai. Skeletons Siguld\u0101 \u0161oreiz ietver ar\u012b p\u0101rceltas sacens\u012bbas no Insbrukas, kas noz\u012bm\u0113 papildu iesp\u0113ju Latvijas sportistiem uzkr\u0101t startus un punktus m\u0101j\u0101s.<\/p>\n<p>Mediju Uzman\u012bba un L\u012bdzjut\u0113ju Atbalsts<\/p>\n<p>Fakts, ka abas sacens\u012bbas tiek p\u0101rraid\u012btas galvenajos valsts sporta kan\u0101los \u2013 LTV7 un Go3 Sport Open \u2013 apliecina to noz\u012bm\u012bgumu Latvijas sporta sabiedr\u012bb\u0101. Vienlaic\u012bgi notieko\u0161\u0101s c\u012b\u0146as prasa no l\u012bdzjut\u0113jiem zin\u0101mu taktisku pl\u0101no\u0161anu, lai pasp\u0113tu v\u0113rot gan biatlonistes tras\u0113 Francij\u0101, gan skeletonistes Siguld\u0101.<\/p>\n<p>Siguldas trase tradicion\u0101li ir \u013coti atbalsto\u0161a vide Latvijas sportistiem, un trases tehniskais st\u0101voklis un m\u0101jas sienu priek\u0161roc\u012bba parasti pal\u012bdz sasniegt lab\u0101kus rezult\u0101tus. T\u0101pat biatlonisti cer uz labu sniegumu \u0161odienas turpin\u0101jum\u0101, lai izc\u012bn\u012btu vietu sv\u0113tdien gaid\u0101maj\u0101s masu starta sacens\u012bb\u0101s, kur\u0101s piedal\u0101s lab\u0101kie sportisti p\u0113c kopv\u0113rt\u0113juma.<\/p>\n","protected":false},"excerpt":{"rendered":"Pasaules kausi vienlaic\u012bgi: Biatlons Ans\u012b, Skeletons Siguld\u0101 2025. gada 21. decembris iez\u012bm\u0113 neparastu sporta dienu Latvijas l\u012bdzjut\u0113jiem, jo&hellip;\n","protected":false},"author":2,"featured_media":81759,"comment_status":"","ping_status":"","sticky":false,"template":"","format":"standard","meta":{"footnotes":""},"categories":[17],"tags":[20603,1499,35,39,38,36,37,34,40,2560,615,11526,67],"class_list":{"0":"post-81758","1":"post","2":"type-post","3":"status-publish","4":"format-standard","5":"has-post-thumbnail","7":"category-sports","8":"tag-ansi","9":"tag-biatlons","10":"tag-latvia","11":"tag-latvian","12":"tag-latviesu","13":"tag-latviesu-valoda","14":"tag-latviesuvaloda","15":"tag-latvija","16":"tag-lv","17":"tag-pasaules-kauss","18":"tag-sigulda","19":"tag-skeletons","20":"tag-sports"},"share_on_mastodon":{"url":"https:\/\/pubeurope.com\/@lv\/115757136181607348","error":""},"_links":{"self":[{"href":"https:\/\/www.europesays.com\/lv\/wp-json\/wp\/v2\/posts\/81758","targetHints":{"allow":["GET"]}}],"collection":[{"href":"https:\/\/www.europesays.com\/lv\/wp-json\/wp\/v2\/posts"}],"about":[{"href":"https:\/\/www.europesays.com\/lv\/wp-json\/wp\/v2\/types\/post"}],"author":[{"embeddable":true,"href":"https:\/\/www.europesays.com\/lv\/wp-json\/wp\/v2\/users\/2"}],"replies":[{"embeddable":true,"href":"https:\/\/www.europesays.com\/lv\/wp-json\/wp\/v2\/comments?post=81758"}],"version-history":[{"count":0,"href":"https:\/\/www.europesays.com\/lv\/wp-json\/wp\/v2\/posts\/81758\/revisions"}],"wp:featuredmedia":[{"embeddable":true,"href":"https:\/\/www.europesays.com\/lv\/wp-json\/wp\/v2\/media\/81759"}],"wp:attachment":[{"href":"https:\/\/www.europesays.com\/lv\/wp-json\/wp\/v2\/media?parent=81758"}],"wp:term":[{"taxonomy":"category","embeddable":true,"href":"https:\/\/www.europesays.com\/lv\/wp-json\/wp\/v2\/categories?post=81758"},{"taxonomy":"post_tag","embeddable":true,"href":"https:\/\/www.europesays.com\/lv\/wp-json\/wp\/v2\/tags?post=81758"}],"curies":[{"name":"wp","href":"https:\/\/api.w.org\/{rel}","templated":true}]}}