{"id":81760,"date":"2025-12-21T10:42:07","date_gmt":"2025-12-21T10:42:07","guid":{"rendered":"https:\/\/www.europesays.com\/lv\/81760\/"},"modified":"2025-12-21T10:42:07","modified_gmt":"2025-12-21T10:42:07","slug":"covid-19-pandemija-paatrina-smadzenu-novecosanos-zinatnieku-atklajumi","status":"publish","type":"post","link":"https:\/\/www.europesays.com\/lv\/81760\/","title":{"rendered":"Covid-19 pand\u0113mija pa\u0101trina smadze\u0146u noveco\u0161anos \u2013 zin\u0101tnieku atkl\u0101jumi"},"content":{"rendered":"<p class=\"descr\">Britu zin\u0101tnieki ir atkl\u0101ju\u0161i, ka koronav\u012brusa pand\u0113mija ir atst\u0101jusi p\u0113das ne tikai to cilv\u0113ku vesel\u012bb\u0101, kuri infic\u0113j\u0101s ar Covid-19, bet ar\u012b to cilv\u0113ku vesel\u012bb\u0101, kuri izvair\u012bj\u0101s no infic\u0113\u0161an\u0101s. Notingemas universit\u0101tes un Londonas Imperi\u0101l\u0101s koled\u017eas zin\u0101tnieki p\u0113t\u012bja, k\u0101 pand\u0113mija ietekm\u0113ja smadze\u0146u &#8220;biolo\u0123isko vecumu&#8221;, un non\u0101ca pie negaid\u012btiem secin\u0101jumiem, zi\u0146o &#8220;Naked Science&#8221;.<\/p>\n<p>Anal\u012bzei zin\u0101tnieki izmantoja Lielbrit\u0101nijas biobankas datus, tostarp <a href=\"https:\/\/nra.lv\/birka\/smadzenu-veseliba\/\" target=\"_blank\" rel=\"noopener nofollow\">smadze\u0146u<\/a> magn\u0113tisk\u0101s rezonanses rezult\u0101tus un inform\u0101ciju par dal\u012bbnieku vesel\u012bbu. Vi\u0146i sal\u012bdzin\u0101ja cilv\u0113ku smadze\u0146u vesel\u012bbu pirms un p\u0113c pand\u0113mijas.<\/p>\n<blockquote><p>Rezult\u0101ti bija p\u0101rsteidzo\u0161i: cilv\u0113ku smadzenes, par kuriem dati tika apkopoti pand\u0113mijas laik\u0101, vid\u0113ji bija par se\u0161iem m\u0113ne\u0161iem vec\u0101kas nek\u0101 pirms pand\u0113mijas perioda.<\/p><\/blockquote>\n<p>Zin\u0101tnieki nov\u0113rt\u0113ja t\u0101dus parametrus k\u0101 smadze\u0146u garozas biezums, pel\u0113k\u0101s un balt\u0101s vielas apjoms un noveco\u0161an\u0101s paz\u012bmes.<\/p>\n<p>Interesant\u0101kais ir tas, ka tiem, kuri nebija saslimu\u0161i ar Covid-19, kognit\u012bv\u0101s sp\u0113jas nemain\u012bj\u0101s, savuk\u0101rt tiem, kuri bija atvese\u013coju\u0161ies, bija samazin\u0101ta gar\u012bg\u0101 elast\u012bba un inform\u0101cijas apstr\u0101des \u0101trums. Tas liecina, ka pand\u0113mija, iesp\u0113jams, rad\u012bja stresa apst\u0101k\u013cus, kas ietekm\u0113ja smadzenes pat veseliem cilv\u0113kiem.<\/p>\n<p>Zin\u0101tnieki v\u0113l nevar izskaidrot prec\u012bzus \u0161\u012bs par\u0101d\u012bbas c\u0113lo\u0146us, ta\u010du pie\u013cauj, ka pand\u0113mijas laik\u0101 var\u0113tu b\u016bt bijusi loma stresam, izol\u0101cijai un dz\u012bvesveida izmai\u0146\u0101m.<\/p>\n","protected":false},"excerpt":{"rendered":"Britu zin\u0101tnieki ir atkl\u0101ju\u0161i, ka koronav\u012brusa pand\u0113mija ir atst\u0101jusi p\u0113das ne tikai to cilv\u0113ku vesel\u012bb\u0101, kuri infic\u0113j\u0101s ar&hellip;\n","protected":false},"author":2,"featured_media":81761,"comment_status":"","ping_status":"","sticky":false,"template":"","format":"standard","meta":{"footnotes":""},"categories":[14],"tags":[23,57,28,29,32,33,22,30,31,35,39,38,36,37,34,40,20,26,27,24,25,54,55,56,21,58],"class_list":{"0":"post-81760","1":"post","2":"type-post","3":"status-publish","4":"format-standard","5":"has-post-thumbnail","7":"category-zinas-no-arvalstim","8":"tag-aktualitates","9":"tag-arvalstim","10":"tag-breaking-news","11":"tag-breakingnews","12":"tag-featured-news","13":"tag-featurednews","14":"tag-headlines","15":"tag-latest-news","16":"tag-latestnews","17":"tag-latvia","18":"tag-latvian","19":"tag-latviesu","20":"tag-latviesu-valoda","21":"tag-latviesuvaloda","22":"tag-latvija","23":"tag-lv","24":"tag-news","25":"tag-popularakas-zinas","26":"tag-popularakaszinas","27":"tag-top-stories","28":"tag-topstories","29":"tag-world","30":"tag-world-news","31":"tag-worldnews","32":"tag-zinas","33":"tag-zinas-no-arvalstim"},"share_on_mastodon":{"url":"https:\/\/pubeurope.com\/@lv\/115757144085603027","error":""},"_links":{"self":[{"href":"https:\/\/www.europesays.com\/lv\/wp-json\/wp\/v2\/posts\/81760","targetHints":{"allow":["GET"]}}],"collection":[{"href":"https:\/\/www.europesays.com\/lv\/wp-json\/wp\/v2\/posts"}],"about":[{"href":"https:\/\/www.europesays.com\/lv\/wp-json\/wp\/v2\/types\/post"}],"author":[{"embeddable":true,"href":"https:\/\/www.europesays.com\/lv\/wp-json\/wp\/v2\/users\/2"}],"replies":[{"embeddable":true,"href":"https:\/\/www.europesays.com\/lv\/wp-json\/wp\/v2\/comments?post=81760"}],"version-history":[{"count":0,"href":"https:\/\/www.europesays.com\/lv\/wp-json\/wp\/v2\/posts\/81760\/revisions"}],"wp:featuredmedia":[{"embeddable":true,"href":"https:\/\/www.europesays.com\/lv\/wp-json\/wp\/v2\/media\/81761"}],"wp:attachment":[{"href":"https:\/\/www.europesays.com\/lv\/wp-json\/wp\/v2\/media?parent=81760"}],"wp:term":[{"taxonomy":"category","embeddable":true,"href":"https:\/\/www.europesays.com\/lv\/wp-json\/wp\/v2\/categories?post=81760"},{"taxonomy":"post_tag","embeddable":true,"href":"https:\/\/www.europesays.com\/lv\/wp-json\/wp\/v2\/tags?post=81760"}],"curies":[{"name":"wp","href":"https:\/\/api.w.org\/{rel}","templated":true}]}}