{"id":8177,"date":"2025-09-29T18:38:08","date_gmt":"2025-09-29T18:38:08","guid":{"rendered":"https:\/\/www.europesays.com\/lv\/8177\/"},"modified":"2025-09-29T18:38:08","modified_gmt":"2025-09-29T18:38:08","slug":"tramps-ar-optimismu-raugas-uz-iespejamo-vienosanos-gazas-jautajuma","status":"publish","type":"post","link":"https:\/\/www.europesays.com\/lv\/8177\/","title":{"rendered":"Tramps ar optimismu raug\u0101s uz iesp\u0113jamo vieno\u0161anos Gazas jaut\u0101jum\u0101"},"content":{"rendered":"<p>Jaut\u0101ts, vai visas puses piekr\u012bt ASV virz\u012btajam 21 punkta pl\u0101nam, lai izbeigtu gandr\u012bz divus gadus ilgu\u0161o karu starp Izra\u0113lu un teroristu grup\u0113jumu &#8220;Ham\u0101s&#8221; Gazas josl\u0101, atbr\u012bvotu \u0137\u012blniekus, kas joproj\u0101m atrodas &#8220;Ham\u0101s&#8221; g\u016bst\u0101, un atbru\u0146otu palest\u012bnie\u0161u kaujiniekus, Tramps atbild\u0113ja, ka j\u016btas \u013coti p\u0101rliecin\u0101ts.<\/p>\n<p>Tramps pag\u0101ju\u0161aj\u0101 ned\u0113\u013c\u0101 \u0145ujork\u0101 tik\u0101s ar ar\u0101bu valstu l\u012bderiem un sv\u0113tdien soci\u0101lajos t\u012bklos pazi\u0146oja, ka &#8220;visi piekr\u012bt kaut kam \u012bpa\u0161am, kas b\u016bs pirmo reizi v\u0113stur\u0113&#8221;.<\/p>\n<p>Tikm\u0113r Netanjahu devis maz iemeslu optimismam un piektdien run\u0101 ANO sol\u012bja pabeigt ies\u0101kot c\u012b\u0146\u0101 pret &#8220;Ham\u0101s&#8221; un noraid\u012bja palest\u012bnie\u0161u valstiskumu.<\/p>\n<p>Saska\u0146\u0101 ar laikraksta &#8220;The Times of Israel&#8221; un ASV zi\u0146u vietnes &#8220;Axios&#8221; datiem Trampa pl\u0101ns paredz t\u016bl\u012bt\u0113ju pamieru, pak\u0101penisku Izra\u0113las sp\u0113ku atk\u0101p\u0161anos un \u0137\u012blnieku atbr\u012bvo\u0161anu 48 stundu laik\u0101. P\u0113c tam Izra\u0113la atbr\u012bvotu no cietumiem vair\u0101k nek\u0101 1000 palest\u012bnie\u0161u.<\/p>\n","protected":false},"excerpt":{"rendered":"Jaut\u0101ts, vai visas puses piekr\u012bt ASV virz\u012btajam 21 punkta pl\u0101nam, lai izbeigtu gandr\u012bz divus gadus ilgu\u0161o karu starp&hellip;\n","protected":false},"author":2,"featured_media":8178,"comment_status":"","ping_status":"","sticky":false,"template":"","format":"standard","meta":{"footnotes":""},"categories":[14],"tags":[23,57,63,28,29,542,32,33,22,30,31,35,39,38,36,37,34,40,20,26,27,24,25,54,55,56,21,58],"class_list":{"0":"post-8177","1":"post","2":"type-post","3":"status-publish","4":"format-standard","5":"has-post-thumbnail","7":"category-zinas-no-arvalstim","8":"tag-aktualitates","9":"tag-arvalstim","10":"tag-arvalstis","11":"tag-breaking-news","12":"tag-breakingnews","13":"tag-donalds-tramps","14":"tag-featured-news","15":"tag-featurednews","16":"tag-headlines","17":"tag-latest-news","18":"tag-latestnews","19":"tag-latvia","20":"tag-latvian","21":"tag-latviesu","22":"tag-latviesu-valoda","23":"tag-latviesuvaloda","24":"tag-latvija","25":"tag-lv","26":"tag-news","27":"tag-popularakas-zinas","28":"tag-popularakaszinas","29":"tag-top-stories","30":"tag-topstories","31":"tag-world","32":"tag-world-news","33":"tag-worldnews","34":"tag-zinas","35":"tag-zinas-no-arvalstim"},"share_on_mastodon":{"url":"","error":""},"_links":{"self":[{"href":"https:\/\/www.europesays.com\/lv\/wp-json\/wp\/v2\/posts\/8177","targetHints":{"allow":["GET"]}}],"collection":[{"href":"https:\/\/www.europesays.com\/lv\/wp-json\/wp\/v2\/posts"}],"about":[{"href":"https:\/\/www.europesays.com\/lv\/wp-json\/wp\/v2\/types\/post"}],"author":[{"embeddable":true,"href":"https:\/\/www.europesays.com\/lv\/wp-json\/wp\/v2\/users\/2"}],"replies":[{"embeddable":true,"href":"https:\/\/www.europesays.com\/lv\/wp-json\/wp\/v2\/comments?post=8177"}],"version-history":[{"count":0,"href":"https:\/\/www.europesays.com\/lv\/wp-json\/wp\/v2\/posts\/8177\/revisions"}],"wp:featuredmedia":[{"embeddable":true,"href":"https:\/\/www.europesays.com\/lv\/wp-json\/wp\/v2\/media\/8178"}],"wp:attachment":[{"href":"https:\/\/www.europesays.com\/lv\/wp-json\/wp\/v2\/media?parent=8177"}],"wp:term":[{"taxonomy":"category","embeddable":true,"href":"https:\/\/www.europesays.com\/lv\/wp-json\/wp\/v2\/categories?post=8177"},{"taxonomy":"post_tag","embeddable":true,"href":"https:\/\/www.europesays.com\/lv\/wp-json\/wp\/v2\/tags?post=8177"}],"curies":[{"name":"wp","href":"https:\/\/api.w.org\/{rel}","templated":true}]}}