{"id":81779,"date":"2025-12-21T10:57:12","date_gmt":"2025-12-21T10:57:12","guid":{"rendered":"https:\/\/www.europesays.com\/lv\/81779\/"},"modified":"2025-12-21T10:57:12","modified_gmt":"2025-12-21T10:57:12","slug":"uguns-un-pelni-dzeimsa-kamerona-jaunais-vizualais-sedevrs-kas-parspej-jebkadas-gaidas-lente-lv-2","status":"publish","type":"post","link":"https:\/\/www.europesays.com\/lv\/81779\/","title":{"rendered":"Uguns un pelni\u201d \u2013 D\u017eeimsa Kamerona jaunais vizu\u0101lais \u0161edevrs, kas p\u0101rsp\u0113j jebk\u0101das gaidas\u00a0\u2014\u00a0Lente.lv"},"content":{"rendered":"<p>Ilgi gaid\u012bt\u0101 Panoras atgrie\u0161an\u0101s<\/p>\n<p>Kinoz\u0101l\u0113s ien\u0101k ilgi gaid\u012bt\u0101, episk\u0101 filma no redzam\u0101 specefektu meistara \u2013 re\u017eisora D\u017eeimsa Kamerona. Lente \u201eAvatar: Uguns un pelni\u201d ir tie\u0161s turpin\u0101jums 2022. gada h\u012btam \u201eAvatar: Ce\u013c\u0161 \u016bden\u012b\u201d.<\/p>\n<p>Kad 2009. gad\u0101 pirmizr\u0101di piedz\u012bvoja pirmais \u201eAvatars\u201d, filma k\u013cuva par revol\u016bciju kino pasaul\u0113, sasniedzot v\u0113sturisku izr\u0101vienu ar saviem vizu\u0101lajiem efektiem. Kamerona veikums noteica jaunu lati\u0146u ne tikai \u017eanram, bet visai industrijai kopum\u0101.<\/p>\n<p>Re\u017eisors bija tik \u013coti pieradin\u0101jis skat\u012bt\u0101jus pie saviem grandiozajiem kino darbiem, ka tas rad\u012bja faktu \u2013 citiem re\u017eisoriem un producentiem ir j\u0101p\u0101rsl\u0113dzas uz n\u0101kamo l\u012bmeni, ja vi\u0146i v\u0113las sevi d\u0113v\u0113t par fantastikas blokb\u0101steru veidot\u0101jiem. Sekas bija iespaid\u012bgas: 13 nomin\u0101cijas \u201eOskaram\u201d un 2,9 miljardu kases ien\u0101kumi vis\u0101 pasaul\u0113.<\/p>\n<p><img loading=\"lazy\" decoding=\"async\" style=\"aspect-ratio:740\/390;\" src=\"https:\/\/www.europesays.com\/lv\/wp-content\/uploads\/2025\/12\/cxd6tk-0bf4904e935a32c566393a77a8b49005.jpg\" alt=\"\u0430\u0432\u0430\u0442\u0430\u0440 3 \u043e\u0433\u043e\u043d\u044c \u0438 \u043f\u0435\u043f\u0435\u043b\" width=\"740\" height=\"390\"\/>Augsto lati\u0146u notur\u0113\u0161ana<\/p>\n<p>Otr\u0101 da\u013ca, \u201eAvatar: Ce\u013c\u0161 \u016bden\u012b\u201d, izn\u0101ca tr\u012bspadsmit gadus v\u0113l\u0101k, ta\u010du \u0161is ilgais laika p\u0101rtraukums \u0161\u0137ita gandr\u012bz neman\u0101ms. Blokb\u0101sters atkal sav\u0101ca 2,3 miljardus dol\u0101ru un sa\u0146\u0113ma daudzpus\u012bgus kriti\u0137u un skat\u012bt\u0101ju atzin\u012bbas apliecin\u0101jumus. \u0160\u0137ita, ka saglab\u0101t \u0161\u0101du bezprecedenta augsto l\u012bmeni tre\u0161oreiz b\u016bs neiesp\u0113jami. Galu gal\u0101, lai notur\u0113tu lati\u0146u, nemaz nerun\u0101jot par t\u0101s pacel\u0161anu, ir j\u0101l\u0113k\u0101 p\u0101ri savai galvai un j\u0101izbr\u012bna visus no jauna \u2013 j\u0101palielina \u0161\u012b p\u0101rsteigumu maratona temps, nosac\u012bti, \u0123eometrisk\u0101 progresij\u0101.<\/p>\n<p>Karakteru un konflikta atgrie\u0161an\u0101s<\/p>\n<p>Tre\u0161\u0101s filmas si\u017eets att\u012bst\u0101s tie\u0161i p\u0113c \u201eAvatar: Ce\u013c\u0161 \u016bden\u012b\u201d notikumiem un ir t\u0101 tie\u0161s turpin\u0101jums. Resursu att\u012bst\u012bbas administr\u0101cija \u2013 vai, k\u0101 Panoras iedz\u012bvot\u0101ji tos d\u0113v\u0113, \u201ecilv\u0113ki no debes\u012bm\u201d \u2013 cen\u0161as sasniegt savu galveno m\u0113r\u0137i: padar\u012bt Panoru piem\u0113rotu cilv\u0113ku rasei. Zemes plan\u0113tu \u0161\u012b rase izn\u012bcin\u0101ja pa\u0161u nolaid\u012bbas un ne\u017e\u0113l\u012bbas d\u0113\u013c, savuk\u0101rt Panora, kas visos parametros ir \u013coti piem\u0113rota, cilv\u0113kiem pagaid\u0101m nav pieejama gaisa sast\u0101va at\u0161\u0137ir\u012bbu d\u0113\u013c.<\/p>\n<p><img loading=\"lazy\" decoding=\"async\" style=\"aspect-ratio:740\/306;\" src=\"https:\/\/www.europesays.com\/lv\/wp-content\/uploads\/2025\/12\/aqkltu-081bab2611c4f4abcf9b75d3613bd723.jpg\" alt=\"\u0430\u0432\u0430\u0442\u0430\u0440 3 \u043e\u0433\u043e\u043d\u044c \u0438 \u043f\u0435\u043f\u0435\u043b\" width=\"740\" height=\"306\"\/><\/p>\n<p>Filmas galvenais varonis, biju\u0161ais J\u016bras k\u0101jnieks D\u017eeiks Sal\u012b (Sem V\u0113rtingtons), kur\u0161 agr\u0101k bija cilv\u0113ks, bet tagad ir pievienojies Na\u2019vi ciltij, gatavojas karam pret cilv\u0113kiem. Vi\u0146\u0161 v\u0101c iero\u010dus, kas sp\u0113j tr\u0101p\u012bt ienaidnieka \u2013 cilv\u0113ku \u2013 m\u0113r\u0137iem.<\/p>\n<p>D\u017eeika Sal\u012b \u0123imen\u0113 dz\u012bvo vi\u0146a ienaidnieka, pulkve\u017ea Kvorid\u017ea, d\u0113ls. Pulkvedis Kvorid\u017es krita kauj\u0101 iepriek\u0161\u0113jo filmu notikumu laik\u0101. Z\u0113ns v\u0101rd\u0101 Spaiders Panor\u0101 var dz\u012bvot tikai ar sk\u0101bek\u013ca masku sej\u0101. Pats pulkvedis Kvorid\u017es g\u0101ja boj\u0101 sav\u0101 cilv\u0113ciskaj\u0101 izskat\u0101 pirmaj\u0101 film\u0101, ta\u010du tre\u0161aj\u0101 da\u013c\u0101 vi\u0146\u0161 par\u0101d\u0101s k\u0101 Rekombinants (vi\u0146a Avatara versija Na\u2019vi rases p\u0101rst\u0101vja veidol\u0101).<\/p>\n<p>Jaunie draudi un kulmin\u0101cija<\/p>\n<p>Kvorid\u017es apvienojas ar pa\u0161pasludin\u0101to pelnu pils\u0113tas karalieni Varangu (Una \u010caplina), kuras v\u0113lme izn\u012bcin\u0101t Panoru lieliski sasaucas ar pulkve\u017ea m\u0113r\u0137iem. Varangai, at\u0161\u0137ir\u012bb\u0101 no Sal\u012b \u0123imenes, ir citas priorit\u0101tes un cita filozofija, kas noved\u012bs pie liela konflikta Panoras iedz\u012bvot\u0101ju starp\u0101.<\/p>\n<p><img loading=\"lazy\" decoding=\"async\" style=\"aspect-ratio:740\/390;\" src=\"https:\/\/www.europesays.com\/lv\/wp-content\/uploads\/2025\/12\/vhwz4r-32cc82ff55e318ac3bb8f5a0d711f387.jpg\" alt=\"\u0430\u0432\u0430\u0442\u0430\u0440 3 \u043e\u0433\u043e\u043d\u044c \u0438 \u043f\u0435\u043f\u0435\u043b\" width=\"740\" height=\"390\"\/><\/p>\n<p>Varo\u0146iem ir lemts vad\u012bt episk\u0101 m\u0113roga civiliz\u0101ciju kauju grandioz\u0101 kinematogr\u0101fisk\u0101 akcij\u0101. Protams, re\u017eisors D\u017eeimss Kamerons ir slavens ar sav\u0101m sp\u0113j\u0101m rad\u012bt iespaid\u012bgas alternat\u012bvas pasaules, ta\u010du tre\u0161ais \u201eAvatars\u201d k\u013cuva par patiesu vizu\u0101l\u0101 apv\u0101r\u0161\u0146a apogeju Kamerona filmogr\u0101fij\u0101. Vi\u0146\u0161 iepaz\u012bstin\u0101ja ar savu unik\u0101lo re\u017eisoru kodu kopumu, p\u0101rsp\u0113jot pat visliel\u0101k\u0101s gaidas. Tagad atkl\u0101ts paliek jaut\u0101jums: vai re\u017eisors uzdro\u0161in\u0101sies m\u0113\u0123in\u0101t p\u0101rsp\u0113t sevi atkal, vai ar\u012b vi\u0146\u0161 jau ir uz\u0146\u0113mis lab\u0101ko filmu sav\u0101 karjer\u0101?<\/p>\n","protected":false},"excerpt":{"rendered":"Ilgi gaid\u012bt\u0101 Panoras atgrie\u0161an\u0101s Kinoz\u0101l\u0113s ien\u0101k ilgi gaid\u012bt\u0101, episk\u0101 filma no redzam\u0101 specefektu meistara \u2013 re\u017eisora D\u017eeimsa Kamerona.&hellip;\n","protected":false},"author":2,"featured_media":81780,"comment_status":"","ping_status":"","sticky":false,"template":"","format":"standard","meta":{"footnotes":""},"categories":[19],"tags":[16513,20606,18129,89,90,20607,35,39,38,36,37,34,40,20608],"class_list":{"0":"post-81779","1":"post","2":"type-post","3":"status-publish","4":"format-standard","5":"has-post-thumbnail","7":"category-izklaide","8":"tag-avatar-3","9":"tag-blokbasteris","10":"tag-dzeimss-kamerons","11":"tag-entertainment","12":"tag-izklaide","13":"tag-kinofilmas-apskats","14":"tag-latvia","15":"tag-latvian","16":"tag-latviesu","17":"tag-latviesu-valoda","18":"tag-latviesuvaloda","19":"tag-latvija","20":"tag-lv","21":"tag-panora"},"share_on_mastodon":{"url":"https:\/\/pubeurope.com\/@lv\/115757203136092962","error":""},"_links":{"self":[{"href":"https:\/\/www.europesays.com\/lv\/wp-json\/wp\/v2\/posts\/81779","targetHints":{"allow":["GET"]}}],"collection":[{"href":"https:\/\/www.europesays.com\/lv\/wp-json\/wp\/v2\/posts"}],"about":[{"href":"https:\/\/www.europesays.com\/lv\/wp-json\/wp\/v2\/types\/post"}],"author":[{"embeddable":true,"href":"https:\/\/www.europesays.com\/lv\/wp-json\/wp\/v2\/users\/2"}],"replies":[{"embeddable":true,"href":"https:\/\/www.europesays.com\/lv\/wp-json\/wp\/v2\/comments?post=81779"}],"version-history":[{"count":0,"href":"https:\/\/www.europesays.com\/lv\/wp-json\/wp\/v2\/posts\/81779\/revisions"}],"wp:featuredmedia":[{"embeddable":true,"href":"https:\/\/www.europesays.com\/lv\/wp-json\/wp\/v2\/media\/81780"}],"wp:attachment":[{"href":"https:\/\/www.europesays.com\/lv\/wp-json\/wp\/v2\/media?parent=81779"}],"wp:term":[{"taxonomy":"category","embeddable":true,"href":"https:\/\/www.europesays.com\/lv\/wp-json\/wp\/v2\/categories?post=81779"},{"taxonomy":"post_tag","embeddable":true,"href":"https:\/\/www.europesays.com\/lv\/wp-json\/wp\/v2\/tags?post=81779"}],"curies":[{"name":"wp","href":"https:\/\/api.w.org\/{rel}","templated":true}]}}