{"id":81781,"date":"2025-12-21T11:00:08","date_gmt":"2025-12-21T11:00:08","guid":{"rendered":"https:\/\/www.europesays.com\/lv\/81781\/"},"modified":"2025-12-21T11:00:08","modified_gmt":"2025-12-21T11:00:08","slug":"vacijas-generalis-atklaj-kadel-krievija-uzsakusi-intensivakus-uzbrukumus-ukrainai","status":"publish","type":"post","link":"https:\/\/www.europesays.com\/lv\/81781\/","title":{"rendered":"V\u0101cijas \u0123ener\u0101lis atkl\u0101j, k\u0101d\u0113\u013c Krievija uzs\u0101kusi intens\u012bv\u0101kus uzbrukumus Ukrainai"},"content":{"rendered":"<p data-end=\"363\" data-start=\"0\">Krievija neizr\u0101da &#8220;nek\u0101du v\u0113lmi p\u0113c miera&#8221;.\u00a0Tie\u0161i pret\u0113ji \u2013 uzbrukumi tiek intensific\u0113ti, &#8220;ac\u012bmredzot cer\u012bb\u0101 ieg\u016bt vair\u0101k teritorijas, kur\u0101m var\u0113tu b\u016bt noz\u012bme iesp\u0113jam\u0101s sarun\u0101s&#8221;, nor\u0101d\u012bja \u0123ener\u0101lis.\u00a0Vi\u0146\u0161 uzsv\u0113ra, ka \u0161obr\u012bd Krievijai \u0161obr\u012bd neizdodas &#8220;g\u016bt lielus pan\u0101kumus&#8221;, un galvenais jaut\u0101jums tagad ir: vai Maskava visp\u0101r v\u0113las mieru? Vi\u0146\u0161 atzina, ka ukrai\u0146i v\u0113las mieru vair\u0101k par visu, ta\u010du &#8220;ne par katru cenu&#8221;, k\u0101 to pieprasa Krievija ar saviem ultim\u0101tiem.<\/p>\n","protected":false},"excerpt":{"rendered":"Krievija neizr\u0101da &#8220;nek\u0101du v\u0113lmi p\u0113c miera&#8221;.\u00a0Tie\u0161i pret\u0113ji \u2013 uzbrukumi tiek intensific\u0113ti, &#8220;ac\u012bmredzot cer\u012bb\u0101 ieg\u016bt vair\u0101k teritorijas, kur\u0101m var\u0113tu&hellip;\n","protected":false},"author":2,"featured_media":81782,"comment_status":"","ping_status":"","sticky":false,"template":"","format":"standard","meta":{"footnotes":""},"categories":[14],"tags":[23,57,28,29,32,33,22,30,31,35,39,38,36,37,34,40,20,26,27,24,25,54,55,56,21,58],"class_list":{"0":"post-81781","1":"post","2":"type-post","3":"status-publish","4":"format-standard","5":"has-post-thumbnail","7":"category-zinas-no-arvalstim","8":"tag-aktualitates","9":"tag-arvalstim","10":"tag-breaking-news","11":"tag-breakingnews","12":"tag-featured-news","13":"tag-featurednews","14":"tag-headlines","15":"tag-latest-news","16":"tag-latestnews","17":"tag-latvia","18":"tag-latvian","19":"tag-latviesu","20":"tag-latviesu-valoda","21":"tag-latviesuvaloda","22":"tag-latvija","23":"tag-lv","24":"tag-news","25":"tag-popularakas-zinas","26":"tag-popularakaszinas","27":"tag-top-stories","28":"tag-topstories","29":"tag-world","30":"tag-world-news","31":"tag-worldnews","32":"tag-zinas","33":"tag-zinas-no-arvalstim"},"share_on_mastodon":{"url":"https:\/\/pubeurope.com\/@lv\/115757214839272628","error":""},"_links":{"self":[{"href":"https:\/\/www.europesays.com\/lv\/wp-json\/wp\/v2\/posts\/81781","targetHints":{"allow":["GET"]}}],"collection":[{"href":"https:\/\/www.europesays.com\/lv\/wp-json\/wp\/v2\/posts"}],"about":[{"href":"https:\/\/www.europesays.com\/lv\/wp-json\/wp\/v2\/types\/post"}],"author":[{"embeddable":true,"href":"https:\/\/www.europesays.com\/lv\/wp-json\/wp\/v2\/users\/2"}],"replies":[{"embeddable":true,"href":"https:\/\/www.europesays.com\/lv\/wp-json\/wp\/v2\/comments?post=81781"}],"version-history":[{"count":0,"href":"https:\/\/www.europesays.com\/lv\/wp-json\/wp\/v2\/posts\/81781\/revisions"}],"wp:featuredmedia":[{"embeddable":true,"href":"https:\/\/www.europesays.com\/lv\/wp-json\/wp\/v2\/media\/81782"}],"wp:attachment":[{"href":"https:\/\/www.europesays.com\/lv\/wp-json\/wp\/v2\/media?parent=81781"}],"wp:term":[{"taxonomy":"category","embeddable":true,"href":"https:\/\/www.europesays.com\/lv\/wp-json\/wp\/v2\/categories?post=81781"},{"taxonomy":"post_tag","embeddable":true,"href":"https:\/\/www.europesays.com\/lv\/wp-json\/wp\/v2\/tags?post=81781"}],"curies":[{"name":"wp","href":"https:\/\/api.w.org\/{rel}","templated":true}]}}