{"id":81787,"date":"2025-12-21T11:06:09","date_gmt":"2025-12-21T11:06:09","guid":{"rendered":"https:\/\/www.europesays.com\/lv\/81787\/"},"modified":"2025-12-21T11:06:09","modified_gmt":"2025-12-21T11:06:09","slug":"si-aviokompanija-liek-lielo-izmeru-pasazieriem-lugs-pirkt-divu-sedvietu-biletes","status":"publish","type":"post","link":"https:\/\/www.europesays.com\/lv\/81787\/","title":{"rendered":"\u0160\u012b aviokomp\u0101nija liek \u201clielo izm\u0113ru\u201d pasa\u017eieriem l\u016bgs pirkt divu s\u0113dvietu bi\u013cetes"},"content":{"rendered":"<p>    <img decoding=\"async\" src=\"https:\/\/www.europesays.com\/lv\/wp-content\/uploads\/2025\/12\/1766315169_64_FotoJet-71-1024x683.jpg\" alt=\"&#10;\"\/><\/p>\n<p>Foto. pexels.com\n<\/p>\n<p>12:46, 21. decembris 2025<\/p>\n<p>K\u0101da ASV aviokomp\u0101nija turom\u0101k iekas\u0113s maksu no lielizm\u0113ra pasa\u017eieriem par papildu s\u0113dvietu, lai gan agr\u0101k t\u0101 bija bez maksas. Southwest Airlines agr\u0101k bija iecien\u012bt\u0101k\u0101 aviokomp\u0101nija lielo izm\u0113ru pasa\u017eieriem, jo \u200b\u200bt\u0101 nepras\u012bja maksu par papildu s\u0113dvietu.<\/p>\n<p>        Las\u012bt\u0101kie<br \/>\n        <a data-imagesrc=\"{&quot;300&quot;:&quot;https:\\\/\\\/lastatic.ams3.cdn.digitaloceanspaces.com\\\/2025\\\/12\\\/pexels-cottonbro-3171815-300x200.jpg&quot;,&quot;1024&quot;:&quot;https:\\\/\\\/lastatic.ams3.cdn.digitaloceanspaces.com\\\/2025\\\/12\\\/pexels-cottonbro-3171815-1024x684.jpg&quot;,&quot;1536&quot;:&quot;https:\\\/\\\/lastatic.ams3.cdn.digitaloceanspaces.com\\\/2025\\\/12\\\/pexels-cottonbro-3171815-1536x1026.jpg&quot;,&quot;500&quot;:&quot;https:\\\/\\\/lastatic.ams3.cdn.digitaloceanspaces.com\\\/2025\\\/12\\\/pexels-cottonbro-3171815-500x334.jpg&quot;,&quot;800&quot;:&quot;https:\\\/\\\/lastatic.ams3.cdn.digitaloceanspaces.com\\\/2025\\\/12\\\/pexels-cottonbro-3171815-800x534.jpg&quot;,&quot;2560&quot;:&quot;https:\\\/\\\/lastatic.ams3.cdn.digitaloceanspaces.com\\\/2025\\\/12\\\/pexels-cottonbro-3171815-scaled.jpg&quot;}\" data-focuspoint=\"&quot;&quot;\" data-p=\"2484502\" href=\"https:\/\/www.la.lv\/tikai-sis-cetras-zodiaka-zimes-mirdzes-visu-2026-gadu-kas-tas-sagaida\" class=\"content-item lazy-load\" wp_automatic_readability=\"26\" rel=\"nofollow noopener\" target=\"_blank\"><\/p>\n<p>                                <img decoding=\"async\" src=\"\" alt=\"\" style=\"\" data-imageid=\"\"\/><\/p>\n<p>                                Kokteilis<\/p>\n<p>\n                                                Tikai \u0161\u012bs \u010detras zodiaka z\u012bmes mirdz\u0113s visu 2026. gadu: kas t\u0101s sagaida\n                            <\/p>\n<p><\/a><a data-imagesrc=\"{&quot;300&quot;:&quot;https:\\\/\\\/lastatic.ams3.cdn.digitaloceanspaces.com\\\/2025\\\/12\\\/68ead995-eb1d-43f6-83be-659f3833dd4f-1-300x200.jpg&quot;,&quot;1024&quot;:&quot;https:\\\/\\\/lastatic.ams3.cdn.digitaloceanspaces.com\\\/2025\\\/12\\\/68ead995-eb1d-43f6-83be-659f3833dd4f-1-1024x683.jpg&quot;,&quot;1536&quot;:&quot;https:\\\/\\\/lastatic.ams3.cdn.digitaloceanspaces.com\\\/2025\\\/12\\\/68ead995-eb1d-43f6-83be-659f3833dd4f-1-1536x1024.jpg&quot;,&quot;500&quot;:&quot;https:\\\/\\\/lastatic.ams3.cdn.digitaloceanspaces.com\\\/2025\\\/12\\\/68ead995-eb1d-43f6-83be-659f3833dd4f-1-500x333.jpg&quot;,&quot;800&quot;:&quot;https:\\\/\\\/lastatic.ams3.cdn.digitaloceanspaces.com\\\/2025\\\/12\\\/68ead995-eb1d-43f6-83be-659f3833dd4f-1-800x533.jpg&quot;,&quot;1800&quot;:&quot;https:\\\/\\\/lastatic.ams3.cdn.digitaloceanspaces.com\\\/2025\\\/12\\\/68ead995-eb1d-43f6-83be-659f3833dd4f-1.jpg&quot;}\" data-focuspoint=\"&quot;&quot;\" data-p=\"2484506\" href=\"https:\/\/www.la.lv\/foto-bernudarzs-par-kuru-runa-visa-latvija-tik-grezna-ziemassvetku-pasaka-skiet-citviet-nav-redzeta\" class=\"content-item lazy-load\" wp_automatic_readability=\"28\" rel=\"nofollow noopener\" target=\"_blank\"><\/p>\n<p>                                <img decoding=\"async\" src=\"\" alt=\"\" style=\"\" data-imageid=\"\"\/><\/p>\n<p>                                            FOTO. B\u0113rnud\u0101rzs, par kuru run\u0101  visa Latvija \u2013 tik grezna Ziemassv\u0113tku pasaka, \u0161\u0137iet, citviet nav redz\u0113ta\n                            <\/p>\n<p><\/a><a data-imagesrc=\"{&quot;300&quot;:&quot;https:\\\/\\\/lastatic.ams3.cdn.digitaloceanspaces.com\\\/2025\\\/12\\\/russia_ukraine_war_56339-1-300x200.jpg&quot;,&quot;500&quot;:&quot;https:\\\/\\\/lastatic.ams3.cdn.digitaloceanspaces.com\\\/2025\\\/12\\\/russia_ukraine_war_56339-1-500x333.jpg&quot;,&quot;800&quot;:&quot;https:\\\/\\\/lastatic.ams3.cdn.digitaloceanspaces.com\\\/2025\\\/12\\\/russia_ukraine_war_56339-1.jpg&quot;}\" data-focuspoint=\"&quot;&quot;\" data-p=\"2481161\" href=\"https:\/\/www.la.lv\/si-ziema-krievijai-bus-aukstaka-un-tumsaka-neka-mums-kas-slepjas-zem-siem-ukrainas-klusajiem-draudiem\" class=\"content-item lazy-load\" wp_automatic_readability=\"26.5\" rel=\"nofollow noopener\" target=\"_blank\"><\/p>\n<p>                                <img decoding=\"async\" src=\"\" alt=\"\" style=\"\" data-imageid=\"\"\/><\/p>\n<p>\n                                                \u201c\u0160\u012b ziema Krievijai b\u016bs aukst\u0101ka un tum\u0161\u0101ka nek\u0101 mums!\u201d Kas sl\u0113pjas aiz \u0161\u012b klus\u0101 Ukrainas prieka?\n                            <\/p>\n<p><\/a><br \/>\n        <a class=\"read-more\" href=\"https:\/\/www.la.lv\/top\" rel=\"nofollow noopener\" target=\"_blank\">Las\u012bt citas zi\u0146as<\/a><\/p>\n<p>Tagad liel\u0101kiem pasa\u017eieriem, kuri \u201caiz\u0146em blakus eso\u0161o s\u0113dvietu\u201d, b\u016bs j\u0101ieg\u0101d\u0101jas papildu bi\u013cete, par kuru nauda, \u200b\u200biesp\u0113jams, netiks atmaks\u0101ta. <\/p>\n<p>Iepriek\u0161 pasa\u017eieri var\u0113ja samaks\u0101t par papildu s\u0113dvietu pirms lidojuma un v\u0113l\u0101k sa\u0146emt atmaksu vai ar\u012b piepras\u012bt papildu s\u0113dvietu bez maksas, ierodoties lidost\u0101. Aviokomp\u0101nija ar\u012b mudina klientus \u201cieg\u0101d\u0101ties otro s\u0113dvietu, veicot s\u0101kotn\u0113jo rezerv\u0101ciju\u201d, kas noz\u012bm\u0113, ka abas s\u0113dvietas ir j\u0101rezerv\u0113 iepriek\u0161.<\/p>\n<p>    CITI \u0160OBR\u012aD LASA<\/p>\n<p>Nacion\u0101l\u0101 asoci\u0101cija, kas ir lielo cilv\u0113ku intere\u0161u aizst\u0101v\u012bbas grupa, pazi\u0146oja, ka izmai\u0146as ir \u201cposto\u0161as\u201d plus izm\u0113ra pasa\u017eieriem, t\u0101s palielina izmaksas liel\u0101ka izm\u0113ra cilv\u0113kiem un rada satrauco\u0161u pieredzi, rakst\u012bja New York Times. \u201cJa j\u016bs jau pl\u0101nojat bud\u017eetu un tagad jums j\u0101pievieno tam v\u0113l 300\u2013400 ASV dol\u0101ru, tas var noz\u012bm\u0113t maz\u0101k ce\u013cot\u0101ju.\u201d<\/p>\n<p>Ir nov\u0113rots, ka ASV daudzi liela izm\u0113ra atp\u016btnieki izvair\u0101s no lido\u0161anas, baidoties no ne\u0113rt\u0101m situ\u0101cij\u0101m. <\/p>\n<p>T\u0113mas<\/p>\n<p>    SAIST\u012aTIE RAKSTI<\/p>\n","protected":false},"excerpt":{"rendered":"Foto. pexels.com 12:46, 21. decembris 2025 K\u0101da ASV aviokomp\u0101nija turom\u0101k iekas\u0113s maksu no lielizm\u0113ra pasa\u017eieriem par papildu s\u0113dvietu,&hellip;\n","protected":false},"author":2,"featured_media":81788,"comment_status":"","ping_status":"","sticky":false,"template":"","format":"standard","meta":{"footnotes":""},"categories":[14],"tags":[23,57,28,29,32,33,22,30,31,35,39,38,36,37,34,40,20,26,27,24,25,54,55,56,21,58],"class_list":{"0":"post-81787","1":"post","2":"type-post","3":"status-publish","4":"format-standard","5":"has-post-thumbnail","7":"category-zinas-no-arvalstim","8":"tag-aktualitates","9":"tag-arvalstim","10":"tag-breaking-news","11":"tag-breakingnews","12":"tag-featured-news","13":"tag-featurednews","14":"tag-headlines","15":"tag-latest-news","16":"tag-latestnews","17":"tag-latvia","18":"tag-latvian","19":"tag-latviesu","20":"tag-latviesu-valoda","21":"tag-latviesuvaloda","22":"tag-latvija","23":"tag-lv","24":"tag-news","25":"tag-popularakas-zinas","26":"tag-popularakaszinas","27":"tag-top-stories","28":"tag-topstories","29":"tag-world","30":"tag-world-news","31":"tag-worldnews","32":"tag-zinas","33":"tag-zinas-no-arvalstim"},"share_on_mastodon":{"url":"https:\/\/pubeurope.com\/@lv\/115757238599153070","error":""},"_links":{"self":[{"href":"https:\/\/www.europesays.com\/lv\/wp-json\/wp\/v2\/posts\/81787","targetHints":{"allow":["GET"]}}],"collection":[{"href":"https:\/\/www.europesays.com\/lv\/wp-json\/wp\/v2\/posts"}],"about":[{"href":"https:\/\/www.europesays.com\/lv\/wp-json\/wp\/v2\/types\/post"}],"author":[{"embeddable":true,"href":"https:\/\/www.europesays.com\/lv\/wp-json\/wp\/v2\/users\/2"}],"replies":[{"embeddable":true,"href":"https:\/\/www.europesays.com\/lv\/wp-json\/wp\/v2\/comments?post=81787"}],"version-history":[{"count":0,"href":"https:\/\/www.europesays.com\/lv\/wp-json\/wp\/v2\/posts\/81787\/revisions"}],"wp:featuredmedia":[{"embeddable":true,"href":"https:\/\/www.europesays.com\/lv\/wp-json\/wp\/v2\/media\/81788"}],"wp:attachment":[{"href":"https:\/\/www.europesays.com\/lv\/wp-json\/wp\/v2\/media?parent=81787"}],"wp:term":[{"taxonomy":"category","embeddable":true,"href":"https:\/\/www.europesays.com\/lv\/wp-json\/wp\/v2\/categories?post=81787"},{"taxonomy":"post_tag","embeddable":true,"href":"https:\/\/www.europesays.com\/lv\/wp-json\/wp\/v2\/tags?post=81787"}],"curies":[{"name":"wp","href":"https:\/\/api.w.org\/{rel}","templated":true}]}}