{"id":81803,"date":"2025-12-21T11:30:09","date_gmt":"2025-12-21T11:30:09","guid":{"rendered":"https:\/\/www.europesays.com\/lv\/81803\/"},"modified":"2025-12-21T11:30:09","modified_gmt":"2025-12-21T11:30:09","slug":"agresori-nakti-uzbrukusi-ar-97-droniem","status":"publish","type":"post","link":"https:\/\/www.europesays.com\/lv\/81803\/","title":{"rendered":"agresori nakt\u012b uzbruku\u0161i ar 97 droniem"},"content":{"rendered":"<p>No tiem 75 droni notriekti vai neitraliz\u0113ti ar radioelektroniskiem c\u012b\u0146as l\u012bdzek\u013ciem.<\/p>\n<p>No 97 droniem aptuveni 60 bija uzbrukuma lidroboti &#8220;Shahed&#8221;.<\/p>\n<p>Re\u0123istr\u0113ti 19 dronu tr\u0101p\u012bjumi asto\u0146\u0101s viet\u0101s. V\u0113l vien\u0101 viet\u0101 nog\u0101zu\u0161\u0101s drona atl\u016bzas.<\/p>\n<p>Ukraina: Krievijas dz\u012bv\u0101 sp\u0113ka zaud\u0113jumi sasniedz 1 196 740<\/p>\n<p>Krievijas karasp\u0113ka dz\u012bv\u0101 sp\u0113ka zaud\u0113jumi Ukrain\u0101 l\u012bdz sv\u0113tdienas r\u012btam sasniegu\u0161i 1 196 740 karav\u012brus, zi\u0146o Ukrainas armijas \u0123ener\u0101l\u0161t\u0101bs.<\/p>\n<p>Saska\u0146\u0101 ar \u0123ener\u0101l\u0161t\u0101ba datiem diennakts laik\u0101 izn\u012bcin\u0101ti 1130 iebruc\u0113ji.<\/p>\n<p>Kop\u0161 atk\u0101rtot\u0101 iebrukuma s\u0101kuma 2022. gada 24. febru\u0101r\u012b krievi zaud\u0113ju\u0161i 11 435 tankus, 23 770 bru\u0146utransportierus, 35 298 lielgabalus un m\u012bnmet\u0113jus, 1575 daudzl\u0101di\u0146u reakt\u012bv\u0101s iek\u0101rtas, 1263 zen\u012btartil\u0113rijas iek\u0101rtas, 432 lidma\u0161\u012bnas, 347 helikopterus, 92 604 bezpilota lidapar\u0101tus, 4073 sp\u0101rnot\u0101s ra\u0137etes, 28 ku\u0123us un \u0101trlaivas, divas zem\u016bdenes, 70 789 automobi\u013cus un autocisternas, k\u0101 ar\u012b 4029 specializ\u0113t\u0101s tehnikas vien\u012bbas.<\/p>\n<p>Krievijas zaud\u0113jumu apm\u0113rs tiek preciz\u0113ts, jo inform\u0101cijas ieguvi trauc\u0113 karadarb\u012bba.<\/p>\n","protected":false},"excerpt":{"rendered":"No tiem 75 droni notriekti vai neitraliz\u0113ti ar radioelektroniskiem c\u012b\u0146as l\u012bdzek\u013ciem. No 97 droniem aptuveni 60 bija uzbrukuma&hellip;\n","protected":false},"author":2,"featured_media":81804,"comment_status":"","ping_status":"","sticky":false,"template":"","format":"standard","meta":{"footnotes":""},"categories":[14],"tags":[23,57,28,29,32,33,22,74,30,31,35,39,38,36,37,34,40,20,26,27,24,25,54,55,56,21,58],"class_list":{"0":"post-81803","1":"post","2":"type-post","3":"status-publish","4":"format-standard","5":"has-post-thumbnail","7":"category-zinas-no-arvalstim","8":"tag-aktualitates","9":"tag-arvalstim","10":"tag-breaking-news","11":"tag-breakingnews","12":"tag-featured-news","13":"tag-featurednews","14":"tag-headlines","15":"tag-krievijas-iebrukums-ukraina","16":"tag-latest-news","17":"tag-latestnews","18":"tag-latvia","19":"tag-latvian","20":"tag-latviesu","21":"tag-latviesu-valoda","22":"tag-latviesuvaloda","23":"tag-latvija","24":"tag-lv","25":"tag-news","26":"tag-popularakas-zinas","27":"tag-popularakaszinas","28":"tag-top-stories","29":"tag-topstories","30":"tag-world","31":"tag-world-news","32":"tag-worldnews","33":"tag-zinas","34":"tag-zinas-no-arvalstim"},"share_on_mastodon":{"url":"https:\/\/pubeurope.com\/@lv\/115757332896590205","error":""},"_links":{"self":[{"href":"https:\/\/www.europesays.com\/lv\/wp-json\/wp\/v2\/posts\/81803","targetHints":{"allow":["GET"]}}],"collection":[{"href":"https:\/\/www.europesays.com\/lv\/wp-json\/wp\/v2\/posts"}],"about":[{"href":"https:\/\/www.europesays.com\/lv\/wp-json\/wp\/v2\/types\/post"}],"author":[{"embeddable":true,"href":"https:\/\/www.europesays.com\/lv\/wp-json\/wp\/v2\/users\/2"}],"replies":[{"embeddable":true,"href":"https:\/\/www.europesays.com\/lv\/wp-json\/wp\/v2\/comments?post=81803"}],"version-history":[{"count":0,"href":"https:\/\/www.europesays.com\/lv\/wp-json\/wp\/v2\/posts\/81803\/revisions"}],"wp:featuredmedia":[{"embeddable":true,"href":"https:\/\/www.europesays.com\/lv\/wp-json\/wp\/v2\/media\/81804"}],"wp:attachment":[{"href":"https:\/\/www.europesays.com\/lv\/wp-json\/wp\/v2\/media?parent=81803"}],"wp:term":[{"taxonomy":"category","embeddable":true,"href":"https:\/\/www.europesays.com\/lv\/wp-json\/wp\/v2\/categories?post=81803"},{"taxonomy":"post_tag","embeddable":true,"href":"https:\/\/www.europesays.com\/lv\/wp-json\/wp\/v2\/tags?post=81803"}],"curies":[{"name":"wp","href":"https:\/\/api.w.org\/{rel}","templated":true}]}}