{"id":81811,"date":"2025-12-21T11:36:09","date_gmt":"2025-12-21T11:36:09","guid":{"rendered":"https:\/\/www.europesays.com\/lv\/81811\/"},"modified":"2025-12-21T11:36:09","modified_gmt":"2025-12-21T11:36:09","slug":"vinas-veseliba-stavoklis-pasliktinas-norvegijas-kronprincesei-metei-maritai-varetu-but-nepieciesama-plausu-transplantacija","status":"publish","type":"post","link":"https:\/\/www.europesays.com\/lv\/81811\/","title":{"rendered":"&#8220;Vi\u0146as vesel\u012bba st\u0101voklis pasliktin\u0101s!&#8221; Norv\u0113\u0123ijas kro\u0146princesei M\u0113tei-Maritai var\u0113tu b\u016bt nepiecie\u0161ama plau\u0161u transplant\u0101cija"},"content":{"rendered":"<p data-end=\"1671\" data-start=\"1315\">Pils pazi\u0146ojum\u0101 uzsv\u0113rts, ka vi\u0146as ofici\u0101lais grafiks tiks piel\u0101gots princeses vesel\u012bbas st\u0101voklim. Pa\u0161laik v\u0113l nav pie\u0146emts l\u0113mums par princeses iek\u013cau\u0161anu transplant\u0101cijas gaid\u012b\u0161anas sarakst\u0101, ta\u010du sagatavo\u0161an\u0101s process jau ir s\u0101kts. \u0100rsti nor\u0101da, ka transplant\u0101cija b\u016bs nepiecie\u0161ama, tikl\u012bdz atrad\u012bsies piem\u0113rots donors, un viss tiek dar\u012bts, lai princese b\u016btu gatava \u0161im br\u012bdim.<\/p>\n","protected":false},"excerpt":{"rendered":"Pils pazi\u0146ojum\u0101 uzsv\u0113rts, ka vi\u0146as ofici\u0101lais grafiks tiks piel\u0101gots princeses vesel\u012bbas st\u0101voklim. Pa\u0161laik v\u0113l nav pie\u0146emts l\u0113mums par&hellip;\n","protected":false},"author":2,"featured_media":81812,"comment_status":"","ping_status":"","sticky":false,"template":"","format":"standard","meta":{"footnotes":""},"categories":[14],"tags":[23,57,28,29,32,33,22,30,31,35,39,38,36,37,34,40,20,26,27,24,25,54,55,56,21,58],"class_list":{"0":"post-81811","1":"post","2":"type-post","3":"status-publish","4":"format-standard","5":"has-post-thumbnail","7":"category-zinas-no-arvalstim","8":"tag-aktualitates","9":"tag-arvalstim","10":"tag-breaking-news","11":"tag-breakingnews","12":"tag-featured-news","13":"tag-featurednews","14":"tag-headlines","15":"tag-latest-news","16":"tag-latestnews","17":"tag-latvia","18":"tag-latvian","19":"tag-latviesu","20":"tag-latviesu-valoda","21":"tag-latviesuvaloda","22":"tag-latvija","23":"tag-lv","24":"tag-news","25":"tag-popularakas-zinas","26":"tag-popularakaszinas","27":"tag-top-stories","28":"tag-topstories","29":"tag-world","30":"tag-world-news","31":"tag-worldnews","32":"tag-zinas","33":"tag-zinas-no-arvalstim"},"share_on_mastodon":{"url":"https:\/\/pubeurope.com\/@lv\/115757356463256835","error":""},"_links":{"self":[{"href":"https:\/\/www.europesays.com\/lv\/wp-json\/wp\/v2\/posts\/81811","targetHints":{"allow":["GET"]}}],"collection":[{"href":"https:\/\/www.europesays.com\/lv\/wp-json\/wp\/v2\/posts"}],"about":[{"href":"https:\/\/www.europesays.com\/lv\/wp-json\/wp\/v2\/types\/post"}],"author":[{"embeddable":true,"href":"https:\/\/www.europesays.com\/lv\/wp-json\/wp\/v2\/users\/2"}],"replies":[{"embeddable":true,"href":"https:\/\/www.europesays.com\/lv\/wp-json\/wp\/v2\/comments?post=81811"}],"version-history":[{"count":0,"href":"https:\/\/www.europesays.com\/lv\/wp-json\/wp\/v2\/posts\/81811\/revisions"}],"wp:featuredmedia":[{"embeddable":true,"href":"https:\/\/www.europesays.com\/lv\/wp-json\/wp\/v2\/media\/81812"}],"wp:attachment":[{"href":"https:\/\/www.europesays.com\/lv\/wp-json\/wp\/v2\/media?parent=81811"}],"wp:term":[{"taxonomy":"category","embeddable":true,"href":"https:\/\/www.europesays.com\/lv\/wp-json\/wp\/v2\/categories?post=81811"},{"taxonomy":"post_tag","embeddable":true,"href":"https:\/\/www.europesays.com\/lv\/wp-json\/wp\/v2\/tags?post=81811"}],"curies":[{"name":"wp","href":"https:\/\/api.w.org\/{rel}","templated":true}]}}