{"id":81813,"date":"2025-12-21T11:37:21","date_gmt":"2025-12-21T11:37:21","guid":{"rendered":"https:\/\/www.europesays.com\/lv\/81813\/"},"modified":"2025-12-21T11:37:21","modified_gmt":"2025-12-21T11:37:21","slug":"ministrs-un-rojs-puke-parbauda-skolas-pusdienas-jurmala","status":"publish","type":"post","link":"https:\/\/www.europesays.com\/lv\/81813\/","title":{"rendered":"Ministrs un Rojs Pu\u0137e p\u0101rbauda skolas pusdienas J\u016brmal\u0101"},"content":{"rendered":"<p class=\"descr\">&#8220;\u0160oreiz bez br\u012bdin\u0101juma ierad\u0101mies J\u016brmalas Majoru vidusskol\u0101, lai pa\u0161i sav\u0101m ac\u012bm redz\u0113tu ar ko baro b\u0113rnus skol\u0101: vai \u0113diens ir pilnv\u0113rt\u012bgs un vai tas ir gar\u0161\u012bgs,&#8221; raksta \u0113st gatavo\u0161anas blogeris Rojs sav\u0101 &#8220;Facebook&#8221; kont\u0101.<\/p>\n<p>S\u0101kum\u0101, kad blogeris Rojs Pu\u0137e jeb visiem zin\u0101ms k\u0101 Pipars kop\u0101 ar Latvijas Republikas Labkl\u0101j\u012bbas ministru Reini Uzulnieku apmekl\u0113ju\u0161i min\u0113to skolas \u0113dn\u012bcu, lai vienk\u0101r\u0161i nopirktu pusdienas un pagar\u0161otu, ko b\u0113rniem skolas virtuve pied\u0101v\u0101, virtuves darbiniece apjuksi, jo t\u0101 no malas, ja neesi \u0161\u012bs skolas skol\u0113ns, skolot\u0101js vai cits person\u0101la darbinieks, iepirkties nemaz nevar.<\/p>\n<p>Tom\u0113r ministri bie\u017ei uz skolu nebrauc, t\u0101p\u0113c darbiniece nav atteikusi un sazvan\u012bjusi atbild\u012bgo, lai n\u0101kot \u0101tri uz \u0113dn\u012bcu. Galu gal\u0101, abi v\u012brie\u0161i \u0113dn\u012bc\u0101 ir ielaisti, kur vi\u0146i <a href=\"https:\/\/nra.lv\/tautaruna\/nebusanas\/477204-kas-tas-par-glotam-punki-foto-no-skolas-ednicas-satriec-vecakus.htm\" data-item-link=\"true\" data-item-id=\"477204\" rel=\"nofollow noopener\" target=\"_blank\">nobaud\u012bja skol\u0113niem pied\u0101v\u0101t\u0101s pusdienas. P\u0113c s\u0101t\u012bg\u0101s malt\u012btes Rojs nokoment\u0113ja \u0113damo. Vi\u0146\u0161 secin\u0101ja,<\/a> ka piln\u012bgi visiem \u0113dieniem tr\u016bkst s\u0101ls, t\u0101p\u0113c esot piln\u012bgi skaidrs, k\u0101p\u0113c skol\u0113ni izv\u0113las aiziet ap\u0113st k\u0101du ar s\u0101li p\u0101rpild\u012btu m\u012bklas izstr\u0101d\u0101jumu \u0101rpus skolas \u0113dn\u012bcas. T\u0101p\u0113c vi\u0146\u0161 jaut\u0101 atbild\u012bgajiem cilv\u0113kiem &#8211; vai tie\u0161\u0101m nav iesp\u0113jams p\u0101rkst\u012bt s\u0101ls daudzuma normat\u012bvas, jo b\u0113rniem t\u0101, ac\u012bm redzami, pietr\u016bkst. &#8220;Lab\u0101k, lai vi\u0146i to s\u0101li uz\u0146em kop\u0101 ar sabalans\u0113tu \u0113dienu,&#8221; secina Rojs Pu\u0137e jeb Pipars.<\/p>\n","protected":false},"excerpt":{"rendered":"&#8220;\u0160oreiz bez br\u012bdin\u0101juma ierad\u0101mies J\u016brmalas Majoru vidusskol\u0101, lai pa\u0161i sav\u0101m ac\u012bm redz\u0113tu ar ko baro b\u0113rnus skol\u0101: vai&hellip;\n","protected":false},"author":2,"featured_media":81814,"comment_status":"","ping_status":"","sticky":false,"template":"","format":"standard","meta":{"footnotes":""},"categories":[12],"tags":[23,28,29,32,33,22,30,31,35,39,38,36,37,34,40,20,26,27,24,25,21],"class_list":{"0":"post-81813","1":"post","2":"type-post","3":"status-publish","4":"format-standard","5":"has-post-thumbnail","7":"category-latvija","8":"tag-aktualitates","9":"tag-breaking-news","10":"tag-breakingnews","11":"tag-featured-news","12":"tag-featurednews","13":"tag-headlines","14":"tag-latest-news","15":"tag-latestnews","16":"tag-latvia","17":"tag-latvian","18":"tag-latviesu","19":"tag-latviesu-valoda","20":"tag-latviesuvaloda","21":"tag-latvija","22":"tag-lv","23":"tag-news","24":"tag-popularakas-zinas","25":"tag-popularakaszinas","26":"tag-top-stories","27":"tag-topstories","28":"tag-zinas"},"share_on_mastodon":{"url":"https:\/\/pubeurope.com\/@lv\/115757360416266261","error":""},"_links":{"self":[{"href":"https:\/\/www.europesays.com\/lv\/wp-json\/wp\/v2\/posts\/81813","targetHints":{"allow":["GET"]}}],"collection":[{"href":"https:\/\/www.europesays.com\/lv\/wp-json\/wp\/v2\/posts"}],"about":[{"href":"https:\/\/www.europesays.com\/lv\/wp-json\/wp\/v2\/types\/post"}],"author":[{"embeddable":true,"href":"https:\/\/www.europesays.com\/lv\/wp-json\/wp\/v2\/users\/2"}],"replies":[{"embeddable":true,"href":"https:\/\/www.europesays.com\/lv\/wp-json\/wp\/v2\/comments?post=81813"}],"version-history":[{"count":0,"href":"https:\/\/www.europesays.com\/lv\/wp-json\/wp\/v2\/posts\/81813\/revisions"}],"wp:featuredmedia":[{"embeddable":true,"href":"https:\/\/www.europesays.com\/lv\/wp-json\/wp\/v2\/media\/81814"}],"wp:attachment":[{"href":"https:\/\/www.europesays.com\/lv\/wp-json\/wp\/v2\/media?parent=81813"}],"wp:term":[{"taxonomy":"category","embeddable":true,"href":"https:\/\/www.europesays.com\/lv\/wp-json\/wp\/v2\/categories?post=81813"},{"taxonomy":"post_tag","embeddable":true,"href":"https:\/\/www.europesays.com\/lv\/wp-json\/wp\/v2\/tags?post=81813"}],"curies":[{"name":"wp","href":"https:\/\/api.w.org\/{rel}","templated":true}]}}