{"id":81821,"date":"2025-12-21T11:42:10","date_gmt":"2025-12-21T11:42:10","guid":{"rendered":"https:\/\/www.europesays.com\/lv\/81821\/"},"modified":"2025-12-21T11:42:10","modified_gmt":"2025-12-21T11:42:10","slug":"kremlis-noraida-trispuseju-sarunu-formatu-ar-ukrainu-un-asv","status":"publish","type":"post","link":"https:\/\/www.europesays.com\/lv\/81821\/","title":{"rendered":"Kremlis noraida tr\u012bspus\u0113ju sarunu form\u0101tu ar Ukrainu un ASV"},"content":{"rendered":"<p>Ukrainas prezidents Volodimirs Zelenskis sestdien pazi\u0146oja, ka <a href=\"https:\/\/www.apollo.lv\/term\/555410\/asv\" class=\"topicLink\" target=\"_blank\" rel=\"nofollow noopener\">ASV<\/a> ir ierosin\u0101ju\u0161as r\u012bkot miera sarunas kop\u0101 ar Ukrainas un Krievijas un, iesp\u0113jams, ar\u012b Eiropas valstu p\u0101rst\u0101vjiem.<\/p>\n<p>&#8220;Amerikas Savienot\u0101s Valstis teica, ka r\u012bkos atsevi\u0161\u0137u tik\u0161anos ar Krievijas p\u0101rst\u0101vjiem, un, cik es saprotu, vi\u0146i ierosin\u0101ja \u0161\u0101du form\u0101tu: <a href=\"https:\/\/www.apollo.lv\/term\/8497\/ukraina\" class=\"topicLink\" target=\"_blank\" rel=\"nofollow noopener\">Ukraina<\/a>, Amerika, &#8220;krievi&#8221; &#8211; un, t\u0101 k\u0101 tur ir ar\u012b Eiropas p\u0101rst\u0101vji, tad, iesp\u0113jams, ar\u012b Eiropa. K\u0101p\u0113c es saku, iesp\u0113jams? T\u0101p\u0113c, ka b\u016btu lo\u0123iski r\u012bkot \u0161\u0101du kop\u012bgu tik\u0161anos,&#8221; sac\u012bja Zelenskis.<\/p>\n<p>Ta\u010du p\u0113c tam vi\u0146\u0161 \u017eurn\u0101listiem atzina, ka &#8220;nav p\u0101rliecin\u0101ts, ka no t\u0101 var\u0113tu rasties kaut kas jauns,&#8221; un aicin\u0101ja ASV pastiprin\u0101t spiedienu uz Krieviju, lai t\u0101 izbeigtu karu.<\/p>\n<p>Krievijas diktatora Vladimira Putina \u0101rpolitikas padomnieks Jurijs U\u0161akovs \u0161odien pazi\u0146oja, ka &#8220;pa\u0161laik neviens nav nopietni apspriedis \u0161o iniciat\u012bvu [par tr\u012bspus\u0113j\u0101m sarun\u0101m], un, cik man zin\u0101ms, t\u0101 netiek gatavota&#8221;.<\/p>\n<p>U\u0161akovs ar\u012b apgalvoja, ka vi\u0146\u0161 nav redz\u0113jis p\u0101rskat\u012bto ASV priek\u0161likumu par kara izbeig\u0161anu p\u0113c sarun\u0101m starp ASV, Ukrainas un Eiropas komand\u0101m.<\/p>\n","protected":false},"excerpt":{"rendered":"Ukrainas prezidents Volodimirs Zelenskis sestdien pazi\u0146oja, ka ASV ir ierosin\u0101ju\u0161as r\u012bkot miera sarunas kop\u0101 ar Ukrainas un Krievijas&hellip;\n","protected":false},"author":2,"featured_media":27414,"comment_status":"","ping_status":"","sticky":false,"template":"","format":"standard","meta":{"footnotes":""},"categories":[14],"tags":[23,57,292,28,29,32,33,22,3131,234,74,30,31,35,39,38,36,37,34,40,20,26,27,24,25,276,54,55,56,21,58],"class_list":{"0":"post-81821","1":"post","2":"type-post","3":"status-publish","4":"format-standard","5":"has-post-thumbnail","7":"category-zinas-no-arvalstim","8":"tag-aktualitates","9":"tag-arvalstim","10":"tag-asv","11":"tag-breaking-news","12":"tag-breakingnews","13":"tag-featured-news","14":"tag-featurednews","15":"tag-headlines","16":"tag-kars","17":"tag-krievija","18":"tag-krievijas-iebrukums-ukraina","19":"tag-latest-news","20":"tag-latestnews","21":"tag-latvia","22":"tag-latvian","23":"tag-latviesu","24":"tag-latviesu-valoda","25":"tag-latviesuvaloda","26":"tag-latvija","27":"tag-lv","28":"tag-news","29":"tag-popularakas-zinas","30":"tag-popularakaszinas","31":"tag-top-stories","32":"tag-topstories","33":"tag-ukraina","34":"tag-world","35":"tag-world-news","36":"tag-worldnews","37":"tag-zinas","38":"tag-zinas-no-arvalstim"},"share_on_mastodon":{"url":"https:\/\/pubeurope.com\/@lv\/115757379977990989","error":""},"_links":{"self":[{"href":"https:\/\/www.europesays.com\/lv\/wp-json\/wp\/v2\/posts\/81821","targetHints":{"allow":["GET"]}}],"collection":[{"href":"https:\/\/www.europesays.com\/lv\/wp-json\/wp\/v2\/posts"}],"about":[{"href":"https:\/\/www.europesays.com\/lv\/wp-json\/wp\/v2\/types\/post"}],"author":[{"embeddable":true,"href":"https:\/\/www.europesays.com\/lv\/wp-json\/wp\/v2\/users\/2"}],"replies":[{"embeddable":true,"href":"https:\/\/www.europesays.com\/lv\/wp-json\/wp\/v2\/comments?post=81821"}],"version-history":[{"count":0,"href":"https:\/\/www.europesays.com\/lv\/wp-json\/wp\/v2\/posts\/81821\/revisions"}],"wp:featuredmedia":[{"embeddable":true,"href":"https:\/\/www.europesays.com\/lv\/wp-json\/wp\/v2\/media\/27414"}],"wp:attachment":[{"href":"https:\/\/www.europesays.com\/lv\/wp-json\/wp\/v2\/media?parent=81821"}],"wp:term":[{"taxonomy":"category","embeddable":true,"href":"https:\/\/www.europesays.com\/lv\/wp-json\/wp\/v2\/categories?post=81821"},{"taxonomy":"post_tag","embeddable":true,"href":"https:\/\/www.europesays.com\/lv\/wp-json\/wp\/v2\/tags?post=81821"}],"curies":[{"name":"wp","href":"https:\/\/api.w.org\/{rel}","templated":true}]}}