{"id":81828,"date":"2025-12-21T11:50:16","date_gmt":"2025-12-21T11:50:16","guid":{"rendered":"https:\/\/www.europesays.com\/lv\/81828\/"},"modified":"2025-12-21T11:50:16","modified_gmt":"2025-12-21T11:50:16","slug":"burvju-mezs-karuselis-un-balta-ziema-ziemassvetki-proto-pasaule","status":"publish","type":"post","link":"https:\/\/www.europesays.com\/lv\/81828\/","title":{"rendered":"Burvju me\u017es, karuselis un balta ziema \u2013 Ziemassv\u0113tki PROTO pasaul\u0113"},"content":{"rendered":"<p>Pie PROTO vasaras terases kupoliem apmekl\u0113t\u0101jus sagaida liela Ziemassv\u0113tku egle, kuras milz\u012bgaj\u0101s sarkanaj\u0101s bumbas var spogu\u013coties pats un taj\u0101s spogu\u013cojas visa apk\u0101rtne.<\/p>\n<p>            <img loading=\"lazy\" decoding=\"async\" class=\"size-thumbnail wp-image-3703194 skaties-content-image\" src=\"https:\/\/www.europesays.com\/lv\/wp-content\/uploads\/2025\/12\/8802-69446f842b065-672x896.jpeg\" alt=\"\" width=\"672\" height=\"896\"  \/><\/p>\n<p>                Ziemasv\u0113tku pie PROTO Izgudrojumu fabrikas. FOTO: SOLVITA SEIKSTE\/TV3.LV<\/p>\n<p>K\u0101 jau pie j\u016bras p\u016b\u0161 ass v\u0113j\u0161, t\u0101p\u0113c arvien \u0101tr\u0101k gribas nok\u013c\u016bt PROTO Ziemassv\u0113tku zem\u0113, jo beez egles kvart\u0101l\u0101 paties\u012bb\u0101 nekas neliecina par Ziemassv\u0113tkiem.<\/p>\n<p>Atverot durvis nemaz nevar nojaut, kur ir \u0161\u012b Ziemassv\u0113tku zeme. T\u0101 ir nosl\u0113pusies t\u0101l\u0101kaj\u0101 izgudrojumu fabrikas z\u0101l\u0113. Vispirms j\u0101izm\u0113\u0123ina pied\u0101v\u0101tas atrakcijas, un tikai aiz PROTO m\u0101j\u012bg\u0101s kafejn\u012bcas Ziemassv\u0113tku zemes virzienu nodot \u012bpa\u0161\u0101 egl\u012b\u0161u smar\u017ea. To decembr\u012b nevar sajaukt ne ar vienu. Smar\u017ea, kas sirsni\u0146ai liek iek\u0146ud\u0113ties un pukst\u0113t strauj\u0101k.<\/p>\n<p>Ziemassv\u0113tkos egl\u012bte tiek iecelta goda viet\u0101, rot\u0101ta un posta, lai spo\u017ei mirdz laik\u0101, kad ejam uz gaismu. Egl\u012bte \u013cauj gan lieliem, gan maziem notic\u0113t br\u012bnumam.<\/p>\n<p>Pastaig\u0101 \u201cBurvju me\u017es\u201d apmekl\u0113t\u0101jus ieskauj mirdzo\u0161as un rot\u0113jo\u0161as Ziemassv\u0113tku egles da\u017e\u0101dos augstumos, k\u0101 ar\u012b sv\u0113tku instal\u0101cijas, kas veidotas no otrreiz lietojamiem materi\u0101liem, piem\u0113ram igau\u0146u popul\u0101r\u0101 sald\u0113juma \u201cEskimo\u201d kast\u012bt\u0113m.<\/p>\n<p>Z\u0101les centr\u0101 starp egl\u012bt\u0113m goda vietu ie\u0146\u0113mis karuselis, kas vizina mazos apmekl\u0113t\u0101jus.<\/p>\n<p>Liel\u0101kais p\u0101rsteigums sl\u0113pjas st\u016bri aiz skapja durv\u012bm. Uz br\u012bdi saj\u016btos k\u0101 Alise br\u012bnumzem\u0113, kas ver nezin\u0101mas durvis. Mazliet bail\u012bgi, bet zi\u0146k\u0101r\u012bba ir tik liela, ka l\u0113n\u0101m t\u0101s durvis atveru. P\u0101rsteigum\u0101 ieple\u0161as acis \u2013 balta ziema ar \u012bstu Ziemassv\u0113tku egl\u012bti zem kuras saliktas d\u0101vanas. Ja uzvilksi 3D brilles nok\u013c\u016bsi v\u0113l \u201c\u012bst\u0101k\u0101\u201d ziem\u0101, kur snieg un taj\u0101 st\u0101v mazas stirni\u0146as. Pasaka!<\/p>\n","protected":false},"excerpt":{"rendered":"Pie PROTO vasaras terases kupoliem apmekl\u0113t\u0101jus sagaida liela Ziemassv\u0113tku egle, kuras milz\u012bgaj\u0101s sarkanaj\u0101s bumbas var spogu\u013coties pats un&hellip;\n","protected":false},"author":2,"featured_media":81829,"comment_status":"","ping_status":"","sticky":false,"template":"","format":"standard","meta":{"footnotes":""},"categories":[5],"tags":[23,28,29,20623,32,33,22,30,31,35,39,38,36,37,34,40,20,26,27,24,25,21],"class_list":{"0":"post-81828","1":"post","2":"type-post","3":"status-publish","4":"format-standard","5":"has-post-thumbnail","7":"category-aktualitates","8":"tag-aktualitates","9":"tag-breaking-news","10":"tag-breakingnews","11":"tag-dzivesstila-redaktors-iesakanoblesnera-apkaimeproto-izgudrojumu-fabrikatallinaziemassvetkiziemassvetku-egles","12":"tag-featured-news","13":"tag-featurednews","14":"tag-headlines","15":"tag-latest-news","16":"tag-latestnews","17":"tag-latvia","18":"tag-latvian","19":"tag-latviesu","20":"tag-latviesu-valoda","21":"tag-latviesuvaloda","22":"tag-latvija","23":"tag-lv","24":"tag-news","25":"tag-popularakas-zinas","26":"tag-popularakaszinas","27":"tag-top-stories","28":"tag-topstories","29":"tag-zinas"},"share_on_mastodon":{"url":"https:\/\/pubeurope.com\/@lv\/115757411613439556","error":""},"_links":{"self":[{"href":"https:\/\/www.europesays.com\/lv\/wp-json\/wp\/v2\/posts\/81828","targetHints":{"allow":["GET"]}}],"collection":[{"href":"https:\/\/www.europesays.com\/lv\/wp-json\/wp\/v2\/posts"}],"about":[{"href":"https:\/\/www.europesays.com\/lv\/wp-json\/wp\/v2\/types\/post"}],"author":[{"embeddable":true,"href":"https:\/\/www.europesays.com\/lv\/wp-json\/wp\/v2\/users\/2"}],"replies":[{"embeddable":true,"href":"https:\/\/www.europesays.com\/lv\/wp-json\/wp\/v2\/comments?post=81828"}],"version-history":[{"count":0,"href":"https:\/\/www.europesays.com\/lv\/wp-json\/wp\/v2\/posts\/81828\/revisions"}],"wp:featuredmedia":[{"embeddable":true,"href":"https:\/\/www.europesays.com\/lv\/wp-json\/wp\/v2\/media\/81829"}],"wp:attachment":[{"href":"https:\/\/www.europesays.com\/lv\/wp-json\/wp\/v2\/media?parent=81828"}],"wp:term":[{"taxonomy":"category","embeddable":true,"href":"https:\/\/www.europesays.com\/lv\/wp-json\/wp\/v2\/categories?post=81828"},{"taxonomy":"post_tag","embeddable":true,"href":"https:\/\/www.europesays.com\/lv\/wp-json\/wp\/v2\/tags?post=81828"}],"curies":[{"name":"wp","href":"https:\/\/api.w.org\/{rel}","templated":true}]}}