{"id":81835,"date":"2025-12-21T11:56:13","date_gmt":"2025-12-21T11:56:13","guid":{"rendered":"https:\/\/www.europesays.com\/lv\/81835\/"},"modified":"2025-12-21T11:56:13","modified_gmt":"2025-12-21T11:56:13","slug":"spradziens-tirdzniecibas-centra-tallina-papildinats","status":"publish","type":"post","link":"https:\/\/www.europesays.com\/lv\/81835\/","title":{"rendered":"Spr\u0101dziens tirdzniec\u012bbas centr\u0101 Tallin\u0101 [papildin\u0101ts]"},"content":{"rendered":"<p class=\"descr\">Sestdienas vakar\u0101, 20. decembr\u012b, Tallin\u0101, tirdzniec\u012bbas centr\u0101 &#8220;\u00dclemiste&#8221; notika spr\u0101dziens. Notikuma viet\u0101 str\u0101d\u0101 policija un medi\u0137i, v\u0113sta Postimees.<\/p>\n<p>Cilv\u0113ki tiek aicin\u0101ti palikt pa gabalu no tirdzniec\u012bbas centra, kam\u0113r taj\u0101 str\u0101d\u0101 sapieri.<\/p>\n<p>K\u0101 zi\u0146o Gl\u0101b\u0161anas departamenta preses sekret\u0101rs, gl\u0101b\u0113ji izsaukumu sa\u0146\u0113ma plkst. 18:47. Spr\u0101dziena d\u0113\u013c no tirdzniec\u012bbas centra tika evaku\u0113ti iepirk\u0161an\u0101s centra apmekl\u0113t\u0101ji. Viens cilv\u0113ks hospitaliz\u0113ts.<\/p>\n<p>Gl\u0101b\u0113ji apstiprin\u0101ja, ka uzspr\u0101gusi atkritumu tvertne, ievainojot vienu cilv\u0113ku un nog\u0101d\u0101jot vi\u0146u slimn\u012bc\u0101. K\u0101 zi\u0146o &#8220;Postimees&#8221;, spr\u0101dziens noticis net\u0101lu no &#8220;Apollo&#8221; veikala. Prec\u012bzi incidenta apst\u0101k\u013ci tiek izmekl\u0113ti, un izmekl\u0113\u0161anu vad\u012bs Dro\u0161\u012bbas policija.<\/p>\n<p>&#8220;\u0160odien &#8220;\u00dclemiste&#8221; iepirk\u0161an\u0101s centrs darbojas k\u0101 ierasts. Esam p\u0101rskat\u012bju\u0161i savus dro\u0161\u012bbas pas\u0101kumus un pastiprin\u0101ju\u0161i apsardzes komandu, lai nodro\u0161in\u0101tu visu apmekl\u0113t\u0101ju un darbinieku dro\u0161\u012bbu,&#8221; paskaidroja tirdzniec\u012bbas cetra marketinga vad\u012bt\u0101ja T\u012bna Nomma.<\/p>\n<p>Papildin\u0101ts 10:30. <\/p>\n<p>Igaunijas Dro\u0161\u012bbas policija (KaPo) pazi\u0146ojusi, ka sestdien Tallinas tirdzniec\u012bbas centr\u0101 notiku\u0161ais spr\u0101dziens atkritumu tvertn\u0113 ir atsevi\u0161\u0137s incidents, un pagaid\u0101m izsl\u0113dz terorisma draudus.<\/p>\n<p>Sestdien Igaunijas liel\u0101kaj\u0101 tirdzniec\u012bbas centr\u0101 &#8220;\u00dclemiste&#8221; Tallin\u0101 eksplod\u0113ja atkritumu tvertne, ievainojot net\u0101lu eso\u0161o centra darbinieku. Cietu\u0161ajam bija nepiecie\u0161ama hospitaliz\u0113\u0161ana, bet vi\u0146a st\u0101voklis nav dz\u012bv\u012bbai b\u012bstams.<\/p>\n<p>&#8220;\u0160obr\u012bd nekas neliecina, ka \u0161is ir ar terorismu vai ekstr\u0113mismu saist\u012bts gad\u012bjums. Draudu l\u012bmenis nav paaugstin\u0101ts, un pa\u0161reiz\u0113jie pier\u0101d\u012bjumi nor\u0101da uz izol\u0113tu incidentu,&#8221; pazi\u0146oja Igaunijas Dro\u0161\u012bbas policijas \u0123ener\u0101ldirektors Margo Pallosons<\/p>\n<p>Nakt\u012b lielveikals tika p\u0101rmekl\u0113ts, nek\u0101di citi draudi netika atkl\u0101ti, un \u0161odien veikals ats\u0101cis darbu.<\/p>\n<p>Igaunijas Policijas un robe\u017esardzes departamenta \u0123ener\u0101ldirektors Egerts Be\u013ci\u010devs atzina, ka spr\u0101dziens ned\u0113\u013cas nogal\u0113 pirms Ziemassv\u0113tkiem &#8220;saprotami daudziem rada bailes un apjukumu&#8221;.<\/p>\n<p>&#8220;Lai uztur\u0113tu dro\u0161\u012bbas saj\u016btu Igaunijas sabiedr\u012bb\u0101, esam nol\u0113mu\u0161i sv\u0113tku laik\u0101 palielin\u0101t savu kl\u0101tb\u016btni (..) p\u0101rpild\u012bt\u0101s viet\u0101s,&#8221; pazi\u0146oja Be\u013ci\u010devs.<\/p>\n<p>Policija ir sazin\u0101jusies ar tirdzniec\u012bbas centriem un to apsardzes dienestiem vis\u0101 Igaunij\u0101 un sniegusi tiem r\u012bc\u012bbas vadl\u012bnijas.<\/p>\n<p>Igaunijas Policijas un robe\u017esardzes departaments aicin\u0101ja visus, kuri pamana kaut ko aizdom\u012bgu, piem\u0113ram, bez pieskat\u012b\u0161anas pamestus priek\u0161metus vai personas, kas izturas aizdom\u012bgi, zi\u0146ot par to policijai.<\/p>\n<p>\t\t\t\t\t\tinfo<\/p>\n<p>Uzzini pirmais<br \/>kas interesants noticis Latvij\u0101 un pasaul\u0113,<br \/>pievienojoties mums <a href=\"https:\/\/t.me\/neatkariga\" rel=\"nofollow\">Telegram<\/a> vai <a href=\"https:\/\/whatsapp.com\/channel\/0029VaMLFUH5K3zLU5s4wm3y\" rel=\"nofollow noopener\" target=\"_blank\">Whatsapp<\/a> kan\u0101l\u0101<\/p>\n","protected":false},"excerpt":{"rendered":"Sestdienas vakar\u0101, 20. decembr\u012b, Tallin\u0101, tirdzniec\u012bbas centr\u0101 &#8220;\u00dclemiste&#8221; notika spr\u0101dziens. Notikuma viet\u0101 str\u0101d\u0101 policija un medi\u0137i, v\u0113sta Postimees.&hellip;\n","protected":false},"author":2,"featured_media":81836,"comment_status":"","ping_status":"","sticky":false,"template":"","format":"standard","meta":{"footnotes":""},"categories":[5],"tags":[23,28,29,32,33,22,30,31,35,39,38,36,37,34,40,20,26,27,24,25,21],"class_list":{"0":"post-81835","1":"post","2":"type-post","3":"status-publish","4":"format-standard","5":"has-post-thumbnail","7":"category-aktualitates","8":"tag-aktualitates","9":"tag-breaking-news","10":"tag-breakingnews","11":"tag-featured-news","12":"tag-featurednews","13":"tag-headlines","14":"tag-latest-news","15":"tag-latestnews","16":"tag-latvia","17":"tag-latvian","18":"tag-latviesu","19":"tag-latviesu-valoda","20":"tag-latviesuvaloda","21":"tag-latvija","22":"tag-lv","23":"tag-news","24":"tag-popularakas-zinas","25":"tag-popularakaszinas","26":"tag-top-stories","27":"tag-topstories","28":"tag-zinas"},"share_on_mastodon":{"url":"https:\/\/pubeurope.com\/@lv\/115757435075712698","error":""},"_links":{"self":[{"href":"https:\/\/www.europesays.com\/lv\/wp-json\/wp\/v2\/posts\/81835","targetHints":{"allow":["GET"]}}],"collection":[{"href":"https:\/\/www.europesays.com\/lv\/wp-json\/wp\/v2\/posts"}],"about":[{"href":"https:\/\/www.europesays.com\/lv\/wp-json\/wp\/v2\/types\/post"}],"author":[{"embeddable":true,"href":"https:\/\/www.europesays.com\/lv\/wp-json\/wp\/v2\/users\/2"}],"replies":[{"embeddable":true,"href":"https:\/\/www.europesays.com\/lv\/wp-json\/wp\/v2\/comments?post=81835"}],"version-history":[{"count":0,"href":"https:\/\/www.europesays.com\/lv\/wp-json\/wp\/v2\/posts\/81835\/revisions"}],"wp:featuredmedia":[{"embeddable":true,"href":"https:\/\/www.europesays.com\/lv\/wp-json\/wp\/v2\/media\/81836"}],"wp:attachment":[{"href":"https:\/\/www.europesays.com\/lv\/wp-json\/wp\/v2\/media?parent=81835"}],"wp:term":[{"taxonomy":"category","embeddable":true,"href":"https:\/\/www.europesays.com\/lv\/wp-json\/wp\/v2\/categories?post=81835"},{"taxonomy":"post_tag","embeddable":true,"href":"https:\/\/www.europesays.com\/lv\/wp-json\/wp\/v2\/tags?post=81835"}],"curies":[{"name":"wp","href":"https:\/\/api.w.org\/{rel}","templated":true}]}}