{"id":81841,"date":"2025-12-21T12:00:08","date_gmt":"2025-12-21T12:00:08","guid":{"rendered":"https:\/\/www.europesays.com\/lv\/81841\/"},"modified":"2025-12-21T12:00:08","modified_gmt":"2025-12-21T12:00:08","slug":"spaniju-pirmo-reizi-kops-1984-gada-skaris-cuku-meris","status":"publish","type":"post","link":"https:\/\/www.europesays.com\/lv\/81841\/","title":{"rendered":"Sp\u0101niju, pirmo reizi kop\u0161 1984. gada, sk\u0101ris c\u016bku m\u0113ris"},"content":{"rendered":"<p class=\"descr\">Sp\u0101nijas varas iest\u0101des pazi\u0146oja, ka izmekl\u0113 piecas laboratorijas, cen\u0161oties atrast \u0100frikas c\u016bku m\u0113ra uzliesmojuma avotu, kas satraucis Eiropas vado\u0161o c\u016bkga\u013cas ra\u017eot\u0101jvalsti, v\u0113sta \u201cCTV News\u201d.<\/p>\n<p><a href=\"https:\/\/nra.lv\/birka\/spanija\/\" target=\"_blank\" rel=\"noopener nofollow\">Sp\u0101nijas<\/a> Lauksaimniec\u012bbas ministrija piektdien pazi\u0146oja, ka identific\u0113tais v\u012bruss ir \u201c\u013coti l\u012bdz\u012bgs\u201d celmam, ko laboratorij\u0101s bie\u017ei izmanto infekciju test\u0113\u0161anai.<\/p>\n<p>Varasiest\u0101des ir izvietoju\u0161as desmitiem karav\u012bru, lai pal\u012bdz\u0113tu izsekot un ierobe\u017eot <a href=\"https:\/\/nra.lv\/pasaule\/506706-listerijas-uzliesmojums-asv-sesi-mirusie-un-grutnieces-zaudets-bernins.htm\" data-item-link=\"true\" data-item-id=\"506706\" rel=\"nofollow noopener\" target=\"_blank\">uzliesmojumu<\/a>, kas notika Katalonijas zieme\u013caustrumu re\u0123ion\u0101, kur kop\u0161 28. novembra ir konstat\u0113ti 13 gad\u012bjumi.<\/p>\n<p>Uzliesmojuma d\u0113\u013c tre\u0161da\u013ca no 100 valst\u012bm, kas import\u0113 Sp\u0101nijas <a href=\"https:\/\/nra.lv\/birka\/cukgala\/\" target=\"_blank\" rel=\"noopener nofollow\">c\u016bkga\u013cas<\/a> produktus, dro\u0161\u012bbas nol\u016bkos ir aptur\u0113ju\u0161as pieg\u0101des.<\/p>\n<p>K\u0101 zin\u0101ms, <a href=\"https:\/\/nra.lv\/birka\/cuku-meris\/\" target=\"_blank\" rel=\"noopener nofollow\">c\u016bku m\u0113ris<\/a> neskar cilv\u0113kus, bet ir \u013coti lip\u012bgs un n\u0101v\u0113jo\u0161s c\u016bk\u0101m.<\/p>\n<p>Piecas izmekl\u0113jam\u0101s <a href=\"https:\/\/nra.lv\/birka\/laboratorija\/\" target=\"_blank\" rel=\"noopener nofollow\">laboratorijas<\/a> atrodas 20 kilometru r\u0101dius\u0101 ap uzliesmojuma vietu, preses konferenc\u0113 pazi\u0146oja Katalonijas re\u0123ion\u0101lais prezidents Salvadors Ilja.<\/p>\n<p>Vi\u0146\u0161 ar\u012b teica, ka 80 000 c\u016bku 55 <a href=\"https:\/\/nra.lv\/birka\/lopkopiba\/\" target=\"_blank\" rel=\"noopener nofollow\">lopkop\u012bbas<\/a> saimniec\u012bb\u0101s riska zon\u0101 ir veselas un der\u012bgas lieto\u0161anai p\u0101rtik\u0101, un ka pak\u0101peniski \u201ct\u0101s var\u0113s piln\u012bgi dro\u0161i p\u0101rdot Sp\u0101nijas tirg\u016b\u201d.<\/p>\n<p>\u0100frikas c\u016bku m\u0113ra uzliesmojumu Sp\u0101nija piedz\u012bvo pirmo reizi kop\u0161 1994. gada.<\/p>\n<p>\t\t\t\t\t\tinfo<\/p>\n<p>Uzzini pirmais<br \/>kas interesants noticis Latvij\u0101 un pasaul\u0113,<br \/>pievienojoties mums <a href=\"https:\/\/t.me\/neatkariga\" rel=\"nofollow\">Telegram<\/a> vai <a href=\"https:\/\/whatsapp.com\/channel\/0029VaMLFUH5K3zLU5s4wm3y\" rel=\"nofollow noopener\" target=\"_blank\">Whatsapp<\/a> kan\u0101l\u0101<\/p>\n","protected":false},"excerpt":{"rendered":"Sp\u0101nijas varas iest\u0101des pazi\u0146oja, ka izmekl\u0113 piecas laboratorijas, cen\u0161oties atrast \u0100frikas c\u016bku m\u0113ra uzliesmojuma avotu, kas satraucis Eiropas&hellip;\n","protected":false},"author":2,"featured_media":81842,"comment_status":"","ping_status":"","sticky":false,"template":"","format":"standard","meta":{"footnotes":""},"categories":[14],"tags":[23,57,28,29,32,33,22,30,31,35,39,38,36,37,34,40,20,26,27,24,25,54,55,56,21,58],"class_list":{"0":"post-81841","1":"post","2":"type-post","3":"status-publish","4":"format-standard","5":"has-post-thumbnail","7":"category-zinas-no-arvalstim","8":"tag-aktualitates","9":"tag-arvalstim","10":"tag-breaking-news","11":"tag-breakingnews","12":"tag-featured-news","13":"tag-featurednews","14":"tag-headlines","15":"tag-latest-news","16":"tag-latestnews","17":"tag-latvia","18":"tag-latvian","19":"tag-latviesu","20":"tag-latviesu-valoda","21":"tag-latviesuvaloda","22":"tag-latvija","23":"tag-lv","24":"tag-news","25":"tag-popularakas-zinas","26":"tag-popularakaszinas","27":"tag-top-stories","28":"tag-topstories","29":"tag-world","30":"tag-world-news","31":"tag-worldnews","32":"tag-zinas","33":"tag-zinas-no-arvalstim"},"share_on_mastodon":{"url":"https:\/\/pubeurope.com\/@lv\/115757450734483190","error":""},"_links":{"self":[{"href":"https:\/\/www.europesays.com\/lv\/wp-json\/wp\/v2\/posts\/81841","targetHints":{"allow":["GET"]}}],"collection":[{"href":"https:\/\/www.europesays.com\/lv\/wp-json\/wp\/v2\/posts"}],"about":[{"href":"https:\/\/www.europesays.com\/lv\/wp-json\/wp\/v2\/types\/post"}],"author":[{"embeddable":true,"href":"https:\/\/www.europesays.com\/lv\/wp-json\/wp\/v2\/users\/2"}],"replies":[{"embeddable":true,"href":"https:\/\/www.europesays.com\/lv\/wp-json\/wp\/v2\/comments?post=81841"}],"version-history":[{"count":0,"href":"https:\/\/www.europesays.com\/lv\/wp-json\/wp\/v2\/posts\/81841\/revisions"}],"wp:featuredmedia":[{"embeddable":true,"href":"https:\/\/www.europesays.com\/lv\/wp-json\/wp\/v2\/media\/81842"}],"wp:attachment":[{"href":"https:\/\/www.europesays.com\/lv\/wp-json\/wp\/v2\/media?parent=81841"}],"wp:term":[{"taxonomy":"category","embeddable":true,"href":"https:\/\/www.europesays.com\/lv\/wp-json\/wp\/v2\/categories?post=81841"},{"taxonomy":"post_tag","embeddable":true,"href":"https:\/\/www.europesays.com\/lv\/wp-json\/wp\/v2\/tags?post=81841"}],"curies":[{"name":"wp","href":"https:\/\/api.w.org\/{rel}","templated":true}]}}