{"id":81845,"date":"2025-12-21T12:03:07","date_gmt":"2025-12-21T12:03:07","guid":{"rendered":"https:\/\/www.europesays.com\/lv\/81845\/"},"modified":"2025-12-21T12:03:07","modified_gmt":"2025-12-21T12:03:07","slug":"koncerts-peksni-gaisma-savieno-folkloru-ar-grupas-sudden-lights-energiju-lente-lv","status":"publish","type":"post","link":"https:\/\/www.europesays.com\/lv\/81845\/","title":{"rendered":"Koncerts \u201cP\u0113k\u0161\u0146i gaism\u0101\u201d savieno folkloru ar grupas \u201cSudden Lights\u201d ener\u0123iju\u00a0\u2014\u00a0Lente.lv"},"content":{"rendered":"<p>Gaismas un siltuma mekl\u0113jumi uz Dailes skatuves<\/p>\n<p>Sv\u0113tku laikam tuvojoties, Dailes te\u0101tris iel\u016bdz skat\u012bt\u0101jus uz \u012bpa\u0161u Ziemassv\u0113tku koncertu ar nosaukumu \u201cP\u0113k\u0161\u0146i gaism\u0101\u201d. K\u0101 zi\u0146o telekan\u0101ls TV3, \u0161is notikums Dailes te\u0101tra Lielaj\u0101 z\u0101l\u0113 apvieno Dailes 10. studijas jaunos aktierus ar taut\u0101 iem\u012b\u013coto grupu \u201cSudden Lights\u201d. Pas\u0101kuma centr\u0101 ir jaut\u0101jums par to, ko tie\u0161i Ziemassv\u0113tki noz\u012bm\u0113 jaunajai paaudzei un k\u0101 ikvienam no mums sasniegt to neaizmirstamo, balto un silto sv\u0113tku saj\u016btu, kas rakstur\u012bga \u0161im laikam.<\/p>\n<p>Trad\u012bcijas satiek m\u016bsdienu ritmu<\/p>\n<p>Koncertprogramma veidota k\u0101 emocion\u0101ls tilts, kas savieno sen\u010du latvie\u0161u trad\u012bcijas ar m\u016bsdienu izj\u016bt\u0101m. Uz skatuves skan\u0113s gan tautasdziesmas, gan grupas \u201cSudden Lights\u201d jaun\u0101k\u0101s kompoz\u012bcijas, radot ener\u0123ijas pilnu un dzirksto\u0161u sv\u0113tku atmosf\u0113ru. \u0160\u0101da muzik\u0101l\u0101 apvienojum\u0101 tiek apl\u016bkotas latvie\u0161u Ziemassv\u0113tku para\u017eas cauri laikiem, savijot zin\u0101\u0161anas par sen\u010du ritu\u0101liem ar pa\u0161u piedz\u012bvoto un sajusto. Pirmizr\u0101de notika 19. decembr\u012b, un, sprie\u017eot p\u0113c atsauksm\u0113m, pas\u0101kums jau pirmaj\u0101s dien\u0101s rais\u012bjis sp\u0113c\u012bgas p\u0101rdomas par person\u012bgaj\u0101m sv\u0113tku atmi\u0146\u0101m.<\/p>\n<p>Aiz projekta st\u0101vo\u0161ie profesion\u0101\u013ci<\/p>\n<p>Aiz \u0161\u012b muzik\u0101l\u0101 projekta st\u0101v iev\u0113rojama rado\u0161\u0101 komanda. Izr\u0101des re\u017eisora lom\u0101 ir uztic\u0113ts J\u0101nis Znoti\u0146\u0161, dramatur\u0123ijas darbu veidojusi Ance Mui\u017eniece, bet vizu\u0101lo noform\u0113jumu \u2013 scenogr\u0101fiju un kost\u012bmus \u2013 rad\u012bjusi modes m\u0101ksliniece Pamela But\u0101ne. Par muzik\u0101lo vad\u012bbu atbild Juris Vaivods, savuk\u0101rt horeogr\u0101fiju izveid\u0113 iesaist\u012bta Liene Grava. \u0160\u0101ds profesion\u0101\u013cu kopums sola skat\u012bt\u0101jiem gan saturiski, gan vizu\u0101li bag\u0101tu kult\u016bras pieredzi.<\/p>\n<p>Izr\u0101\u017eu noslogojums<\/p>\n<p>Jau s\u0101kotn\u0113ji interese par koncertu bijusi \u013coti augsta. Liel\u0101k\u0101 da\u013ca paredz\u0113to datumu, tostarp jau 21. decembr\u012b, Dailes te\u0101tra Lielaj\u0101 z\u0101l\u0113, ir izp\u0101rdoti, kas liecina par gaid\u0101m\u0101 notikuma aktualit\u0101ti. T\u0101 k\u0101 piepras\u012bjums ir liels, tika izsludin\u0101ti ar\u012b papildkoncerti, tom\u0113r ar\u012b tie \u0101tri guva lielu atsauc\u012bbu no skat\u012bt\u0101ju puses.<\/p>\n","protected":false},"excerpt":{"rendered":"Gaismas un siltuma mekl\u0113jumi uz Dailes skatuves Sv\u0113tku laikam tuvojoties, Dailes te\u0101tris iel\u016bdz skat\u012bt\u0101jus uz \u012bpa\u0161u Ziemassv\u0113tku koncertu&hellip;\n","protected":false},"author":2,"featured_media":81846,"comment_status":"","ping_status":"","sticky":false,"template":"","format":"standard","meta":{"footnotes":""},"categories":[19],"tags":[454,89,90,35,39,38,2843,36,37,34,40,17412,6325,6414],"class_list":{"0":"post-81845","1":"post","2":"type-post","3":"status-publish","4":"format-standard","5":"has-post-thumbnail","7":"category-izklaide","8":"tag-dailes-teatris","9":"tag-entertainment","10":"tag-izklaide","11":"tag-latvia","12":"tag-latvian","13":"tag-latviesu","14":"tag-latviesu-tradicijas","15":"tag-latviesu-valoda","16":"tag-latviesuvaloda","17":"tag-latvija","18":"tag-lv","19":"tag-peksni-gaisma","20":"tag-sudden-lights","21":"tag-ziemassvetku-koncerts"},"share_on_mastodon":{"url":"https:\/\/pubeurope.com\/@lv\/115757462525117915","error":""},"_links":{"self":[{"href":"https:\/\/www.europesays.com\/lv\/wp-json\/wp\/v2\/posts\/81845","targetHints":{"allow":["GET"]}}],"collection":[{"href":"https:\/\/www.europesays.com\/lv\/wp-json\/wp\/v2\/posts"}],"about":[{"href":"https:\/\/www.europesays.com\/lv\/wp-json\/wp\/v2\/types\/post"}],"author":[{"embeddable":true,"href":"https:\/\/www.europesays.com\/lv\/wp-json\/wp\/v2\/users\/2"}],"replies":[{"embeddable":true,"href":"https:\/\/www.europesays.com\/lv\/wp-json\/wp\/v2\/comments?post=81845"}],"version-history":[{"count":0,"href":"https:\/\/www.europesays.com\/lv\/wp-json\/wp\/v2\/posts\/81845\/revisions"}],"wp:featuredmedia":[{"embeddable":true,"href":"https:\/\/www.europesays.com\/lv\/wp-json\/wp\/v2\/media\/81846"}],"wp:attachment":[{"href":"https:\/\/www.europesays.com\/lv\/wp-json\/wp\/v2\/media?parent=81845"}],"wp:term":[{"taxonomy":"category","embeddable":true,"href":"https:\/\/www.europesays.com\/lv\/wp-json\/wp\/v2\/categories?post=81845"},{"taxonomy":"post_tag","embeddable":true,"href":"https:\/\/www.europesays.com\/lv\/wp-json\/wp\/v2\/tags?post=81845"}],"curies":[{"name":"wp","href":"https:\/\/api.w.org\/{rel}","templated":true}]}}