{"id":81847,"date":"2025-12-21T12:06:08","date_gmt":"2025-12-21T12:06:08","guid":{"rendered":"https:\/\/www.europesays.com\/lv\/81847\/"},"modified":"2025-12-21T12:06:08","modified_gmt":"2025-12-21T12:06:08","slug":"australija-piemin-bondi-pludmales-apsaudes-upurus-valdiba-pazino-par-izlukdienestu-parskatu-lente-lv","status":"publish","type":"post","link":"https:\/\/www.europesays.com\/lv\/81847\/","title":{"rendered":"Austr\u0101lija piemin Bondi pludmales ap\u0161audes upurus; vald\u012bba pazi\u0146o par izl\u016bkdienestu p\u0101rskatu\u00a0\u2014\u00a0Lente.lv"},"content":{"rendered":"<p>Nacion\u0101l\u0101 piemi\u0146as diena p\u0113c antisem\u012btisk\u0101 uzbrukuma<\/p>\n<p>Tie\u0161i ned\u0113\u013cu p\u0113c tra\u0123isk\u0101s ap\u0161audes Bondi pludmal\u0113 Sidnej\u0101, kur\u0101 tika nogalin\u0101ti 15 cilv\u0113ki un ievainoti desmitiem, Austr\u0101lija sv\u0113tdien piemin\u0113ja \u0161o notikumu. K\u0101 inform\u0113 telekan\u0101ls EuroNews, iedz\u012bvot\u0101ji pulc\u0113j\u0101s Sidnejas Bondi pludmal\u0113, lai godin\u0101tu pag\u0101ju\u0161\u0101s sv\u0113tdienas masu ap\u0161audes upurus, kas notika j\u016bdu sv\u0113tku laik\u0101. Prec\u012bzi plkst. 18:47 (p\u0113c viet\u0113j\u0101 laika), kas atbilst uzbrukuma s\u0101kuma br\u012bdim, tika ietur\u0113ta klusuma min\u016bte.<\/p>\n<p>Sv\u0113tdiena, 21. decembris, tika noteikta par ofici\u0101lu Nacion\u0101lo piemi\u0146as dienu gan feder\u0101l\u0101, gan Jaun\u0101 Dienvidvelsas \u0161tata vald\u012bbu iniciat\u012bvas rezult\u0101t\u0101. Pag\u0101ju\u0161\u0101s sv\u0113tdienas uzbrukum\u0101 divi \u0161\u0101v\u0113ji atkl\u0101ja uguni Hanukas svin\u012bbu laik\u0101. Lai gan s\u0101kotn\u0113j\u0101 inform\u0101cija liecin\u0101ja par 17 upuriem, ofici\u0101lie dati apstiprina 15 boj\u0101g\u0101ju\u0161os. \u0160obr\u012bd v\u0113l 13 ievainotie atrodas Sidnejas slimn\u012bc\u0101s, pazi\u0146oja varasiest\u0101des.<\/p>\n<p>Solidarit\u0101te un nacion\u0101lo v\u0113rt\u012bbu aizst\u0101v\u012bba<\/p>\n<p>Austr\u0101lijas premjerministrs Entonijs Alban\u0113zs soci\u0101lajos t\u012bklos ievietoja vair\u0101kus ierakstus, pau\u017eot atbalstu ebreju kopienai. Vien\u0101 no tiem vi\u0146\u0161 rakst\u012bja: \u201cAustr\u0101lijas sabiedr\u012bba \u0161aj\u0101 tum\u0161aj\u0101 laik\u0101 ir kop\u0101 ar ebreju austr\u0101lie\u0161iem.\u201d<\/p>\n<p>Sv\u0113tdienas r\u012bt\u0101 Bondi Pavilion viet\u0101, kur p\u0113d\u0113j\u0101s ned\u0113\u013cas laik\u0101 ir izveidojies piemi\u0146as ziedu un sve\u010du kalns, aborig\u0113nu l\u012bderi vad\u012bja tradicion\u0101lu smoking ceremony (att\u012br\u012b\u0161anas ceremoniju). Rab\u012bns Levi Volfs sagaid\u012bja t\u016bksto\u0161iem cilv\u0113ku, kas v\u0113l\u0101k sv\u0113tdien pulc\u0113j\u0101s, lai godin\u0101tu upurus un sniegtu atbalstu ebreju kopienai.<\/p>\n<blockquote>\n<p>\u201cAustr\u0101lie\u0161i saprot, ka \u0161is uzbrukums bija v\u0113rsts ne tikai pret ebreju tautu \u2013 m\u0113s esam viegls m\u0113r\u0137is \u2013 bet tas ir uzbrukums Austr\u0101lijas v\u0113rt\u012bb\u0101m, un vi\u0146i \u0161eit ierad\u012bsies un st\u0101v\u0113s blakus mums plecu pie pleca, k\u0101 vi\u0146i to dar\u012bju\u0161i p\u0113d\u0113j\u0101s ned\u0113\u013cas laik\u0101, lai pateiktu \u0161\u012bs valsts cilv\u0113kiem, ka naidam nav vietas. Vardarb\u012bbai nav vietas m\u016bsu skaistaj\u0101 zem\u0113,\u201d sac\u012bja Volfs.<\/p>\n<\/blockquote>\n<p>Inteli\u0123ences p\u0101rskats un sabiedr\u012bbas dusmas<\/p>\n<p>Premjerministrs Alban\u0113zs pazi\u0146oja par feder\u0101lo ties\u012bbaizsardz\u012bbas iest\u0101\u017eu un izl\u016bkdienestu darb\u012bbas sist\u0113mas izskat\u012b\u0161anu, lai noskaidrotu, vai tiem ir pietiekamas pilnvaras un procesi Austr\u0101lijas iedz\u012bvot\u0101ju dro\u0161\u012bbas nodro\u0161in\u0101\u0161anai. P\u0101rskata zi\u0146ojums paredz\u0113ts l\u012bdz 2026. gada apr\u012blim.<\/p>\n<p>Aizdom\u0101s tur\u0113tais \u0161\u0101v\u0113js ir 24 gadus vecais Naveeds Akrams, kur\u0161 tika sa\u0161auts policijas oper\u0101cij\u0101 un joproj\u0101m \u0101rst\u0113jas slimn\u012bc\u0101. Vi\u0146am izvirz\u012btas 15 aps\u016bdz\u012bbas par slepkav\u012bbu un 40 aps\u016bdz\u012bbas par t\u012b\u0161as traumas nodar\u012b\u0161anu. Vi\u0146a t\u0113vs, 50 gadus vecais Sad\u017eids Akrams, tika sa\u0161auts n\u0101v\u0113 notikuma viet\u0101. Austr\u0101lijas galven\u0101 iek\u0161zemes izl\u016bko\u0161anas a\u0123ent\u016bra 2016. gad\u0101 izmekl\u0113ja Akrama asoci\u0113tos, ta\u010du secin\u0101ja, ka vi\u0146\u0161 nerada draudus.<\/p>\n<p>Austr\u0101lijas Ebreju izpildkomitejas l\u012bdzvad\u012bt\u0101js Aleksandrs Riv\u010dins nor\u0101d\u012bja, ka upuru \u0123imenes j\u016btoties \u201ctra\u0123iski un nepiedodami pieviltas\u201d vald\u012bbas nesp\u0113jas nov\u0113rst pieaugo\u0161o antisem\u012btismu.<\/p>\n<blockquote>\n<p>\u201c\u0160obr\u012bd kopien\u0101 ir ar\u012b daudz dusmu. Dom\u0101ju, ka m\u0113s p\u0101rdz\u012bvojam da\u017e\u0101das emocijas, da\u017e\u0101d\u0101s stadijas, un past\u0101v re\u0101la saj\u016bta, ka esam tiku\u0161i pievilti un nodoti. Un kopiena v\u0113las atbildes, un m\u0113s v\u0113lamies p\u0101rmai\u0146as,\u201d piebilda Riv\u010dins.<\/p>\n<\/blockquote>\n<p>Pastiprin\u0101ta dro\u0161\u012bba un kritika par atbildi<\/p>\n<p>Sv\u0113tdienas pas\u0101kuma laik\u0101 pie Bondi bija iev\u0113rojami pastiprin\u0101ta policijas kl\u0101tb\u016btne, tostarp bru\u0146oti virsnieki ar \u0161aujamiero\u010diem. J\u0101piemin, ka divi policisti pag\u0101ju\u0161aj\u0101 ned\u0113\u013c\u0101 tika kritisk\u0101 st\u0101vokl\u012b ievainoti ap\u0161audes laik\u0101. Rad\u0101s kritika par to, ka pag\u0101ju\u0161\u0101s ned\u0113\u013cas rea\u0123\u0113t\u0101ji bija bru\u0146oti tikai ar Glock pistol\u0113m, kur\u0101m nebija t\u0101ds darb\u012bbas r\u0101diuss k\u0101 uzbruc\u0113ju iero\u010diem.<\/p>\n<p>Jaun\u0101 Dienvidvelsas policijas komis\u0101rs Mal Lanjons uzsv\u0113ra dro\u0161\u012bbas priorit\u0101ti: \u201cM\u016bsu priorit\u0101te ir nodro\u0161in\u0101t, lai ikviens var\u0113tu pulc\u0113ties, lai godin\u0101tu upurus un atbalst\u012btu viens otru bez bail\u0113m.\u201d<\/p>\n","protected":false},"excerpt":{"rendered":"Nacion\u0101l\u0101 piemi\u0146as diena p\u0113c antisem\u012btisk\u0101 uzbrukuma Tie\u0161i ned\u0113\u013cu p\u0113c tra\u0123isk\u0101s ap\u0161audes Bondi pludmal\u0113 Sidnej\u0101, kur\u0101 tika nogalin\u0101ti 15&hellip;\n","protected":false},"author":2,"featured_media":81848,"comment_status":"","ping_status":"","sticky":false,"template":"","format":"standard","meta":{"footnotes":""},"categories":[14],"tags":[23,2475,57,502,20624,28,29,20625,32,33,22,30,31,35,39,38,36,37,34,40,20,4761,26,27,24,25,54,55,56,21,58],"class_list":{"0":"post-81847","1":"post","2":"type-post","3":"status-publish","4":"format-standard","5":"has-post-thumbnail","7":"category-zinas-no-arvalstim","8":"tag-aktualitates","9":"tag-antisemitisms","10":"tag-arvalstim","11":"tag-australija","12":"tag-bondi-apsaude","13":"tag-breaking-news","14":"tag-breakingnews","15":"tag-entonijs-albanezs","16":"tag-featured-news","17":"tag-featurednews","18":"tag-headlines","19":"tag-latest-news","20":"tag-latestnews","21":"tag-latvia","22":"tag-latvian","23":"tag-latviesu","24":"tag-latviesu-valoda","25":"tag-latviesuvaloda","26":"tag-latvija","27":"tag-lv","28":"tag-news","29":"tag-pieminas-diena","30":"tag-popularakas-zinas","31":"tag-popularakaszinas","32":"tag-top-stories","33":"tag-topstories","34":"tag-world","35":"tag-world-news","36":"tag-worldnews","37":"tag-zinas","38":"tag-zinas-no-arvalstim"},"share_on_mastodon":{"url":"","error":"Validation failed: Text character limit of 500 exceeded"},"_links":{"self":[{"href":"https:\/\/www.europesays.com\/lv\/wp-json\/wp\/v2\/posts\/81847","targetHints":{"allow":["GET"]}}],"collection":[{"href":"https:\/\/www.europesays.com\/lv\/wp-json\/wp\/v2\/posts"}],"about":[{"href":"https:\/\/www.europesays.com\/lv\/wp-json\/wp\/v2\/types\/post"}],"author":[{"embeddable":true,"href":"https:\/\/www.europesays.com\/lv\/wp-json\/wp\/v2\/users\/2"}],"replies":[{"embeddable":true,"href":"https:\/\/www.europesays.com\/lv\/wp-json\/wp\/v2\/comments?post=81847"}],"version-history":[{"count":0,"href":"https:\/\/www.europesays.com\/lv\/wp-json\/wp\/v2\/posts\/81847\/revisions"}],"wp:featuredmedia":[{"embeddable":true,"href":"https:\/\/www.europesays.com\/lv\/wp-json\/wp\/v2\/media\/81848"}],"wp:attachment":[{"href":"https:\/\/www.europesays.com\/lv\/wp-json\/wp\/v2\/media?parent=81847"}],"wp:term":[{"taxonomy":"category","embeddable":true,"href":"https:\/\/www.europesays.com\/lv\/wp-json\/wp\/v2\/categories?post=81847"},{"taxonomy":"post_tag","embeddable":true,"href":"https:\/\/www.europesays.com\/lv\/wp-json\/wp\/v2\/tags?post=81847"}],"curies":[{"name":"wp","href":"https:\/\/api.w.org\/{rel}","templated":true}]}}