{"id":81855,"date":"2025-12-21T12:16:08","date_gmt":"2025-12-21T12:16:08","guid":{"rendered":"https:\/\/www.europesays.com\/lv\/81855\/"},"modified":"2025-12-21T12:16:08","modified_gmt":"2025-12-21T12:16:08","slug":"maroka-gatava-uznemt-afrikas-futbola-svetkus-lente-lv","status":"publish","type":"post","link":"https:\/\/www.europesays.com\/lv\/81855\/","title":{"rendered":"Maroka gatava uz\u0146emt \u0100frikas futbola sv\u0113tkus\u00a0\u2014\u00a0Lente.lv"},"content":{"rendered":"<p>P\u0113c ilgsto\u0161as gaid\u012b\u0161anas \u0100frikas N\u0101ciju kauss (AFCON) \u0161odien beidzot start\u0113 Marok\u0101. 24 komandas, se\u0161as uz\u0146\u0113m\u0113jvalsts pils\u0113tas, devi\u0146i stadioni un visa futbola karstuma p\u0101r\u0146emta tauta ir gatavas uz\u0146emt kontinentu liel\u0101kaj\u0101 turn\u012br\u0101. K\u0101 inform\u0113 telekan\u0101ls EuroNews, \u0161is \u010detras ned\u0113\u013cas ilgs turn\u012brs tiek pozicion\u0113ts k\u0101 noz\u012bm\u012bgs \u0123ener\u0101lm\u0113\u0123in\u0101jums pirms 2030. gada Pasaules kausa fin\u0101lturn\u012bra, kuru Maroka l\u012bdzorganiz\u0113s kop\u0101 ar cit\u0101m valst\u012bm. Karaliste ir \u012bstenojusi vienu no v\u0113rien\u012bg\u0101kaj\u0101m infrastrukt\u016bras att\u012bst\u012bbas programm\u0101m \u0100frikas sporta v\u0113stur\u0113, lai \u0161im notikumam gatavotos.<\/p>\n<p>Ce\u013c\u0161 uz slavu un titula aizst\u0101vji<\/p>\n<p>Pag\u0101ju\u0161aj\u0101 reiz\u0113, kad turn\u012brs notika Kotdivu\u0101r\u0101, titulu sensacion\u0101li izc\u012bn\u012bja r\u012bkot\u0101ji. Nig\u0113rija cer \u0161ogad veikt p\u0113d\u0113jo soli, jo iepriek\u0161\u0113j\u0101 reiz\u0113 zaud\u0113ja fin\u0101l\u0101. Savuk\u0101rt Sadio Man\u0113 p\u0101rst\u0101v\u0113t\u0101 Seneg\u0101la atgrie\u017eas k\u0101 2021. gada \u010dempione. Tostarp \u0112\u0123ipte cer, ka baumas par Mohamedam Sal\u0101ham n\u0101kotni komand\u0101 netrauc\u0113s vi\u0146iem ieg\u016bt rekordlielu, astoto kontinent\u0101lo trofeju.<\/p>\n<p>Grupu izloze un galvenie favor\u012bti<\/p>\n<p>Turn\u012bra dal\u012bbnieces sadal\u012btas se\u0161\u0101s apak\u0161grup\u0101s. Piev\u0113r\u0161ot uzman\u012bbu Marokai, kas \u0161ogad c\u012bn\u012bsies m\u0101j\u0101s, sp\u0113c\u012bg\u0101ko grupu sast\u0101vs izskat\u0101s \u0161\u0101di:<\/p>\n<ul>\n<li>A grupa: Maroka, Mali, Zambija, Komoru salas<\/li>\n<li>B grupa: \u0112\u0123ipte, Dienvid\u0101frika, Angola, Zimbabve<\/li>\n<li>C grupa: Nig\u0113rija, Tunisija, Uganda, Tanz\u0101nija<\/li>\n<li>D grupa: Seneg\u0101la, Kongo DR, Benina, Botsv\u0101na<\/li>\n<li>E grupa: Al\u017e\u012brija, Burkinafaso, Ekvatori\u0101l\u0101 Gvineja, Sud\u0101na<\/li>\n<li>F grupa: Kamer\u016bna, Gabona, Kotdivu\u0101ra un Mozambika<\/li>\n<\/ul>\n<p>Rabat\u0101 valda elektrisk\u0101 atmosf\u0113ra<\/p>\n<p>Rab\u0101tas pla\u0161aj\u0101 fanu zon\u0101 svin\u012bgs atkl\u0101\u0161anas koncerts jau ir devis vietu pieaugo\u0161ai satrakot\u012bbai. Neskatoties uz neparasti aukstajiem un lietainajiem laika apst\u0101k\u013ciem \u0100frikas N\u0101ciju kausa izc\u012b\u0146ai, Marokas fani jau ir s\u0101ku\u0161i ska\u013ci atbalst\u012bt sav\u0113jos. Abdessamads, iet\u012bst\u012bts nacion\u0101laj\u0101s kr\u0101s\u0101s, uzsauca: &#8220;Uz priek\u0161u, Maroka! \u0160is ir m\u016bsu kauss!&#8221;. Tuvum\u0101 eso\u0161ais l\u012bdzjut\u0113js M\u016bhads ir tikpat p\u0101rliecin\u0101ts: &#8220;M\u0113s ceram uz AFCON uzvaru, j\u0101!&#8221;<\/p>\n<p>Visi skati ir v\u0113rsti uz zvaig\u017e\u0146u aizsargu A\u0161r\u0101fu Hakimi. Novembra s\u0101kum\u0101 g\u016bt\u0101 pot\u012btes trauma rada ba\u017eas par vi\u0146a dal\u012bbu atkl\u0101\u0161anas sp\u0113l\u0113. Tom\u0113r kapteinis uzsver, ka komanda ir gatava ap\u0146\u0113m\u012bgi uz\u0146emties \u0161o nastu.<\/p>\n<blockquote><p> &#8220;T\u0101 ir m\u016bsu atbild\u012bba,&#8221; Hakimi pau\u017e. &#8220;T\u0101 ir pozit\u012bva atbild\u012bba, kas motiv\u0113 m\u016bs b\u016bt gataviem \u0161im turn\u012bram.&#8221; <\/p><\/blockquote>\n<p>Komoru salas zemnieku gods<\/p>\n<p>Kam\u0113r Maroka j\u016btas ap\u0146\u0113m\u012bbas pilna uz\u0146emt visas kontinenta cer\u012bbas, Komoru salu nometn\u0113 noska\u0146ojums ir krietni mier\u012bg\u0101ks. \u0160\u012b salu n\u0101cija piedal\u0101s tikai sav\u0101 otraj\u0101 \u0100frikas N\u0101ciju kaus\u0101. &#8220;M\u0113s no\u017e\u0113loj\u0101m, ka nepiedal\u012bj\u0101mies Kotdivu\u0101r\u0101. Tas bija skumji, bet \u0161odien m\u0113s v\u0113lreiz pier\u0101d\u012bj\u0101m, ka mums ir l\u012bmenis, lai b\u016btu \u0161aj\u0101 AFCON,&#8221; sac\u012bja uzbruc\u0113js El Fard\u016b Bens Mohameds. &#8220;T\u0101p\u0113c, j\u0101, tas ir lepnuma avots visiem Komoru iedz\u012bvot\u0101jiem, lai gan m\u0113s esam maza valsts.&#8221; <\/p>\n<p>\u0160\u012b mirk\u013ca noz\u012bm\u012bgumu nav palaidis gar\u0101m ar\u012b Komoru salu prezidents Azali Asoumani, kur\u0161 person\u012bgi apmekl\u0113jis izlasi, kas paz\u012bstama k\u0101 &#8220;Celakanti&#8221; (Coelacanths), lai paustu atbalstu pirms pirm\u0101s sp\u0113les. Tagad sp\u0113l\u0113t\u0101jiem n\u0101ksies st\u0101ties pret\u012b iespaid\u012bgajai atmosf\u0113rai Rab\u0101tas Mulajs Abdellahs stadion\u0101, kur gandr\u012bz 70 000 skat\u012bt\u0101ju \u2013 liel\u0101k\u0101 da\u013ca atbalst\u012bs &#8220;Atlasa lauvas&#8221; \u2013 rad\u012bs iespaid\u012bgu fonu.<\/p>\n<p>Skat\u012bt\u0101ju laiks ir pien\u0101cis<\/p>\n<p>Atkl\u0101\u0161anas sp\u0113les burv\u012bba ir s\u0101ksies jau p\u0113c da\u017e\u0101m stund\u0101m. AFCON 2025 pirm\u0101 sp\u0113le s\u0101ksies \u0161ovakar pulksten 20:00 p\u0113c Centr\u0101leiropas laika (CAT un CET), ofici\u0101li iez\u012bm\u0113jot \u0100frikas liel\u0101k\u0101 futbola turn\u012bra s\u0101kumu un jaunu noda\u013cu kontinenta futbola v\u0113stur\u0113.<\/p>\n","protected":false},"excerpt":{"rendered":"P\u0113c ilgsto\u0161as gaid\u012b\u0161anas \u0100frikas N\u0101ciju kauss (AFCON) \u0161odien beidzot start\u0113 Marok\u0101. 24 komandas, se\u0161as uz\u0146\u0113m\u0113jvalsts pils\u0113tas, devi\u0146i stadioni&hellip;\n","protected":false},"author":2,"featured_media":81856,"comment_status":"","ping_status":"","sticky":false,"template":"","format":"standard","meta":{"footnotes":""},"categories":[17],"tags":[20626,20628,20629,20630,35,39,38,36,37,34,40,20627,67],"class_list":{"0":"post-81855","1":"post","2":"type-post","3":"status-publish","4":"format-standard","5":"has-post-thumbnail","7":"category-sports","8":"tag-afcon-2025","9":"tag-afrikas-naciju-kauss","10":"tag-asrafs-hakimi","11":"tag-komoru-salas-futbols","12":"tag-latvia","13":"tag-latvian","14":"tag-latviesu","15":"tag-latviesu-valoda","16":"tag-latviesuvaloda","17":"tag-latvija","18":"tag-lv","19":"tag-maroka-futbols","20":"tag-sports"},"share_on_mastodon":{"url":"https:\/\/pubeurope.com\/@lv\/115757513613011481","error":""},"_links":{"self":[{"href":"https:\/\/www.europesays.com\/lv\/wp-json\/wp\/v2\/posts\/81855","targetHints":{"allow":["GET"]}}],"collection":[{"href":"https:\/\/www.europesays.com\/lv\/wp-json\/wp\/v2\/posts"}],"about":[{"href":"https:\/\/www.europesays.com\/lv\/wp-json\/wp\/v2\/types\/post"}],"author":[{"embeddable":true,"href":"https:\/\/www.europesays.com\/lv\/wp-json\/wp\/v2\/users\/2"}],"replies":[{"embeddable":true,"href":"https:\/\/www.europesays.com\/lv\/wp-json\/wp\/v2\/comments?post=81855"}],"version-history":[{"count":0,"href":"https:\/\/www.europesays.com\/lv\/wp-json\/wp\/v2\/posts\/81855\/revisions"}],"wp:featuredmedia":[{"embeddable":true,"href":"https:\/\/www.europesays.com\/lv\/wp-json\/wp\/v2\/media\/81856"}],"wp:attachment":[{"href":"https:\/\/www.europesays.com\/lv\/wp-json\/wp\/v2\/media?parent=81855"}],"wp:term":[{"taxonomy":"category","embeddable":true,"href":"https:\/\/www.europesays.com\/lv\/wp-json\/wp\/v2\/categories?post=81855"},{"taxonomy":"post_tag","embeddable":true,"href":"https:\/\/www.europesays.com\/lv\/wp-json\/wp\/v2\/tags?post=81855"}],"curies":[{"name":"wp","href":"https:\/\/api.w.org\/{rel}","templated":true}]}}