{"id":81857,"date":"2025-12-21T12:18:08","date_gmt":"2025-12-21T12:18:08","guid":{"rendered":"https:\/\/www.europesays.com\/lv\/81857\/"},"modified":"2025-12-21T12:18:08","modified_gmt":"2025-12-21T12:18:08","slug":"izraela-okupetaja-rietumkrasta-buves-19-jaunas-apmetnes","status":"publish","type":"post","link":"https:\/\/www.europesays.com\/lv\/81857\/","title":{"rendered":"Izra\u0113la okup\u0113taj\u0101 Rietumkrast\u0101 b\u016bv\u0113s 19 jaunas apmetnes"},"content":{"rendered":"<p><a href=\"https:\/\/www.tvnet.lv\/term\/555449\/izraela\" class=\"topicLink\" target=\"_blank\" rel=\"nofollow noopener\">Izra\u0113la<\/a> okup\u0113ja Rietumkrastu, Austrumjeruzalemi un Gazas joslu 1967. gad\u0101 ar\u0101bu valstu un Izra\u0113las kara laik\u0101. Starptautisko ties\u012bbu izpratn\u0113 apmet\u0146u veido\u0161ana \u0161aj\u0101s teritorij\u0101s ir nelikum\u012bga.<\/p>\n<p>Rietumkrast\u0101 un Austrumjeruzalem\u0113 dz\u012bvo tr\u012bs miljoni palest\u012bnie\u0161u un vair\u0101k nek\u0101 700 000 ebreju. Palest\u012bnie\u0161i pretend\u0113 uz \u0161\u012bm teritorij\u0101m savai n\u0101kotnes valstij, kuras galvaspils\u0113ta b\u016btu Austrumjeruzaleme.<\/p>\n<p>Nevalstisk\u0101 organiz\u0101cija &#8220;Peace Now&#8221; zi\u0146oja, ka Izra\u0113las vald\u012bba l\u0113mumu par 19 jaunu apmet\u0146u b\u016bvniec\u012bbu Rietumkrast\u0101 pie\u0146\u0113musi jau 11. decembr\u012b. Organiz\u0101cija nor\u0101d\u012bja, ka da\u017eas no apmetn\u0113m paredz\u0113ts b\u016bv\u0113t apvidos, kur l\u012bdz \u0161im apmetnes nav biju\u0161as, bet citas tiks b\u016bv\u0113tas bl\u012bvi apdz\u012bvotos palest\u012bnie\u0161u apvidos.<\/p>\n","protected":false},"excerpt":{"rendered":"Izra\u0113la okup\u0113ja Rietumkrastu, Austrumjeruzalemi un Gazas joslu 1967. gad\u0101 ar\u0101bu valstu un Izra\u0113las kara laik\u0101. Starptautisko ties\u012bbu izpratn\u0113&hellip;\n","protected":false},"author":2,"featured_media":81858,"comment_status":"","ping_status":"","sticky":false,"template":"","format":"standard","meta":{"footnotes":""},"categories":[14],"tags":[23,57,28,29,32,33,22,493,503,30,31,35,39,38,36,37,34,40,20,26,27,24,25,54,55,56,21,58],"class_list":{"0":"post-81857","1":"post","2":"type-post","3":"status-publish","4":"format-standard","5":"has-post-thumbnail","7":"category-zinas-no-arvalstim","8":"tag-aktualitates","9":"tag-arvalstim","10":"tag-breaking-news","11":"tag-breakingnews","12":"tag-featured-news","13":"tag-featurednews","14":"tag-headlines","15":"tag-izraela","16":"tag-izraelas-palestiniesu-konflikts","17":"tag-latest-news","18":"tag-latestnews","19":"tag-latvia","20":"tag-latvian","21":"tag-latviesu","22":"tag-latviesu-valoda","23":"tag-latviesuvaloda","24":"tag-latvija","25":"tag-lv","26":"tag-news","27":"tag-popularakas-zinas","28":"tag-popularakaszinas","29":"tag-top-stories","30":"tag-topstories","31":"tag-world","32":"tag-world-news","33":"tag-worldnews","34":"tag-zinas","35":"tag-zinas-no-arvalstim"},"share_on_mastodon":{"url":"https:\/\/pubeurope.com\/@lv\/115757521663953339","error":""},"_links":{"self":[{"href":"https:\/\/www.europesays.com\/lv\/wp-json\/wp\/v2\/posts\/81857","targetHints":{"allow":["GET"]}}],"collection":[{"href":"https:\/\/www.europesays.com\/lv\/wp-json\/wp\/v2\/posts"}],"about":[{"href":"https:\/\/www.europesays.com\/lv\/wp-json\/wp\/v2\/types\/post"}],"author":[{"embeddable":true,"href":"https:\/\/www.europesays.com\/lv\/wp-json\/wp\/v2\/users\/2"}],"replies":[{"embeddable":true,"href":"https:\/\/www.europesays.com\/lv\/wp-json\/wp\/v2\/comments?post=81857"}],"version-history":[{"count":0,"href":"https:\/\/www.europesays.com\/lv\/wp-json\/wp\/v2\/posts\/81857\/revisions"}],"wp:featuredmedia":[{"embeddable":true,"href":"https:\/\/www.europesays.com\/lv\/wp-json\/wp\/v2\/media\/81858"}],"wp:attachment":[{"href":"https:\/\/www.europesays.com\/lv\/wp-json\/wp\/v2\/media?parent=81857"}],"wp:term":[{"taxonomy":"category","embeddable":true,"href":"https:\/\/www.europesays.com\/lv\/wp-json\/wp\/v2\/categories?post=81857"},{"taxonomy":"post_tag","embeddable":true,"href":"https:\/\/www.europesays.com\/lv\/wp-json\/wp\/v2\/tags?post=81857"}],"curies":[{"name":"wp","href":"https:\/\/api.w.org\/{rel}","templated":true}]}}