{"id":81859,"date":"2025-12-21T12:37:20","date_gmt":"2025-12-21T12:37:20","guid":{"rendered":"https:\/\/www.europesays.com\/lv\/81859\/"},"modified":"2025-12-21T12:37:20","modified_gmt":"2025-12-21T12:37:20","slug":"pastav-risks-mediju-daudzveidibas-un-nozimiga-satura-zudumam-lente-lv","status":"publish","type":"post","link":"https:\/\/www.europesays.com\/lv\/81859\/","title":{"rendered":"Past\u0101v risks mediju daudzveid\u012bbas un noz\u012bm\u012bga satura zudumam\u00a0\u2014\u00a0Lente.lv"},"content":{"rendered":"<p>LRA br\u012bdina par sasteigtu un nepamatotu risin\u0101jumu<\/p>\n<p>Latvijas Raidorganiz\u0101ciju asoci\u0101cija (LRA) paudusi stingru neapmierin\u0101t\u012bbu ar Kult\u016bras ministrijas (KM) virz\u012btaj\u0101m izmai\u0146\u0101m Mediju atbalsta fonda (MAF) nolikumos, kas skar atbalsta pie\u0161\u0137ir\u0161anu 2026. gad\u0101. K\u0101 inform\u0113 port\u0101ls jauns.lv, asoci\u0101cija uzskata, ka \u0161obr\u012bd pied\u0101v\u0101tais risin\u0101jums ir p\u0101rsteidz\u012bgs, tam tr\u016bkst pietiekama pamatojuma, un tas rada b\u016btiskus draudus Latvijas mediju daudzveid\u012bbai un sabiedriski svar\u012bga satura pieejam\u012bbai. \u0160\u012b nost\u0101ja tika pausta, jo tuv\u0101kaj\u0101 laik\u0101 ir j\u0101izsludina MAF programmas, lai nodro\u0161in\u0101tu nepiecie\u0161amo laiku gan medijiem projektu sagatavo\u0161anai, gan v\u0113rt\u0113t\u0101jiem darba veik\u0161anai. T\u0101d\u0113\u013c LRA aicina pagaid\u0101m saglab\u0101t pa\u0161reiz sp\u0113k\u0101 eso\u0161os 2025. gada nosac\u012bjumus.<\/p>\n<p>Tr\u016bkst izv\u0113rt\u0113juma un anal\u012bzes<\/p>\n<p>Asoci\u0101cijas kritikas centr\u0101 ir Kult\u016bras ministrijas pieeja. LRA vair\u0101kk\u0101rt ir uzsv\u0113rusi, ka nav veikts visaptvero\u0161s iepriek\u0161\u0113j\u0101s MAF darb\u012bbas izv\u0113rt\u0113jums. T\u0101pat KM nav sniegusi detaliz\u0113tu anal\u012bzi par to, k\u0101 pied\u0101v\u0101t\u0101s izmai\u0146as ietekm\u0113s da\u017e\u0101du mediju veidus. LRA p\u0101rst\u0101vji nor\u0101da, ka nav pie\u013caujami tik fundament\u0101li groz\u012bjumi atbalsta sist\u0113m\u0101, kas gadu gait\u0101 veidota, balstoties uz pla\u0161\u0101m nozares konsult\u0101cij\u0101m un kompromisiem. Turkl\u0101t, galvenie izaicin\u0101jumi, kas samazina telev\u012bziju un radio konkur\u0113tsp\u0113ju, nav atrisin\u0101ti, un tie\u0161i tie ir pamats telev\u012bzijas un radio programmu veidot\u0101ju atbalstam caur \u0161o fondu.<\/p>\n<p>Bailes par satura kvalit\u0101ti un daudzveid\u012bbu<\/p>\n<p>LRA pau\u017e ba\u017eas, ka KM m\u0113\u0123ina b\u016btiski main\u012bt vienu no atbalsta instrumentiem, atrauti no kop\u0113j\u0101s mediju politikas sist\u0113mas, kas asoci\u0101cijas ieskat\u0101 ir nesaprotama pieeja. Tiek uzsv\u0113rts, ka mediju loma demokr\u0101tisk\u0101 sabiedr\u012bb\u0101 ir nenov\u0113rt\u0113jama \u2014 tie ne vien inform\u0113, bet ar\u012b kalpo par sabiedr\u012bbas spoguli, veicinot diskusijas un pilsonisko l\u012bdzdal\u012bbu. Past\u0101v risks, ka jaunie finans\u0113juma sadales principi var\u0113tu negat\u012bvi ietekm\u0113t neatkar\u012bgo mediju ilgtsp\u0113ju. LRA ir noba\u017e\u012bjusies, ka satura v\u0113rt\u0113\u0161ana var\u0113tu p\u0101rcelties uz \u012bstermi\u0146a komerci\u0101liem r\u0101d\u012bt\u0101jiem, ignor\u0113jot ilgtermi\u0146a sabiedrisko v\u0113rt\u012bbu, piem\u0113ram, kvalitat\u012bvu \u017eurn\u0101listiku, kuras izveide prasa laiku un resursus, bet ne vienm\u0113r nodro\u0161ina t\u016bl\u012bt\u0113ji lielu auditorijas iesaisti. Tas ir sal\u012bdzin\u0101ms ar augstas kvalit\u0101tes \u0113dienu \u2013 t\u0101 pagatavo\u0161ana prasa laiku, ta\u010du rezult\u0101ts ir baud\u0101ms un v\u0113rt\u012bgs.<\/p>\n<p>Konkurences izaicin\u0101jumi nemazin\u0101s<\/p>\n<p>Asoci\u0101cija atg\u0101dina, ka valsts atbalsts sabiedriski noz\u012bm\u012bga satura rad\u012b\u0161anai komerci\u0101laj\u0101s telev\u012bzij\u0101s un radio ir kritiski svar\u012bgs vair\u0101ku struktur\u0101lu iemeslu d\u0113\u013c. Rekl\u0101mas tirgus Latvij\u0101 ir nepietiekams, ierobe\u017eojumi satura veido\u0161anai ir stingri, bet konkurence no \u0101rvalstu medijiem un soci\u0101laj\u0101m platform\u0101m ir \u012bpa\u0161i asa. \u0160ie izaicin\u0101jumi, kas mazina viet\u0113jo raidorganiz\u0101ciju konkur\u0113tsp\u0113ju, nav nov\u0113rsti. T\u0101d\u0113\u013c jebk\u0101das izmai\u0146as atbalsta politik\u0101 bez \u0161o pamatprobl\u0113mu risin\u0101\u0161anas var rad\u012bt nestabilit\u0101ti nozar\u0113.<\/p>\n<p>Aicin\u0101jums turpin\u0101t dialogu<\/p>\n<p>Neskatoties uz domstarp\u012bb\u0101m, LRA pau\u017e gatav\u012bbu turpin\u0101t darbu pie mediju nozares uz\u0146\u0113m\u0113jdarb\u012bbas vides uzlabo\u0161anas. Vienlaikus asoci\u0101cija uzskata par nepiecie\u0161amu publiski nor\u0101d\u012bt, ka p\u0113d\u0113j\u0101 laik\u0101 izskan\u0113ju\u0161ie p\u0101rmetumi Sabiedr\u012bbas integr\u0101cijas fonda padomes priek\u0161s\u0113d\u0113t\u0101jai Karinai Plokai neveicina konstrukt\u012bvu dialogu. Mediju politikas jaut\u0101jumi ir kompleksi, un diskusij\u0101m par MAF att\u012bst\u012bbu j\u0101iesaista visas liel\u0101k\u0101s nozares organiz\u0101cijas, lai nodro\u0161in\u0101tu, ka fonds paliek instruments mediju uz\u0146\u0113mumu stiprin\u0101\u0161anai, kuri nodro\u0161ina darba vietas un atbild par gala produktu \u2013 saturu.<\/p>\n","protected":false},"excerpt":{"rendered":"LRA br\u012bdina par sasteigtu un nepamatotu risin\u0101jumu Latvijas Raidorganiz\u0101ciju asoci\u0101cija (LRA) paudusi stingru neapmierin\u0101t\u012bbu ar Kult\u016bras ministrijas (KM)&hellip;\n","protected":false},"author":2,"featured_media":81860,"comment_status":"","ping_status":"","sticky":false,"template":"","format":"standard","meta":{"footnotes":""},"categories":[12],"tags":[23,28,29,32,33,20632,22,1813,30,31,35,39,38,36,37,34,20631,40,18976,19070,20,26,27,24,25,21],"class_list":{"0":"post-81859","1":"post","2":"type-post","3":"status-publish","4":"format-standard","5":"has-post-thumbnail","7":"category-latvija","8":"tag-aktualitates","9":"tag-breaking-news","10":"tag-breakingnews","11":"tag-featured-news","12":"tag-featurednews","13":"tag-finansejums-medijiem","14":"tag-headlines","15":"tag-kulturas-ministrija","16":"tag-latest-news","17":"tag-latestnews","18":"tag-latvia","19":"tag-latvian","20":"tag-latviesu","21":"tag-latviesu-valoda","22":"tag-latviesuvaloda","23":"tag-latvija","24":"tag-lra","25":"tag-lv","26":"tag-mediju-atbalsta-fonds","27":"tag-mediju-daudzveidiba","28":"tag-news","29":"tag-popularakas-zinas","30":"tag-popularakaszinas","31":"tag-top-stories","32":"tag-topstories","33":"tag-zinas"},"share_on_mastodon":{"url":"https:\/\/pubeurope.com\/@lv\/115757596214728003","error":""},"_links":{"self":[{"href":"https:\/\/www.europesays.com\/lv\/wp-json\/wp\/v2\/posts\/81859","targetHints":{"allow":["GET"]}}],"collection":[{"href":"https:\/\/www.europesays.com\/lv\/wp-json\/wp\/v2\/posts"}],"about":[{"href":"https:\/\/www.europesays.com\/lv\/wp-json\/wp\/v2\/types\/post"}],"author":[{"embeddable":true,"href":"https:\/\/www.europesays.com\/lv\/wp-json\/wp\/v2\/users\/2"}],"replies":[{"embeddable":true,"href":"https:\/\/www.europesays.com\/lv\/wp-json\/wp\/v2\/comments?post=81859"}],"version-history":[{"count":0,"href":"https:\/\/www.europesays.com\/lv\/wp-json\/wp\/v2\/posts\/81859\/revisions"}],"wp:featuredmedia":[{"embeddable":true,"href":"https:\/\/www.europesays.com\/lv\/wp-json\/wp\/v2\/media\/81860"}],"wp:attachment":[{"href":"https:\/\/www.europesays.com\/lv\/wp-json\/wp\/v2\/media?parent=81859"}],"wp:term":[{"taxonomy":"category","embeddable":true,"href":"https:\/\/www.europesays.com\/lv\/wp-json\/wp\/v2\/categories?post=81859"},{"taxonomy":"post_tag","embeddable":true,"href":"https:\/\/www.europesays.com\/lv\/wp-json\/wp\/v2\/tags?post=81859"}],"curies":[{"name":"wp","href":"https:\/\/api.w.org\/{rel}","templated":true}]}}