{"id":81863,"date":"2025-12-21T12:46:16","date_gmt":"2025-12-21T12:46:16","guid":{"rendered":"https:\/\/www.europesays.com\/lv\/81863\/"},"modified":"2025-12-21T12:46:16","modified_gmt":"2025-12-21T12:46:16","slug":"zagaram-sosezon-rezultativaka-spele-zaudejuma-pret-silina-komandu-2","status":"publish","type":"post","link":"https:\/\/www.europesays.com\/lv\/81863\/","title":{"rendered":"\u017dagaram \u0161osezon rezultat\u012bv\u0101k\u0101 sp\u0113le zaud\u0113jum\u0101 pret \u0160ili\u0146a komandu"},"content":{"rendered":"<p>&#8220;Fenerbahce&#8221; viesos ar rezult\u0101tu 73:99 (29:25, 16:28, 11:22, 17:24) zaud\u0113ja &#8220;Trabzonspor&#8221; ar K\u0101rli \u0160ili\u0146u pieteikum\u0101.<\/p>\n<p>Stambulas komanda \u0161oned\u0113\u013c aizvad\u012bja divus ma\u010dus Eirol\u012bg\u0101, t\u0101d\u0113j\u0101di \u017dagaram tika dota iesp\u0113ja sp\u0113li s\u0101kt starta pieciniek\u0101. Latvietis 22 min\u016bt\u0113s un 12 sekund\u0113s realiz\u0113ja tr\u012bs no pieciem divpunktu metieniem, vienu no tr\u012bs t\u0101lmetieniem un divus no tr\u012bs soda metieniem, atdeva tr\u012bs rezultat\u012bvas piesp\u0113les, divreiz k\u013c\u016bd\u012bj\u0101s, tr\u012bsreiz p\u0101rk\u0101pa noteikumus, izprovoc\u0113ja tr\u012bs piez\u012bmes, tika pie negat\u012bva +\/- r\u0101d\u012bt\u0101ja (-12) un iekr\u0101ja septi\u0146us efektivit\u0101tes koeficienta punktus.<\/p>\n<p>Viesiem pa 12 punktiem guva D\u017eeimss Birsens un Melihs Mahmutolu, bet uzvar\u0113t\u0101jiem ar 36 punktiem izc\u0113l\u0101s Markiss R\u012bds.<\/p>\n<p>Sv\u0113tdien Ronalda \u0160mita p\u0101rst\u0101v\u0113t\u0101 &#8220;Anadolu Efes&#8221; m\u0101j\u0101s tiksies ar citu Stambulas komandu &#8220;Galatasaray&#8221;, bet Roberts Blumbergs ar Izmiras &#8220;Petkim Spor&#8221; viesosies pie &#8220;Manisa&#8221;.<\/p>\n<p>&#8220;Fenerbahce&#8221; ar desmit uzvar\u0101m 12 sp\u0113l\u0113s ir otr\u0101, &#8220;Trabzonspor&#8221; ar septi\u0146iem pan\u0101kumiem 12 ma\u010dos ir ceturt\u0101, &#8220;Anadolu Efes&#8221; ar se\u0161\u0101m uzvar\u0101m 11 c\u012b\u0146\u0101s ie\u0146em astoto vietu, bet &#8220;Petkim Spor&#8221; ar \u010detr\u0101m uzvar\u0101m 11 sp\u0113l\u0113s ir 12. viet\u0101.<\/p>\n<p>Pag\u0101ju\u0161aj\u0101 sezon\u0101 par Turcijas \u010dempioni k\u013cuva Stambulas &#8220;Fenerbahce&#8221;, kas fin\u0101ls\u0113rij\u0101 ar 4-1 p\u0101rsp\u0113ja Stambulas &#8220;Besiktas&#8221;.<\/p>\n","protected":false},"excerpt":{"rendered":"&#8220;Fenerbahce&#8221; viesos ar rezult\u0101tu 73:99 (29:25, 16:28, 11:22, 17:24) zaud\u0113ja &#8220;Trabzonspor&#8221; ar K\u0101rli \u0160ili\u0146u pieteikum\u0101. Stambulas komanda \u0161oned\u0113\u013c&hellip;\n","protected":false},"author":2,"featured_media":1765,"comment_status":"","ping_status":"","sticky":false,"template":"","format":"standard","meta":{"footnotes":""},"categories":[17],"tags":[1099,145,1098,3024,35,39,38,36,37,34,40,67],"class_list":{"0":"post-81863","1":"post","2":"type-post","3":"status-publish","4":"format-standard","5":"has-post-thumbnail","7":"category-sports","8":"tag-arturs-zagars","9":"tag-basketbols","10":"tag-basketbols-pasaule","11":"tag-karlis-silins","12":"tag-latvia","13":"tag-latvian","14":"tag-latviesu","15":"tag-latviesu-valoda","16":"tag-latviesuvaloda","17":"tag-latvija","18":"tag-lv","19":"tag-sports"},"share_on_mastodon":{"url":"https:\/\/pubeurope.com\/@lv\/115757631601352561","error":""},"_links":{"self":[{"href":"https:\/\/www.europesays.com\/lv\/wp-json\/wp\/v2\/posts\/81863","targetHints":{"allow":["GET"]}}],"collection":[{"href":"https:\/\/www.europesays.com\/lv\/wp-json\/wp\/v2\/posts"}],"about":[{"href":"https:\/\/www.europesays.com\/lv\/wp-json\/wp\/v2\/types\/post"}],"author":[{"embeddable":true,"href":"https:\/\/www.europesays.com\/lv\/wp-json\/wp\/v2\/users\/2"}],"replies":[{"embeddable":true,"href":"https:\/\/www.europesays.com\/lv\/wp-json\/wp\/v2\/comments?post=81863"}],"version-history":[{"count":0,"href":"https:\/\/www.europesays.com\/lv\/wp-json\/wp\/v2\/posts\/81863\/revisions"}],"wp:featuredmedia":[{"embeddable":true,"href":"https:\/\/www.europesays.com\/lv\/wp-json\/wp\/v2\/media\/1765"}],"wp:attachment":[{"href":"https:\/\/www.europesays.com\/lv\/wp-json\/wp\/v2\/media?parent=81863"}],"wp:term":[{"taxonomy":"category","embeddable":true,"href":"https:\/\/www.europesays.com\/lv\/wp-json\/wp\/v2\/categories?post=81863"},{"taxonomy":"post_tag","embeddable":true,"href":"https:\/\/www.europesays.com\/lv\/wp-json\/wp\/v2\/tags?post=81863"}],"curies":[{"name":"wp","href":"https:\/\/api.w.org\/{rel}","templated":true}]}}