{"id":81864,"date":"2025-12-21T12:49:26","date_gmt":"2025-12-21T12:49:26","guid":{"rendered":"https:\/\/www.europesays.com\/lv\/81864\/"},"modified":"2025-12-21T12:49:26","modified_gmt":"2025-12-21T12:49:26","slug":"riga-atjaunota-krisjana-barona-pieminas-plaksne-eduarda-smilga-iela-kas-tika-nozagta-pirms-gadiem-lente-lv","status":"publish","type":"post","link":"https:\/\/www.europesays.com\/lv\/81864\/","title":{"rendered":"R\u012bg\u0101 atjaunota Kri\u0161j\u0101\u0146a Barona piemi\u0146as pl\u0101ksne Eduarda Smi\u013c\u0123a iel\u0101, kas tika nozagta pirms gadiem\u00a0\u2014\u00a0Lente.lv"},"content":{"rendered":"<p>Svin\u012bgs br\u012bdis P\u0101rdaugav\u0101: Atkl\u0101j Barona Atjaunoto Piemi\u0146as Pl\u0101ksni<\/p>\n<p>Piektdien, 19. decembr\u012b, R\u012bgas iedz\u012bvot\u0101ji un kult\u016bras darbinieki pulc\u0113j\u0101s pie \u0113kas Eduarda Smi\u013c\u0123a iel\u0101 23a, lai svin\u012bgi atkl\u0101tu no jauna izgatavotu piemi\u0146as pl\u0101ksni izcilajam rakstniekam, folkloristam un publicistam Kri\u0161j\u0101nim Baronam, ko taut\u0101 d\u0113v\u0113 par Dainu t\u0113vu. Pas\u0101kums, kas notika plkst. 12.00, iez\u012bm\u0113ja svar\u012bgu notikumu p\u0113d\u0113jo gadu kult\u016bras pieminek\u013cu atjauno\u0161anas kontekst\u0101, \u012bpa\u0161i \u0146emot v\u0113r\u0101, ka ori\u0123in\u0101lais objekts tika zaud\u0113ts z\u0101dz\u012bbas rezult\u0101t\u0101. K\u0101 inform\u0113 port\u0101ls NRA, atjauno\u0161anas darbus veica R\u012bgas pieminek\u013cu a\u0123ent\u016bra p\u0113c R\u012bgas domes iniciat\u012bvas.<\/p>\n<p>Kri\u0161j\u0101nis Barons \u0161aj\u0101 nam\u0101, kas agr\u0101k bija paz\u012bstams k\u0101 D\u0101rtas iela 23a, dz\u012bvoja un str\u0101d\u0101ja no 1900. l\u012bdz 1909. gadam. \u0160is laika posms bija \u012bpa\u0161i noz\u012bm\u012bgs, jo tie\u0161i \u0161eit vi\u0146\u0161 pabeidza darbu pie pla\u0161\u0101 tautasdziesmu sak\u0101rtojuma \u2013 \u201cLatvju dain\u0101m\u201d, kas ir fundament\u0101la latvie\u0161u kult\u016bras v\u0113rt\u012bba un pirmais piln\u012bgais tautasdziesmu izdevums Barona k\u0101rtojum\u0101.<\/p>\n<p>Z\u0101dz\u012bba un Atjauno\u0161anas Nepiecie\u0161am\u012bba<\/p>\n<p>Pirms da\u017eiem gadiem \u0113kas fas\u0101di rot\u0101jus\u012b ori\u0123in\u0101l\u0101 piemi\u0146as z\u012bme, kas tika atkl\u0101ta 1985. gad\u0101 par godu Barona 150. jubilejai, tika nozagta. T\u0101 k\u0101 pl\u0101ksne bija izgatavota no div\u0101m mas\u012bv\u0101m bronzas da\u013c\u0101m, izplat\u012bt\u0101k\u0101 versija nor\u0101da, ka par noz\u0101dz\u012bbu atbild\u012bgi biju\u0161i met\u0101la tirgot\u0101ji. \u0160is notikums rad\u012bja robu \u0100genskalna kult\u016brv\u0113sturiskaj\u0101 ainav\u0101, jo pazuda noz\u012bm\u012bga atsauce uz Dainu t\u0113va kl\u0101tb\u016btni \u0161aj\u0101 viet\u0101.<\/p>\n<blockquote><p>\u201cKri\u0161j\u0101nis Barons ir un paliek viena no m\u016bsu tautas liel\u0101kaj\u0101m v\u0113rt\u012bb\u0101m \u2014 le\u0123enda un st\u016brakmens, uz kura balst\u0101s latvie\u0161u n\u0101cijas pa\u0161apzi\u0146a. God\u0101t \u0161\u0101dus di\u017egarus ir m\u016bsu sv\u0113ts pien\u0101kums\u2026\u201d<\/p><\/blockquote>\n<p>\u0160os v\u0101rdus pas\u0101kum\u0101 teica Pils\u0113tas \u012bpa\u0161uma komitejas priek\u0161s\u0113d\u0113t\u0101js Dainis Locis, uzsverot Barona noz\u012bmi un pateicoties iedz\u012bvot\u0101jiem, kas pirmie paman\u012bja pl\u0101ksnes pazu\u0161anu un nebija vienaldz\u012bgi.<\/p>\n<p>Jaun\u0101s Pl\u0101ksnes Koncepcija un Veidot\u0101ji<\/p>\n<p>Jaun\u0101s piemi\u0146as pl\u0101ksnes izgatavo\u0161an\u0101 tika iesaist\u012bti atbilsto\u0161i profesion\u0101\u013ci, lai nodro\u0161in\u0101tu gan m\u0101ksliniecisko kvalit\u0101ti, gan ilgm\u016b\u017e\u012bbu. Interesanti, ka jaun\u0101s pl\u0101ksnes skici izstr\u0101d\u0101ja t\u0113lnieks J\u0101nis Strupulis, kur\u0161 bija ar\u012b ori\u0123in\u0101l\u0101s, nozagto versijas, autors. \u0160\u012b saikne starp ori\u0123in\u0101lu un jauno versiju rada papildu v\u0113rt\u012bbu notikuma apmekl\u0113t\u0101jiem.<\/p>\n<p>\u0160oreiz tika pie\u0146emts l\u0113mums pl\u0101ksni izgatavot no pul\u0113ta gran\u012bta, uz kura nostiprin\u0101ts bronzas bareljefs. \u0160\u0101ds materi\u0101lu salikums sniedz vizu\u0101li izteiksm\u012bgu un notur\u012bgu risin\u0101jumu. Pl\u0101ksne ir papildin\u0101ta ar uzrakstiem latvie\u0161u un ang\u013cu valod\u0101, lai nodro\u0161in\u0101tu pla\u0161\u0101ku izpratni un atpaz\u012bstam\u012bbu starptautisk\u0101 m\u0113rog\u0101.<\/p>\n<p>Piedal\u012bj\u0101s Kult\u016bras Speci\u0101listi un M\u0101jas Iedz\u012bvot\u0101ji<\/p>\n<p>Atkl\u0101\u0161anas ceremonija bija apmekl\u0113ta ar noz\u012bm\u012bgu personu kl\u0101tb\u016btni, kas apliecin\u0101ja pas\u0101kuma svar\u012bgumu R\u012bgas kult\u016bras dz\u012bv\u0113. Pas\u0101kum\u0101 piedal\u012bj\u0101s Guntis Gail\u012btis, R\u012bgas Latvie\u0161u biedr\u012bbas priek\u0161s\u0113d\u0113t\u0101js, un Andris \u0112rglis, Kri\u0161j\u0101\u0146a Barona muzeja vad\u012bt\u0101js, uzsverot Barona mantojuma aktu\u0101lit\u0101ti. T\u0101pat kl\u0101teso\u0161a bija m\u0101jas \u012bpa\u0161nieku p\u0101rst\u0101ve El\u012bna Rudevi\u010da, kura pauda gandar\u012bjumu, ka bija iesp\u0113jams jauno pl\u0101ksni uzst\u0101d\u012bt v\u0113l \u0161ogad.<\/p>\n<blockquote><p>\u201c\u0160\u012b m\u0101ja nav st\u0101sts tikai par mums, kas taj\u0101 dz\u012bvo \u0161odien. T\u0101 ir dz\u012bva v\u0113stures liec\u012bba, kas joproj\u0101m ir kl\u0101teso\u0161a,\u201d<\/p><\/blockquote>\n<p>atz\u012bm\u0113ja Rudevi\u010das kundze. Muzik\u0101lu piesk\u0101rienu pas\u0101kumam sniedza izpild\u012bt\u0101ja Julg\u012b Stalte.<\/p>\n<p>Kri\u0161j\u0101\u0146a Barona Mantojums un R\u012bgas L\u012bdzdal\u012bba<\/p>\n<p>Kri\u0161j\u0101nis Barons (1835\u20131923) ir centr\u0101la fig\u016bra latvie\u0161u kult\u016bras kanon\u0101, ne tikai k\u0101 \u201cDainu t\u0113vs\u201d, bet ar\u012b k\u0101 jaunlatvie\u0161u kust\u012bbas dal\u012bbnieks un sabiedrisks darbinieks. Lai gan vi\u0146a pamatdarbs ir saist\u012bts ar dain\u0101m, vi\u0146\u0161 bija ar\u012b sabiedrisks publicists un rakstnieks. Latvij\u0101 ir vair\u0101kas vietas, kas saist\u012btas ar Barona dz\u012bvi, tostarp vi\u0146a memori\u0101lais dz\u012bvoklis-muzejs Kri\u0161j\u0101\u0146a Barona iel\u0101 3\u20135 un piemineklis V\u0113rmanes d\u0101rz\u0101.<\/p>\n<p>\u0160is Eduarda Smi\u013c\u0123a ielas nama atjaunojums ir svar\u012bgs solis, lai saglab\u0101tu un populariz\u0113tu zin\u0101\u0161anas par vietu, kur tapis liela da\u013ca \u201cLatvju dainu\u201d. Tiek cer\u0113ts, ka atjaunot\u0101 pl\u0101ksne kalpos k\u0101 past\u0101v\u012bgs aicin\u0101jums b\u0113rniem, jaunie\u0161iem un \u0123imen\u0113m uzzin\u0101t vair\u0101k par cilv\u0113ku, kur\u0161 tik b\u016btiski veidoja Latvijas gar\u012bgo telpu.<\/p>\n","protected":false},"excerpt":{"rendered":"Svin\u012bgs br\u012bdis P\u0101rdaugav\u0101: Atkl\u0101j Barona Atjaunoto Piemi\u0146as Pl\u0101ksni Piektdien, 19. decembr\u012b, R\u012bgas iedz\u012bvot\u0101ji un kult\u016bras darbinieki pulc\u0113j\u0101s pie&hellip;\n","protected":false},"author":2,"featured_media":81865,"comment_status":"","ping_status":"","sticky":false,"template":"","format":"standard","meta":{"footnotes":""},"categories":[12],"tags":[23,28,29,20637,20636,32,33,22,10568,30,31,35,39,38,36,37,34,40,20,20635,26,27,20638,24,25,21],"class_list":{"0":"post-81864","1":"post","2":"type-post","3":"status-publish","4":"format-standard","5":"has-post-thumbnail","7":"category-latvija","8":"tag-aktualitates","9":"tag-breaking-news","10":"tag-breakingnews","11":"tag-dainu-tevs","12":"tag-eduarda-smilga-iela-23a","13":"tag-featured-news","14":"tag-featurednews","15":"tag-headlines","16":"tag-krisjanis-barons","17":"tag-latest-news","18":"tag-latestnews","19":"tag-latvia","20":"tag-latvian","21":"tag-latviesu","22":"tag-latviesu-valoda","23":"tag-latviesuvaloda","24":"tag-latvija","25":"tag-lv","26":"tag-news","27":"tag-pieminas-plaksne","28":"tag-popularakas-zinas","29":"tag-popularakaszinas","30":"tag-rigas-pieminekli","31":"tag-top-stories","32":"tag-topstories","33":"tag-zinas"},"share_on_mastodon":{"url":"https:\/\/pubeurope.com\/@lv\/115757643485851360","error":""},"_links":{"self":[{"href":"https:\/\/www.europesays.com\/lv\/wp-json\/wp\/v2\/posts\/81864","targetHints":{"allow":["GET"]}}],"collection":[{"href":"https:\/\/www.europesays.com\/lv\/wp-json\/wp\/v2\/posts"}],"about":[{"href":"https:\/\/www.europesays.com\/lv\/wp-json\/wp\/v2\/types\/post"}],"author":[{"embeddable":true,"href":"https:\/\/www.europesays.com\/lv\/wp-json\/wp\/v2\/users\/2"}],"replies":[{"embeddable":true,"href":"https:\/\/www.europesays.com\/lv\/wp-json\/wp\/v2\/comments?post=81864"}],"version-history":[{"count":0,"href":"https:\/\/www.europesays.com\/lv\/wp-json\/wp\/v2\/posts\/81864\/revisions"}],"wp:featuredmedia":[{"embeddable":true,"href":"https:\/\/www.europesays.com\/lv\/wp-json\/wp\/v2\/media\/81865"}],"wp:attachment":[{"href":"https:\/\/www.europesays.com\/lv\/wp-json\/wp\/v2\/media?parent=81864"}],"wp:term":[{"taxonomy":"category","embeddable":true,"href":"https:\/\/www.europesays.com\/lv\/wp-json\/wp\/v2\/categories?post=81864"},{"taxonomy":"post_tag","embeddable":true,"href":"https:\/\/www.europesays.com\/lv\/wp-json\/wp\/v2\/tags?post=81864"}],"curies":[{"name":"wp","href":"https:\/\/api.w.org\/{rel}","templated":true}]}}