{"id":81870,"date":"2025-12-21T12:55:29","date_gmt":"2025-12-21T12:55:29","guid":{"rendered":"https:\/\/www.europesays.com\/lv\/81870\/"},"modified":"2025-12-21T12:55:29","modified_gmt":"2025-12-21T12:55:29","slug":"kalnciema-kvartals-aicina-uz-gimenisku-ziemassvetku-tirdzinu","status":"publish","type":"post","link":"https:\/\/www.europesays.com\/lv\/81870\/","title":{"rendered":"Kalnciema kvart\u0101ls aicina uz \u0123imenisku Ziemassv\u0113tku tirdzi\u0146u"},"content":{"rendered":"<p>            <img loading=\"lazy\" decoding=\"async\" class=\"size-thumbnail wp-image-3702780 skaties-content-image\" src=\"https:\/\/www.europesays.com\/lv\/wp-content\/uploads\/2025\/12\/110d-6944128bedc0e-672x504.jpg\" alt=\"\" width=\"672\" height=\"504\"  \/><\/p>\n<p>                Kalnciema Ziemassv\u0113tku tirdzi\u0146\u0161. FOTO: PUBLICIT\u0100TES FOTO<\/p>\n<p>Sestdien, 20. decembr\u012b l\u012bdz\u0101s Ziemassv\u0113tku tirgus norisei var\u0113s satikt \u201cDirty Deal Teatro\u201d komandu un ieg\u0101d\u0101ties bi\u013cetes uz janv\u0101ra un febru\u0101ra te\u0101tra izr\u0101d\u0113m. Lai aicin\u0101jumu uz te\u0101tri padar\u012btu par jauku d\u0101vanu Ziemassv\u0113tkos, bi\u013cetes var\u0113s iesai\u0146ot \u012bpa\u0161\u0101s aploksn\u0113s. Bez iesp\u0113jas iepaz\u012bties ar \u201cDirty Deal Teatro\u201d repertu\u0101ru, tirgus apmekl\u0113t\u0101ji tiks aicin\u0101ti piedal\u012bties iesaisto\u0161\u0101s aktivit\u0101t\u0113s.<\/p>\n<p>Tikm\u0113r uz Kalnciema kvart\u0101la pagalma skatuves ar skan\u012bgiem koncertiem uzst\u0101sies veselas se\u0161as b\u0113rnu un jaunie\u0161u folkoras un vok\u0101l\u0101s kopas. Pulksten 11 R\u012bgas Kult\u016bru vidusskolas folkloras kopa \u201cKrulla\u201d, pulksten 11.30 b\u0113rnu studija \u201cKukai\u0146i\u201d, pulksten 12.30 b\u0113rnu estr\u0101des studija \u201cKukuragi\u201d, pulksten 13 le\u0123end\u0101r\u0101 vok\u0101l\u0101 studija \u201cKn\u012bpas un knau\u0137i\u201d, pulksten 14 vok\u0101lais ansamblis \u201cKarameles\u201d, pulksten 14.45 b\u0113rnu estr\u0101des studija \u201cKukuragi\u201d, bet pulksten 15.30 \u2013 folkloras kopa \u201cOgl\u012bte\u201d.<\/p>\n<p>            <img loading=\"lazy\" decoding=\"async\" class=\"size-thumbnail wp-image-3702781 skaties-content-image\" src=\"https:\/\/www.europesays.com\/lv\/wp-content\/uploads\/2025\/12\/dd4f-694412b30c3b3-672x448.jpg\" alt=\"\" width=\"672\" height=\"448\"  \/><\/p>\n<p>                Kalnciema Ziemassv\u0113tku tirdzi\u0146\u0161. FOTO: PUBLICIT\u0100TES FOTO<\/p>\n<p>Ierasti Kalnciema kvart\u0101la tirgus norisin\u0101s tikai sestdien\u0101s, ta\u010du \u0161aj\u0101 sv\u0113tdien\u0101, 21. decembr\u012b, Kalnciema kvart\u0101ls aicina uz \u012bpa\u0161o Ziemassv\u0113tku tirgu no pulksten 10 l\u012bdz 16. Paral\u0113li tirgum pie dizaina studijas \u201cBourzma\u201d ikviens var\u0113s izgatavot savu \u012bpa\u0161o maisi\u0146u sietspiedes tehnik\u0101, sietspiede b\u016bs bez maksas, 5 eiro, ja p\u0113rk maisi\u0146u uz vietas.<\/p>\n<p class=\"ad-desc ad-desc-main\">Saturs turpin\u0101s p\u0113c rekl\u0101mas<\/p>\n<p class=\"ad-desc ad-desc-sec\">Rekl\u0101ma<\/p>\n<p>20. un 21. decembr\u012b tirg\u016b vienkopus pulc\u0113sies vair\u0101ki Latvijas amatnieki, tostarp \u201cGardenia Eco\u201d Vecpiebalgas sve\u010du veikals ar dab\u012bg\u0101 vaska svec\u0113m un \u201cWild and Warm\u201d ar svec\u0113m no sojas vaska, \u201cJautaka Baltic art\u201d ar m\u0101kslinieces no \u0100genskalna darin\u0101t\u0101m \u0101das som\u0101m un aksesu\u0101riem, un \u201cHEBE\u201d ar siltu un m\u012bkstu ap\u0123\u0113rbu b\u0113rniem, ra\u017eotu no 90% organiskas kokvilnas.<\/p>\n<p>            <img loading=\"lazy\" decoding=\"async\" class=\"size-thumbnail wp-image-3702782 skaties-content-image\" src=\"https:\/\/www.europesays.com\/lv\/wp-content\/uploads\/2025\/12\/d442-694412d29c4da-672x448.jpg\" alt=\"\" width=\"672\" height=\"448\"  \/><\/p>\n<p>                Kalnciema Ziemassv\u0113tku tirdzi\u0146\u0161. FOTO: PUBLICIT\u0100TES FOTO<\/p>\n<p>T\u0101pat b\u016bs sastopami \u0101genskalnie\u0161i \u201cWrap it wrapper\u201d, kas atved\u012bs bi\u0161u vaska dr\u0101ni\u0146as, d\u0101vanu iesai\u0146ojumus un maizes turzas, Agnese Kalve ar apgleznotu keramiku, \u201cKolibri ad\u012bjumi\u201d ar m\u012bkstiem moh\u0113ras d\u017eemperiem, \u201ccelles.lv\u201d ar jostu, priev\u012b\u0161u un gr\u0101matz\u012bmju au\u0161anas komplektiem un daudzi citi Ziemassv\u0113tku d\u0101vanu autori.<\/p>\n<p>Tirg\u016b b\u016bs atrodami ar\u012b viet\u0113jo zemnieku un m\u0101jra\u017eot\u0101ju gardumi \u2013 malkas kr\u0101sn\u012b cepta maize, ka\u0146epju \u0161okol\u0101de, prie\u017eu \u010diekuru s\u012brupi, irbe\u0146u sulas un citi ziemas superprodukti. \u0160eit b\u016bs iesp\u0113jams ieg\u0101d\u0101ties ar\u012b kupl\u0101ko egl\u012bti no \u201ce-glites.lv\u201d un sasild\u012bties ar k\u016bpo\u0161u dz\u0113rienu kr\u016bz\u0113, bet 19. gs. koka m\u0101jas kafejn\u012bc\u0101 \u2013 nogar\u0161ot p\u0113c Kalnciema kvart\u0101la recept\u0113m gatavotu karstv\u012bnu no It\u0101lijas Markes re\u0123iona v\u012bniem un baud\u012bt l\u0113nu kop\u0101 b\u016b\u0161anu.<\/p>\n<p>            <img loading=\"lazy\" decoding=\"async\" class=\"size-thumbnail wp-image-3702785 skaties-content-image\" src=\"https:\/\/www.europesays.com\/lv\/wp-content\/uploads\/2025\/12\/1fc3-694412f2d27c3-672x505.jpg\" alt=\"\" width=\"672\" height=\"505\"  \/><\/p>\n<p>                Kalnciema Ziemassv\u0113tku tirdzi\u0146\u0161. FOTO: PUBLICIT\u0100TES FOTO<\/p>\n<p>Savuk\u0101rt Laikmet\u012bg\u0101s keramikas pop-up tirdzi\u0146\u0161 galerij\u0101 pied\u0101v\u0101 izcilu Latvijas keramikas izlasi \u2013 da\u017e\u0101dos rokrakstos, tehnik\u0101s un form\u0101s rad\u012btas lietas un m\u0101kslas priek\u0161metus, kurus var gan apl\u016bkot, gan aptaust\u012bt un piemekl\u0113t k\u0101 d\u0101vanu sev vai tuvajiem.<\/p>\n<p>Vair\u0101k un aktu\u0101l\u0101 inform\u0101cija www.kalnciemaiela.lv.<\/p>\n<p class=\"tv3-fw-500\">Zi\u0146o par k\u013c\u016bdu rakst\u0101<\/p>\n<p class=\"d-md-block d-none\">Iez\u012bm\u0113 k\u013c\u016bdaino tekstu un spied Ctrl+Enter.<\/p>\n<p class=\"d-md-none d-block\">Iez\u012bm\u0113 k\u013c\u016bdaino tekstu un zi\u0146o par to!<\/p>\n","protected":false},"excerpt":{"rendered":"Kalnciema Ziemassv\u0113tku tirdzi\u0146\u0161. FOTO: PUBLICIT\u0100TES FOTO Sestdien, 20. decembr\u012b l\u012bdz\u0101s Ziemassv\u0113tku tirgus norisei var\u0113s satikt \u201cDirty Deal Teatro\u201d&hellip;\n","protected":false},"author":2,"featured_media":81871,"comment_status":"","ping_status":"","sticky":false,"template":"","format":"standard","meta":{"footnotes":""},"categories":[12],"tags":[23,28,29,32,33,22,20642,30,31,35,39,38,36,37,34,40,20,26,27,24,25,21],"class_list":{"0":"post-81870","1":"post","2":"type-post","3":"status-publish","4":"format-standard","5":"has-post-thumbnail","7":"category-latvija","8":"tag-aktualitates","9":"tag-breaking-news","10":"tag-breakingnews","11":"tag-featured-news","12":"tag-featurednews","13":"tag-headlines","14":"tag-idejas-brivdienamkalnciema-kvartalsziemassvetkiziemassvetku-tirdzins","15":"tag-latest-news","16":"tag-latestnews","17":"tag-latvia","18":"tag-latvian","19":"tag-latviesu","20":"tag-latviesu-valoda","21":"tag-latviesuvaloda","22":"tag-latvija","23":"tag-lv","24":"tag-news","25":"tag-popularakas-zinas","26":"tag-popularakaszinas","27":"tag-top-stories","28":"tag-topstories","29":"tag-zinas"},"share_on_mastodon":{"url":"https:\/\/pubeurope.com\/@lv\/115757667383693021","error":""},"_links":{"self":[{"href":"https:\/\/www.europesays.com\/lv\/wp-json\/wp\/v2\/posts\/81870","targetHints":{"allow":["GET"]}}],"collection":[{"href":"https:\/\/www.europesays.com\/lv\/wp-json\/wp\/v2\/posts"}],"about":[{"href":"https:\/\/www.europesays.com\/lv\/wp-json\/wp\/v2\/types\/post"}],"author":[{"embeddable":true,"href":"https:\/\/www.europesays.com\/lv\/wp-json\/wp\/v2\/users\/2"}],"replies":[{"embeddable":true,"href":"https:\/\/www.europesays.com\/lv\/wp-json\/wp\/v2\/comments?post=81870"}],"version-history":[{"count":0,"href":"https:\/\/www.europesays.com\/lv\/wp-json\/wp\/v2\/posts\/81870\/revisions"}],"wp:featuredmedia":[{"embeddable":true,"href":"https:\/\/www.europesays.com\/lv\/wp-json\/wp\/v2\/media\/81871"}],"wp:attachment":[{"href":"https:\/\/www.europesays.com\/lv\/wp-json\/wp\/v2\/media?parent=81870"}],"wp:term":[{"taxonomy":"category","embeddable":true,"href":"https:\/\/www.europesays.com\/lv\/wp-json\/wp\/v2\/categories?post=81870"},{"taxonomy":"post_tag","embeddable":true,"href":"https:\/\/www.europesays.com\/lv\/wp-json\/wp\/v2\/tags?post=81870"}],"curies":[{"name":"wp","href":"https:\/\/api.w.org\/{rel}","templated":true}]}}